{"id":5405,"date":"2019-12-17T14:59:12","date_gmt":"2019-12-17T13:59:12","guid":{"rendered":"https:\/\/www.appartement-construction.com\/content\/?p=5405"},"modified":"2020-02-10T12:21:19","modified_gmt":"2020-02-10T11:21:19","slug":"stradim","status":"publish","type":"post","link":"https:\/\/www.appartement-construction.com\/content\/promoteurs\/stradim","title":{"rendered":"Stradim &#8211; Pr\u00e9sentation d&rsquo;un Promoteur Alsacien Engag\u00e9"},"content":{"rendered":"\n<p class=\"p1\"><span class=\"s1\">Vous cherchez un promoteur en Alsace\u2009? Stradim se distingue par sa volont\u00e9 de proposer aux acqu\u00e9reurs des programmes immobiliers de qualit\u00e9, innovants et prenant en compte les probl\u00e9matiques de d\u00e9veloppement durable. Que vous choisissiez une r\u00e9sidence intimiste ou plus grande, ses \u00e9quipes vous accompagnent tout au long de votre projet. Vous co-concevez avec elles votre logement. <strong>Le groupe r\u00e9alise des appartements dans toute la France, mais l\u2019Alsace est son march\u00e9 historique<\/strong>. Voici une s\u00e9lection de programmes en cours et livr\u00e9s dans la r\u00e9gion. <\/span><\/p>\n\n\n\n<!--more-->\n\n\n\n<h2 class=\"p1 wp-block-heading\"><span class=\"s1\"><b>Pr\u00e9sentation de Stradim <\/b><\/span><\/h2>\n\n\n\n<div style=\"height:40px\" aria-hidden=\"true\" class=\"wp-block-spacer\"><\/div>\n\n\n\n<h3 class=\"p3 wp-block-heading\"><span class=\"s1\">Une entreprise alsacienne <\/span><\/h3>\n\n\n\n<p class=\"p3\"><span class=\"s1\"><strong>Fond\u00e9 en 1990<\/strong> sous l\u2019impulsion de R\u00e9mi Hagenbach, <strong><a href=\"https:\/\/www.stradim.fr\">Stradim<\/a><\/strong> est un promoteur immobilier sp\u00e9cialis\u00e9 dans la construction de logements collectifs. Il s\u2019est rapidement impos\u00e9 comme <b>un expert dans l\u2019acquisition du foncier et comme un promoteur constructeur rigoureux et audacieux<\/b>. Ce positionnement lui a permis de devenir une r\u00e9f\u00e9rence majeure et ind\u00e9pendante dans sa r\u00e9gion, mais aussi sur le plan national. <\/span><\/p>\n\n\n\n<h3 class=\"p3 wp-block-heading\"><span class=\"s1\">Un promoteur constructeur talentueux<\/span><\/h3>\n\n\n\n<p class=\"p3\"><span class=\"s1\">De <b>la petite r\u00e9sidence intimiste \u00e0 de grands ensembles urbains<\/b>, Stradim dispose d\u2019une organisation lui permettant de mettre en place des projets de diff\u00e9rentes tailles. Il en ma\u00eetrise chaque \u00e9tape, de la recherche de l\u2019adresse \u00e0 la livraison des biens aux clients. <\/span><\/p>\n\n\n\n<div class=\"wp-block-image\"><figure class=\"aligncenter size-large\"><img loading=\"lazy\" decoding=\"async\" width=\"567\" height=\"393\" src=\"https:\/\/www.appartement-construction.com\/content\/wp-content\/uploads\/2019\/12\/stradim-huron6.jpg\" alt=\"Stradim promoteur Alsace Parc Huron Illkirch Graffenstaden\" class=\"wp-image-5425\" \/><figcaption>Parc Huron<\/figcaption><\/figure><\/div>\n\n\n\n<h3 class=\"p3 wp-block-heading\"><span class=\"s1\">Un groupe c\u00f4t\u00e9 en bourse<\/span><\/h3>\n\n\n\n<p class=\"p3\"><span class=\"s1\"><strong>C\u00f4t\u00e9 en bourse<\/strong> depuis 2000, Stradim a ouvert son capital \u00e0 hauteur de 20\u00a0%<\/span>. La progression du cours de l&rsquo;action et des \u00e9tats financiers sont le reflet de la belle croissance du group<span class=\"s1\">e sur ses march\u00e9s.<\/span><\/p>\n\n\n\n<h3 class=\"p3 wp-block-heading\"><span class=\"s1\">Un promoteur multir\u00e9gional de r\u00e9f\u00e9rence<\/span><\/h3>\n\n\n\n<p class=\"p3\"><span class=\"s1\">Depuis 1996, Stradim poursuit son d\u00e9veloppement en dupliquant son mode d\u2019organisation dans plusieurs r\u00e9gions de France. En effet, le groupe a acquis des soci\u00e9t\u00e9s solides dans <b>l\u2019Est parisien, \u00e0 Nantes ou encore \u00e0 Toulouse<\/b>. Ainsi, ses \u00e9quipes dirigent les op\u00e9rations depuis le si\u00e8ge social \u00e0 Entzheim et <strong>les agences de Metz, Troyes, Melun, Nantes et Toulouse<\/strong>.<\/span><\/p>\n\n\n\n<h3 class=\"p3 wp-block-heading\"><span class=\"s1\">Une \u00e9quipe impliqu\u00e9e dans la vie locale et l\u2019humanitaire<\/span><\/h3>\n\n\n\n<p class=\"p3\"><span class=\"s1\">Si Stradim op\u00e8re d\u00e9sormais dans toute la France, elle est avant tout <b>une entreprise alsacienne qui s\u2019implique dans la vie de sa r\u00e9gion d\u2019origine<\/b>. <\/span><\/p>\n\n\n\n<p class=\"p3\"><span class=\"s1\">En effet, la soci\u00e9t\u00e9 est p<strong>artenaire de nombreux <a href=\"https:\/\/www.stradim.fr\/actualites\/lancement-de-la-nouvelle-saison-lespace-django\" target=\"_blank\" rel=\"noreferrer noopener\" aria-label=\" (opens in a new tab)\"><span class=\"s2\">lieux<\/span><\/a> et \u00e9v\u00e9nements culturels ou sportifs locaux<\/strong>. Par exemple, dans le cadre du OFF du festival des cultures urbaines (le NL Constest), elle finance la customisation de 5 boitiers \u00e9lectriques par des street artistes (<a href=\"https:\/\/strasbourg.streetartmap.eu\/categorie\/colors\/\" target=\"_blank\" rel=\"noreferrer noopener\" aria-label=\" (opens in a new tab)\"><span class=\"s2\">projet Colors<\/span><\/a>). Elle est aussi partenaire de la <a href=\"https:\/\/sigstrasbourg.fr\/\"><span class=\"s2\">SIG Strasbourg<\/span><\/a>.<\/span><\/p>\n\n\n\n<div class=\"wp-block-image\"><figure class=\"aligncenter size-large\"><img loading=\"lazy\" decoding=\"async\" width=\"567\" height=\"426\" src=\"https:\/\/www.appartement-construction.com\/content\/wp-content\/uploads\/2019\/12\/stradim-stom500.jpg\" alt=\"Stradim festival des cultures urbaines\" class=\"wp-image-5409\" \/><\/figure><\/div>\n\n\n\n<p class=\"p3\"><span class=\"s1\">Par ailleurs, Stradim soutient <b>des actions humanitaires<\/b>. Ainsi, la mise en place de panneaux solaires dans le village de Watakame par l\u2019association Action et Partage humanitaire <a href=\"https:\/\/www.acpahu.fr\/\" target=\"_blank\" rel=\"noreferrer noopener\" aria-label=\" (opens in a new tab)\"><span class=\"s2\">Acpahu<\/span><\/a> a re\u00e7u un don de M.&nbsp;Hagenbach. <\/span><\/p>\n\n\n\n<h3 class=\"p3 wp-block-heading\"><span class=\"s1\">Des r\u00e9sidences int\u00e9gr\u00e9es dans leur environnement <\/span><\/h3>\n\n\n\n<p class=\"p3\"><span class=\"s1\">Le promoteur constructeur veille \u00e0 ce que tous <b>ses programmes soient<\/b> <b>harmonieusement int\u00e9gr\u00e9s \u00e0 leur environnement<\/b>. Le choix des adresses est fait avec soin, la proximit\u00e9 des transports, des \u00e9coles et de toutes les infrastructures indispensables est assur\u00e9e. La vie au quotidien des futurs propri\u00e9taires ou locataires est garantie de qualit\u00e9. <\/span><\/p>\n\n\n\n<h3 class=\"p3 wp-block-heading\"><span class=\"s1\">Des constructions durables<\/span><\/h3>\n\n\n\n<p class=\"p3\"><span class=\"s1\">Par ailleurs, l\u2019entreprise s\u2019engage depuis des ann\u00e9es en mati\u00e8re de d\u00e9veloppement durable. Toutes ses constructions sont en <b>BBC depuis 2011<\/b> et aujourd\u2019hui en <b>RT&nbsp;2012<\/b>. Elles sont certifi\u00e9es par un certificateur ext\u00e9rieur ind\u00e9pendant. <\/span><\/p>\n\n\n\n<p class=\"p3\"><span class=\"s1\">De plus, il faut noter que Stradim va m\u00eame au-del\u00e0 de ces exigences pour certaines de ses nouvelles r\u00e9sidences. En effet, les r\u00e9alisations du <a rel=\"noreferrer noopener\" aria-label=\"Parc de l\u2019Europe (opens in a new tab)\" href=\"https:\/\/www.stradim.fr\/programmes\/strasbourg\/parc-de-leurope\" target=\"_blank\">Parc de l\u2019Europe<\/a> et <a rel=\"noreferrer noopener\" aria-label=\"Les Pavillons de Jos\u00e9phine  (opens in a new tab)\" href=\"https:\/\/www.stradim.fr\/programmes\/strasbourg\/les-pavillons-de-josephine\" target=\"_blank\">Les Pavillons de Jos\u00e9phine <\/a>\u00e0 Strasbourg sont \u00e0 <a rel=\"noreferrer noopener\" aria-label=\" (opens in a new tab)\" href=\"https:\/\/www.quelleenergie.fr\/economies-energie\/eco-travaux\/batiments-energie-positive\" target=\"_blank\"><span class=\"s2\"><b>\u00e9nergie positive<\/b><\/span><\/a><b> (label BEPOS-Effinergie)<\/b>. Cela signifie que les b\u00e2timents consomment moins d\u2019\u00e9nergie primaire qu\u2019ils ne produisent d\u2019\u00e9nergie renouvelable. Les tr\u00e8s faibles besoins \u00e9nerg\u00e9tiques sont couverts par une production d\u2019\u00e9nergie embarqu\u00e9e.<\/span><\/p>\n\n\n\n<div class=\"wp-block-image\"><figure class=\"aligncenter size-large\"><img loading=\"lazy\" decoding=\"async\" width=\"567\" height=\"332\" src=\"https:\/\/www.appartement-construction.com\/content\/wp-content\/uploads\/2019\/12\/stradim-parc-europe1.jpg\" alt=\"Stradim construction BEPOS \u00e9nergie positive\" class=\"wp-image-5410\" \/><figcaption>Parc de l&rsquo;Europe<\/figcaption><\/figure><\/div>\n\n\n\n<div class=\"wp-block-image\"><figure class=\"aligncenter size-large\"><img loading=\"lazy\" decoding=\"async\" width=\"567\" height=\"400\" src=\"https:\/\/www.appartement-construction.com\/content\/wp-content\/uploads\/2019\/12\/stradim-pavillon-jose\u0301phine-strasbourg.jpg\" alt=\"Stradim construction BEPOS Strasbourg \" class=\"wp-image-5426\" srcset=\"https:\/\/www.appartement-construction.com\/content\/wp-content\/uploads\/2019\/12\/stradim-pavillon-jose\u0301phine-strasbourg.jpg 567w, https:\/\/www.appartement-construction.com\/content\/wp-content\/uploads\/2019\/12\/stradim-pavillon-jose\u0301phine-strasbourg-370x260.jpg 370w\" sizes=\"auto, (max-width: 567px) 100vw, 567px\" \/><figcaption>Les Pavillons de Jos\u00e9phine<\/figcaption><\/figure><\/div>\n\n\n\n<p class=\"p3\"><span class=\"s1\">Toutes les constructions neuves dont la demande de permis de construire sera d\u00e9pos\u00e9e \u00e0 partir de la fin&nbsp;2020 devront r\u00e9pondre \u00e0 ces exigences. <strong>Mais Stradim offre d\u00e9j\u00e0 ces avantages \u00e0 ses clients.<\/strong><\/span><\/p>\n\n\n\n<h3 class=\"p3 wp-block-heading\"><span class=\"s1\">Un accompagnement personnalis\u00e9<\/span><\/h3>\n\n\n\n<p class=\"p3\"><span class=\"s1\">Les clients b\u00e9n\u00e9ficient de conseils avis\u00e9s et d\u2019un accompagnement personnalis\u00e9 \u00e0 chaque \u00e9tape de leur projet d\u2019achat. <b>Plus de 100 collaborateurs<\/b> sont \u00e0 leur disposition&nbsp;: architectes, conseillers commerciaux, d\u00e9veloppeurs fonciers. Ils ont acc\u00e8s \u00e0 toutes les expertises.<\/span><\/p>\n\n\n\n<h3 class=\"p3 wp-block-heading\"><span class=\"s1\">Des logements co-con\u00e7us avec les clients<\/span><\/h3>\n\n\n\n<p class=\"p3\"><span class=\"s1\">Depuis plus de 20 ans, Stradim met en avant <strong>son programme de conception participative des logements<\/strong>. L\u2019am\u00e9nagement int\u00e9rieur des biens est personnalisable. Il doit r\u00e9pondre aux besoins sp\u00e9cifiques et aux go\u00fbts de chaque acheteur. <\/span><\/p>\n\n\n\n<figure class=\"wp-block-gallery columns-2 is-cropped wp-block-gallery-1 is-layout-flex wp-block-gallery-is-layout-flex\"><ul class=\"blocks-gallery-grid\"><li class=\"blocks-gallery-item\"><figure><img loading=\"lazy\" decoding=\"async\" width=\"567\" height=\"410\" src=\"https:\/\/www.appartement-construction.com\/content\/wp-content\/uploads\/2019\/12\/stradim-schiltigheim4.jpg\" alt=\"\" data-id=\"5423\" data-full-url=\"https:\/\/www.appartement-construction.com\/content\/wp-content\/uploads\/2019\/12\/stradim-schiltigheim4.jpg\" data-link=\"https:\/\/www.appartement-construction.com\/content\/?attachment_id=5423\" class=\"wp-image-5423\" \/><\/figure><\/li><li class=\"blocks-gallery-item\"><figure><img loading=\"lazy\" decoding=\"async\" width=\"567\" height=\"383\" src=\"https:\/\/www.appartement-construction.com\/content\/wp-content\/uploads\/2019\/12\/stradim-schiltigheim5.jpg\" alt=\"\" data-id=\"5424\" data-full-url=\"https:\/\/www.appartement-construction.com\/content\/wp-content\/uploads\/2019\/12\/stradim-schiltigheim5.jpg\" data-link=\"https:\/\/www.appartement-construction.com\/content\/?attachment_id=5424\" class=\"wp-image-5424\" \/><\/figure><\/li><\/ul><\/figure>\n\n\n\n<h2 class=\"p1 wp-block-heading\"><span class=\"s1\"><b>Zoom sur un programme en cours Stradim<\/b><\/span><\/h2>\n\n\n\n<div style=\"height:40px\" aria-hidden=\"true\" class=\"wp-block-spacer\"><\/div>\n\n\n\n<pre>&nbsp;<\/pre>\n\n\n\n<h3 class=\"p3 wp-block-heading\"><span class=\"s1\">Le Parc Huron \u00e0 Illkirch-Graffenstaden<\/span><\/h3>\n\n\n\n<div style=\"height:40px\" aria-hidden=\"true\" class=\"wp-block-spacer\"><\/div>\n\n\n\n<h4 class=\"wp-block-heading\"><span class=\"s1\">Une adresse d\u2019exception en centre-ville<\/span><\/h4>\n\n\n\n<p>Illkirch-Graffenstaden (situ\u00e9e en p\u00e9riph\u00e9rie sud de Strasbourg) est en pleine reconfiguration de son centre-ville. D\u00e8s lors, le d\u00e9m\u00e9nagement de l\u2019entreprise Huron, sis en plein c\u0153ur de l\u2019agglom\u00e9ration est une vraie opportunit\u00e9 pour achever sa restructuration. En effet, l\u2019espace lib\u00e9r\u00e9 constitue un emplacement strat\u00e9gique qui va accueillir un tout nouveau quartier avec des habitations, un parc, des lieux de d\u00e9tente au bord de l\u2019eau, etc.<\/p>\n\n\n\n<p>C\u00f4t\u00e9 construction, c\u2019est le promoteur Stradim qui a \u00e9t\u00e9 choisi. Il va y r\u00e9aliser <strong>un programme immobilier d\u2019envergure : 400 logements sur 6 b\u00e2timents (dont 35% en social), des commerces et un parking d\u2019une centaine de places.<\/strong><\/p>\n\n\n\n<h4 class=\"wp-block-heading\">Les prestations<\/h4>\n\n\n\n<p>Situ\u00e9e entre la rivi\u00e8re l\u2019Ill, des abords bois\u00e9s et le centre-ville, <a rel=\"noreferrer noopener\" aria-label=\"la r\u00e9sidence Parc Huron (opens in a new tab)\" href=\"https:\/\/www.stradim.fr\/programmes\/illkirch\/parc-huron\" target=\"_blank\">la r\u00e9sidence Parc Huron<\/a> offre \u00e0 ses habitants un cadre de vie de qualit\u00e9. Tout y est \u00e0 port\u00e9e de main. Les appartements, du T1 au T6 pr\u00e9sentent de belles ouvertures vers l\u2019ext\u00e9rieur (balcons, terrasses, jardins privatifs) et des pi\u00e8ces lumineuses et fonctionnelles. Par ailleurs, l\u2019am\u00e9nagement int\u00e9rieur des logements est totalement personnalisable selon le principe de la conception participative. <\/p>\n\n\n\n<p>Un <strong>T1 de 36m2 avec une terrasse de 11m2 est \u00e0 162\u2009000 \u20ac<\/strong>, un <strong>T4 de 80,7 m<span style=\"font-size: inherit\" class=\"s3\"><sup>2<\/sup><\/span><span style=\"font-size: inherit\" class=\"s1\"> avec une terrasse de 25,45&nbsp;m<\/span><span style=\"font-size: inherit\" class=\"s3\"><sup>2<\/sup><\/span><span style=\"font-size: inherit\" class=\"s1\"> est \u00e0 271\u2009000 \u20ac<\/span><\/strong><span style=\"font-size: inherit\" class=\"s1\">. <\/span><br><span style=\"font-size: inherit\" class=\"s1\">La livraison est pr\u00e9vue pour le 4e trimestre 2022.<\/span><\/p>\n\n\n\n<h4 class=\"wp-block-heading\">Une construction durable<\/h4>\n\n\n\n<p>Pour limiter la consommation en \u00e9nergie, <strong>la conception bioclimatique du b\u00e2timent<\/strong> permet de favoriser les apports solaires et l\u2019\u00e9clairage naturel.<br>Par ailleurs, la production de chaleur fait appel \u00e0 l\u2019\u00e9nergie renouvelable ou de r\u00e9cup\u00e9ration :<br>&#8211; La chaudi\u00e8re \u00e0 condensation est aliment\u00e9e en partie par du biom\u00e9thane<br>&#8211; La production de chauffage est assur\u00e9 par des pompes \u00e0 chaleur gaz \u00e0 absorption avec r\u00e9cup\u00e9ration sur l\u2019eau de la nappe phr\u00e9atique.<br><br><strong>Le chauffage dans les logements se fait par aquathermie<\/strong> avec un plancher chauffant hydraulique \u00e0 basse temp\u00e9rature et rafraichissant en \u00e9t\u00e9 (en option).<\/p>\n\n\n\n<figure class=\"wp-block-gallery columns-2 is-cropped wp-block-gallery-2 is-layout-flex wp-block-gallery-is-layout-flex\"><ul class=\"blocks-gallery-grid\"><li class=\"blocks-gallery-item\"><figure><img loading=\"lazy\" decoding=\"async\" width=\"567\" height=\"401\" src=\"https:\/\/www.appartement-construction.com\/content\/wp-content\/uploads\/2019\/12\/stradim-huron2.jpg\" alt=\"\" data-id=\"5411\" data-full-url=\"https:\/\/www.appartement-construction.com\/content\/wp-content\/uploads\/2019\/12\/stradim-huron2.jpg\" data-link=\"https:\/\/www.appartement-construction.com\/content\/?attachment_id=5411\" class=\"wp-image-5411\" \/><\/figure><\/li><li class=\"blocks-gallery-item\"><figure><img loading=\"lazy\" decoding=\"async\" width=\"567\" height=\"286\" src=\"https:\/\/www.appartement-construction.com\/content\/wp-content\/uploads\/2019\/12\/stradim-huron3.jpg\" alt=\"\" data-id=\"5412\" data-full-url=\"https:\/\/www.appartement-construction.com\/content\/wp-content\/uploads\/2019\/12\/stradim-huron3.jpg\" data-link=\"https:\/\/www.appartement-construction.com\/content\/?attachment_id=5412\" class=\"wp-image-5412\" \/><\/figure><\/li><li class=\"blocks-gallery-item\"><figure><img loading=\"lazy\" decoding=\"async\" width=\"567\" height=\"378\" src=\"https:\/\/www.appartement-construction.com\/content\/wp-content\/uploads\/2019\/12\/stradim-huron4.jpg\" alt=\"\" data-id=\"5413\" data-full-url=\"https:\/\/www.appartement-construction.com\/content\/wp-content\/uploads\/2019\/12\/stradim-huron4.jpg\" data-link=\"https:\/\/www.appartement-construction.com\/content\/?attachment_id=5413\" class=\"wp-image-5413\" \/><\/figure><\/li><\/ul><\/figure>\n\n\n\n<h2 class=\"p1 wp-block-heading\"><span class=\"s1\"><b>Derniers programmes Stradim livr\u00e9s <\/b><\/span><\/h2>\n\n\n\n<div style=\"height:40px\" aria-hidden=\"true\" class=\"wp-block-spacer\"><\/div>\n\n\n\n<h3 class=\"p3 wp-block-heading\"><span class=\"s1\">Urban Side &amp; Factory \u00e0 Schiltigheim<\/span><\/h3>\n\n\n\n<div style=\"height:40px\" aria-hidden=\"true\" class=\"wp-block-spacer\"><\/div>\n\n\n\n<h4 class=\"wp-block-heading\"><span class=\"s1\">Schiltigheim, \u00e0 5 min du centre historique de Strasbourg<\/span><\/h4>\n\n\n\n<p>Avec 31\u2009000 habitants, <strong>Schiltigheim, est la 2e ville de l\u2019Eurom\u00e9tropole et la 3e du Bas-Rhin<\/strong>. La production de bi\u00e8re a \u00e9t\u00e9 longtemps sa principale activit\u00e9 (Heineken y si\u00e8ge toujours). Depuis, elle s\u2019est tourn\u00e9e vers l\u2019avenir et l\u2019innovation avec notamment le P\u00f4le europ\u00e9en de l\u2019entreprise.<br><strong>De nombreux sites industriels et d\u2019anciennes brasseries laissent actuellement la place \u00e0 des programmes immobiliers<\/strong>.<\/p>\n\n\n\n<h4 class=\"wp-block-heading\">Un site historique pour une r\u00e9sidence contemporaine<\/h4>\n\n\n\n<p>En septembre 2019 avait lieu la soir\u00e9e d\u2019inauguration de l\u2019appartement t\u00e9moin de la r\u00e9sidence <a rel=\"noreferrer noopener\" aria-label=\"Urban Side &amp; Factory  (opens in a new tab)\" href=\"https:\/\/www.stradim.fr\/programmes\/schiltigheim\/urban-side-factory-0\" target=\"_blank\">Urban Side &amp; Factory <\/a>avec des blogueurs strasbourgeois. Ce fut l\u2019occasion de rappeler l\u2019histoire du site : <strong>l\u2019ancienne friche industrielle Quiri dont la halle a \u00e9t\u00e9 en partie conserv\u00e9e.<\/strong> Structure en m\u00e9tal, pignon en gr\u00e8s des Vosges, le nouveau b\u00e2timent int\u00e8gre harmonieusement le squelette m\u00e9tallique d\u2019origine.<\/p>\n\n\n\n<h4 class=\"wp-block-heading\">Une architecture prim\u00e9e<\/h4>\n\n\n\n<p>L\u2019architecture de la r\u00e9sidence con\u00e7ue par <a aria-label=\" (opens in a new tab)\" rel=\"noreferrer noopener\" target=\"_blank\" href=\"https:\/\/www.schweitzer-associes.com\/\"><span class=\"s2\">Patrick Schweitzer &amp; Associ\u00e9s<\/span><\/a><span style=\"font-size: inherit\"> a re\u00e7u le Rose Gold au <\/span><span class=\"s2\"><a aria-label=\"Muse Design Awards (opens in a new tab)\" rel=\"noreferrer noopener\" target=\"_blank\" href=\"https:\/\/design.museaward.com\/\">Muse Design Awards<\/a><\/span><span style=\"font-size: inherit\">&nbsp;2019 ainsi que <strong>le prix des \u00c9tudiants de l\u2019\u00c9cole Nationale Sup\u00e9rieure d\u2019Architecture de Strasbourg.<\/strong><\/span><\/p>\n\n\n\n<p class=\"p3\"><span class=\"s1\">Beaux volumes, am\u00e9nagements modernes et soign\u00e9s, balcons et terrasses, parking en sous-sol, le programme met en avant un cadre de vie de qualit\u00e9.&nbsp;<\/span><\/p>\n\n\n\n<figure class=\"wp-block-gallery columns-3 is-cropped wp-block-gallery-3 is-layout-flex wp-block-gallery-is-layout-flex\"><ul class=\"blocks-gallery-grid\"><li class=\"blocks-gallery-item\"><figure><img loading=\"lazy\" decoding=\"async\" width=\"567\" height=\"425\" src=\"https:\/\/www.appartement-construction.com\/content\/wp-content\/uploads\/2019\/12\/stradim-urban_side_2.jpg\" alt=\"\" data-id=\"5414\" data-link=\"https:\/\/www.appartement-construction.com\/content\/?attachment_id=5414\" class=\"wp-image-5414\" \/><\/figure><\/li><li class=\"blocks-gallery-item\"><figure><img loading=\"lazy\" decoding=\"async\" width=\"567\" height=\"378\" src=\"https:\/\/www.appartement-construction.com\/content\/wp-content\/uploads\/2019\/12\/stradim-schiltigheim3.jpg\" alt=\"\" data-id=\"5415\" data-link=\"https:\/\/www.appartement-construction.com\/content\/?attachment_id=5415\" class=\"wp-image-5415\" \/><\/figure><\/li><li class=\"blocks-gallery-item\"><figure><img loading=\"lazy\" decoding=\"async\" width=\"567\" height=\"333\" src=\"https:\/\/www.appartement-construction.com\/content\/wp-content\/uploads\/2019\/12\/stradim-schiltigheim6.jpg\" alt=\"\" data-id=\"5417\" data-link=\"https:\/\/www.appartement-construction.com\/content\/?attachment_id=5417\" class=\"wp-image-5417\" \/><\/figure><\/li><li class=\"blocks-gallery-item\"><figure><img loading=\"lazy\" decoding=\"async\" width=\"567\" height=\"378\" src=\"https:\/\/www.appartement-construction.com\/content\/wp-content\/uploads\/2019\/12\/stradim-schiltigheim2-1.jpg\" alt=\"\" data-id=\"5418\" data-full-url=\"https:\/\/www.appartement-construction.com\/content\/wp-content\/uploads\/2019\/12\/stradim-schiltigheim2-1.jpg\" data-link=\"https:\/\/www.appartement-construction.com\/content\/?attachment_id=5418\" class=\"wp-image-5418\" \/><\/figure><\/li><\/ul><\/figure>\n\n\n\n<h3 class=\"p3 wp-block-heading\"><span class=\"s1\">Le Parc de l\u2019Europe \u00e0 Strasbourg<\/span><\/h3>\n\n\n\n<div style=\"height:40px\" aria-hidden=\"true\" class=\"wp-block-spacer\"><\/div>\n\n\n\n<h4 class=\"wp-block-heading\"><span class=\"s1\">Le quartier de la Robertsau&nbsp;<\/span><\/h4>\n\n\n\n<p>Ce programme immobilier se situe dans le <strong>quartier de la Robertsau<\/strong> \u00e0 Strasbourg. Lieu tr\u00e8s pris\u00e9 de la ville, il jouxte les institutions europ\u00e9ennes et est desservi par de nombreux transports en commun (nouvelles stations du Tram E et plusieurs lignes de bus). Le parc de Pourtal\u00e8s et son ch\u00e2teau, des espaces naturels, la piscine de la Roberstau et de multiples infrastructures et commerces offrent une belle qualit\u00e9 de vie \u00e0 ses habitants. Les \u00e9tablissements scolaires sont nombreux dont l\u2019\u00c9cole europ\u00e9enne de Strasbourg qui se situe \u00e0 4 min \u00e0 pied de la r\u00e9sidence.<\/p>\n\n\n\n<h4 class=\"wp-block-heading\">Une belle adresse <\/h4>\n\n\n\n<p>La r\u00e9sidence <a rel=\"noreferrer noopener\" aria-label=\"Le Parc de L\u2019Europe (opens in a new tab)\" href=\"https:\/\/www.stradim.fr\/programmes\/strasbourg\/parc-de-leurope\" target=\"_blank\">Le Parc de L\u2019Europe<\/a> se niche dans la verdure chemin du Beulenwoerth non loin du Parc de l\u2019Orangerie (5 min en v\u00e9lo). Cet ensemble <strong>de b\u00e2timents \u00e0 taille humaine propose des logements du studio au 6 pi\u00e8ces<\/strong>. Couleurs claires, beaux mat\u00e9riaux, ils s\u2019int\u00e8grent harmonieusement dans le tissu urbain existant. Terrasses, attiques, balcons, jardins, les appartements se prolongent vers des espaces verts arbor\u00e9s.<\/p>\n\n\n\n<h4 class=\"wp-block-heading\">Une r\u00e9sidence haut de gamme en BEPOS \u2014 Effinergie<\/h4>\n\n\n\n<p>Le Parc de l\u2019Europe est <strong>un projet \u00e0 \u00e9nergie positive visant le label BEPOS-Effinergie<\/strong>. Les habitants b\u00e9n\u00e9ficient d\u2019<strong>une performance \u00e9nerg\u00e9tique de qualit\u00e9<\/strong>. Ils font des \u00e9conomies sur leurs factures d\u2019\u00e9lectricit\u00e9 et de chauffage (ici au gaz avec compteurs individuels et utilisation de biom\u00e9thane).<\/p>\n\n\n\n<figure class=\"wp-block-gallery columns-2 is-cropped wp-block-gallery-4 is-layout-flex wp-block-gallery-is-layout-flex\"><ul class=\"blocks-gallery-grid\"><li class=\"blocks-gallery-item\"><figure><img loading=\"lazy\" decoding=\"async\" width=\"567\" height=\"292\" src=\"https:\/\/www.appartement-construction.com\/content\/wp-content\/uploads\/2019\/12\/stradim-parc-europe2.jpg\" alt=\"\" data-id=\"5419\" data-full-url=\"https:\/\/www.appartement-construction.com\/content\/wp-content\/uploads\/2019\/12\/stradim-parc-europe2.jpg\" data-link=\"https:\/\/www.appartement-construction.com\/content\/?attachment_id=5419\" class=\"wp-image-5419\" \/><\/figure><\/li><li class=\"blocks-gallery-item\"><figure><img loading=\"lazy\" decoding=\"async\" width=\"563\" height=\"337\" src=\"https:\/\/www.appartement-construction.com\/content\/wp-content\/uploads\/2019\/12\/stradim-parc-europe4.jpg\" alt=\"\" data-id=\"5420\" data-full-url=\"https:\/\/www.appartement-construction.com\/content\/wp-content\/uploads\/2019\/12\/stradim-parc-europe4.jpg\" data-link=\"https:\/\/www.appartement-construction.com\/content\/?attachment_id=5420\" class=\"wp-image-5420\" \/><\/figure><\/li><\/ul><\/figure>\n\n\n\n<h2 class=\"p1 wp-block-heading\"><span class=\"s1\"><b>Les agences et points de vente<\/b><\/span><\/h2>\n\n\n\n<p class=\"p3\"><span class=\"s1\">Le si\u00e8ge de Stradim est situ\u00e9 \u00e0 <strong>Entzheim<\/strong> \u00e0 proximit\u00e9 de Strasbourg. Par ailleurs, le promoteur dispose de <strong><a href=\"https:\/\/www.stradim.fr\/agences\">plusieurs agences et points de vente<\/a><\/strong> en France. <strong>\u00c0 Strasbourg et \u00e0 Haguenau en Alsace, mais aussi \u00e0 Metz, Nancy, Troyes, Melun, Nantes et Toulouse<\/strong>.<\/span><\/p>\n\n\n\n<p class=\"p3\"><span class=\"s1\"><strong>Le point de vente du Parc Huron<\/strong> est situ\u00e9 route de Lyon, angle rue Laufenburger, \u00e0 Illkirch-Graffenstaden du lundi au vendredi de 14h \u00e0 18h30 et les samedis de 14h \u00e0 18h.<\/span><\/p>\n\n\n\n<h2 class=\"p1 wp-block-heading\"><span class=\"s1\"><b>Stradim en r\u00e9sum\u00e9 :<\/b><\/span><\/h2>\n\n\n\n<div style=\"height:40px\" aria-hidden=\"true\" class=\"wp-block-spacer\"><\/div>\n\n\n\n<figure class=\"wp-block-table t1\"><table class=\"\"><tbody><tr><td>\n<p class=\"p5\"><span class=\"s1\"><b>Date de cr\u00e9ation<\/b><\/span><\/p>\n<\/td><td>\n<p class=\"p5\"><span class=\"s1\">1990<\/span><\/p>\n<\/td><\/tr><tr><td>\n<p class=\"p5\"><span class=\"s1\"><b>D\u00e9partements d\u2019intervention<\/b><\/span><\/p>\n<\/td><td>\n<p class=\"p5\"><span class=\"s1\">toute la France<\/span><\/p>\n<\/td><\/tr><tr><td>\n<p class=\"p5\"><span class=\"s1\"><b>Type de plans <\/b><\/span><\/p>\n<\/td><td>\n<p class=\"p5\"><span class=\"s1\">sur mesure et sur catalogue<\/span><\/p>\n<\/td><\/tr><tr><td>\n<p class=\"p5\"><span class=\"s1\"><b>Style de construction<\/b><\/span><\/p>\n<\/td><td>\n<p class=\"p5\"><span class=\"s1\">moderne et durable<\/span><\/p>\n<\/td><\/tr><tr><td>\n<p class=\"p5\"><span class=\"s1\"><b>Prix de d\u00e9part dans le Bas-Rhin<\/b><\/span><\/p>\n<\/td><td>\n<p class=\"p5\"><span class=\"s1\">\u2013&nbsp;\u00e0 Haguenau&nbsp;: \u00e0 partir de 99\u2009000&nbsp;\u20ac pour un T1 de 26 m2 avec terrasse de 5,5&nbsp;m2 \u00e0 Haguenau (Le Clos Saint Georges)<\/span><\/p>\n<p class=\"p5\"><span class=\"s1\">\u2013&nbsp;\u00e0 Strasbourg&nbsp;: \u00e0 partir de 169\u2009000&nbsp;\u20ac pour un T1 de 34 m2 avec terrasse de 7,60&nbsp;m<\/span><span class=\"s4\"><sup>2<\/sup><\/span><span class=\"s1\"> (Parc de l\u2019Europe) <\/span><\/p>\n<\/td><\/tr><tr><td>\n<p class=\"p5\"><span class=\"s1\"><b>Adresse du si\u00e8ge<\/b><\/span><\/p>\n<\/td><td>\n<p class=\"p5\"><span class=\"s1\">A\u00e9roparc Strasbourg Entzheim, 3 rue P\u00e9gase&nbsp;67960 Entzheim<\/span><\/p>\n<\/td><\/tr><tr><td>\n<p class=\"p5\"><span class=\"s1\"><b>Site web<\/b><\/span><\/p>\n<\/td><td> <p class=\"p6\"><span class=\"s1\"><a href=\"https:\/\/www.stradim.fr\">https:\/\/www.stradim.fr<\/a><\/span><\/p> <\/td><\/tr><tr><td>\n<p class=\"p5\"><span class=\"s1\"><b>T\u00e9l\u00e9phone<\/b><\/span><\/p>\n<\/td><td>\n<p class=\"p5\"><span class=\"s1\">03&nbsp;88&nbsp;15&nbsp;40&nbsp;50 et par SMS&nbsp;7j\/7 au 06&nbsp;84&nbsp;77&nbsp;88&nbsp;63<\/span><\/p>\n<\/td><\/tr><\/tbody><\/table><\/figure>\n\n\n\n<pre>&nbsp;<\/pre>\n\n\n\n<div style=\"height:40px\" aria-hidden=\"true\" class=\"wp-block-spacer\"><\/div>\n\n\n\n<p class=\"p1\"><em><span class=\"s1\">R\u00e9sidences intimistes ou plus grands ensembles, <strong>Stradim r\u00e9alise des constructions de qualit\u00e9 pour tous les go\u00fbts et tous les budgets<\/strong>. En Alsace, mais aussi dans le reste de la France, acqu\u00e9rir un bien chez ce promoteur <strong>vous garantit de faire un investissement de qualit\u00e9<\/strong>. Vous n\u2019aurez pas de mauvaises surprises.<\/span><\/em><\/p>\n","protected":false},"excerpt":{"rendered":"<p>Vous cherchez un promoteur en Alsace\u2009? Stradim se distingue par sa volont\u00e9 de proposer aux acqu\u00e9reurs des programmes immobiliers de qualit\u00e9, innovants et prenant en compte les probl\u00e9matiques de d\u00e9veloppement durable. Que vous choisissiez une r\u00e9sidence intimiste ou plus grande, ses \u00e9quipes vous accompagnent tout au long de votre projet. Vous co-concevez avec elles votre [&hellip;]<\/p>\n","protected":false},"author":12,"featured_media":5421,"comment_status":"open","ping_status":"open","sticky":false,"template":"","format":"standard","meta":{"footnotes":""},"categories":[5],"tags":[4650,4651,4652,42,4653,4649],"class_list":["post-5405","post","type-post","status-publish","format-standard","has-post-thumbnail","hentry","category-promoteurs","tag-alsace","tag-bepos","tag-energie-positive","tag-promoteur","tag-rt-2020","tag-stradim"],"yoast_head":"<!-- This site is optimized with the Yoast SEO plugin v25.1 - https:\/\/yoast.com\/wordpress\/plugins\/seo\/ -->\n<title>STRADIM : Pr\u00e9sentation, Programmes Neufs, Agences et Infos Cl\u00e9s !<\/title>\n<meta name=\"description\" content=\"Le si\u00e8ge du Promoteur STRADIM est situ\u00e9 \u00e0 Entzheim. Historiquement alsacien, Il dispose aussi de plusieurs agences \u00e0 Strasbourg, Haguenau, Troyes, ...\" \/>\n<meta name=\"robots\" content=\"index, follow, max-snippet:-1, max-image-preview:large, max-video-preview:-1\" \/>\n<link rel=\"canonical\" href=\"https:\/\/www.appartement-construction.com\/content\/promoteurs\/stradim\" \/>\n<meta property=\"og:locale\" content=\"fr_FR\" \/>\n<meta property=\"og:type\" content=\"article\" \/>\n<meta property=\"og:title\" content=\"STRADIM : Pr\u00e9sentation, Programmes Neufs, Agences et Infos Cl\u00e9s !\" \/>\n<meta property=\"og:description\" content=\"Le si\u00e8ge du Promoteur STRADIM est situ\u00e9 \u00e0 Entzheim. Historiquement alsacien, Il dispose aussi de plusieurs agences \u00e0 Strasbourg, Haguenau, Troyes, ...\" \/>\n<meta property=\"og:url\" content=\"https:\/\/www.appartement-construction.com\/content\/promoteurs\/stradim\" \/>\n<meta property=\"og:site_name\" content=\"Acheter un appartement neuf\" \/>\n<meta property=\"article:publisher\" content=\"https:\/\/www.facebook.com\/AppartementConstructioncom\/\" \/>\n<meta property=\"article:published_time\" content=\"2019-12-17T13:59:12+00:00\" \/>\n<meta property=\"article:modified_time\" content=\"2020-02-10T11:21:19+00:00\" \/>\n<meta property=\"og:image\" content=\"https:\/\/www.appartement-construction.com\/content\/wp-content\/uploads\/2019\/12\/stradim-huron-head.jpg\" \/>\n\t<meta property=\"og:image:width\" content=\"1276\" \/>\n\t<meta property=\"og:image:height\" content=\"459\" \/>\n\t<meta property=\"og:image:type\" content=\"image\/jpeg\" \/>\n<meta name=\"author\" content=\"Laurence\" \/>\n<meta name=\"twitter:label1\" content=\"\u00c9crit par\" \/>\n\t<meta name=\"twitter:data1\" content=\"Laurence\" \/>\n\t<meta name=\"twitter:label2\" content=\"Dur\u00e9e de lecture estim\u00e9e\" \/>\n\t<meta name=\"twitter:data2\" content=\"9 minutes\" \/>\n<script type=\"application\/ld+json\" class=\"yoast-schema-graph\">{\"@context\":\"https:\/\/schema.org\",\"@graph\":[{\"@type\":\"Article\",\"@id\":\"https:\/\/www.appartement-construction.com\/content\/promoteurs\/stradim#article\",\"isPartOf\":{\"@id\":\"https:\/\/www.appartement-construction.com\/content\/promoteurs\/stradim\"},\"author\":{\"name\":\"Laurence\",\"@id\":\"https:\/\/www.appartement-construction.com\/content\/#\/schema\/person\/06fddd1d3f937d2fd54200b32e3dee41\"},\"headline\":\"Stradim &#8211; Pr\u00e9sentation d&rsquo;un Promoteur Alsacien Engag\u00e9\",\"datePublished\":\"2019-12-17T13:59:12+00:00\",\"dateModified\":\"2020-02-10T11:21:19+00:00\",\"mainEntityOfPage\":{\"@id\":\"https:\/\/www.appartement-construction.com\/content\/promoteurs\/stradim\"},\"wordCount\":1853,\"commentCount\":0,\"publisher\":{\"@id\":\"https:\/\/www.appartement-construction.com\/content\/#organization\"},\"image\":{\"@id\":\"https:\/\/www.appartement-construction.com\/content\/promoteurs\/stradim#primaryimage\"},\"thumbnailUrl\":\"https:\/\/www.appartement-construction.com\/content\/wp-content\/uploads\/2019\/12\/stradim-huron-head.jpg\",\"keywords\":[\"Alsace\",\"BEPOS\",\"\u00e9nergie positive\",\"promoteur\",\"RT 2020\",\"stradim\"],\"articleSection\":[\"Les promoteurs\"],\"inLanguage\":\"fr-FR\",\"potentialAction\":[{\"@type\":\"CommentAction\",\"name\":\"Comment\",\"target\":[\"https:\/\/www.appartement-construction.com\/content\/promoteurs\/stradim#respond\"]}]},{\"@type\":\"WebPage\",\"@id\":\"https:\/\/www.appartement-construction.com\/content\/promoteurs\/stradim\",\"url\":\"https:\/\/www.appartement-construction.com\/content\/promoteurs\/stradim\",\"name\":\"STRADIM : Pr\u00e9sentation, Programmes Neufs, Agences et Infos Cl\u00e9s !\",\"isPartOf\":{\"@id\":\"https:\/\/www.appartement-construction.com\/content\/#website\"},\"primaryImageOfPage\":{\"@id\":\"https:\/\/www.appartement-construction.com\/content\/promoteurs\/stradim#primaryimage\"},\"image\":{\"@id\":\"https:\/\/www.appartement-construction.com\/content\/promoteurs\/stradim#primaryimage\"},\"thumbnailUrl\":\"https:\/\/www.appartement-construction.com\/content\/wp-content\/uploads\/2019\/12\/stradim-huron-head.jpg\",\"datePublished\":\"2019-12-17T13:59:12+00:00\",\"dateModified\":\"2020-02-10T11:21:19+00:00\",\"description\":\"Le si\u00e8ge du Promoteur STRADIM est situ\u00e9 \u00e0 Entzheim. Historiquement alsacien, Il dispose aussi de plusieurs agences \u00e0 Strasbourg, Haguenau, Troyes, ...\",\"breadcrumb\":{\"@id\":\"https:\/\/www.appartement-construction.com\/content\/promoteurs\/stradim#breadcrumb\"},\"inLanguage\":\"fr-FR\",\"potentialAction\":[{\"@type\":\"ReadAction\",\"target\":[\"https:\/\/www.appartement-construction.com\/content\/promoteurs\/stradim\"]}]},{\"@type\":\"ImageObject\",\"inLanguage\":\"fr-FR\",\"@id\":\"https:\/\/www.appartement-construction.com\/content\/promoteurs\/stradim#primaryimage\",\"url\":\"https:\/\/www.appartement-construction.com\/content\/wp-content\/uploads\/2019\/12\/stradim-huron-head.jpg\",\"contentUrl\":\"https:\/\/www.appartement-construction.com\/content\/wp-content\/uploads\/2019\/12\/stradim-huron-head.jpg\",\"width\":1276,\"height\":459,\"caption\":\"Stradim promoteur Alsace parc Huron\"},{\"@type\":\"WebSite\",\"@id\":\"https:\/\/www.appartement-construction.com\/content\/#website\",\"url\":\"https:\/\/www.appartement-construction.com\/content\/\",\"name\":\"Acheter un appartement neuf\",\"description\":\"Trouver votre Promoteur et Appartement Neuf en Ligne !\",\"publisher\":{\"@id\":\"https:\/\/www.appartement-construction.com\/content\/#organization\"},\"potentialAction\":[{\"@type\":\"SearchAction\",\"target\":{\"@type\":\"EntryPoint\",\"urlTemplate\":\"https:\/\/www.appartement-construction.com\/content\/?s={search_term_string}\"},\"query-input\":{\"@type\":\"PropertyValueSpecification\",\"valueRequired\":true,\"valueName\":\"search_term_string\"}}],\"inLanguage\":\"fr-FR\"},{\"@type\":\"Organization\",\"@id\":\"https:\/\/www.appartement-construction.com\/content\/#organization\",\"name\":\"Appartement-Construction.com\",\"url\":\"https:\/\/www.appartement-construction.com\/content\/\",\"logo\":{\"@type\":\"ImageObject\",\"inLanguage\":\"fr-FR\",\"@id\":\"https:\/\/www.appartement-construction.com\/content\/#\/schema\/logo\/image\/\",\"url\":\"https:\/\/www.appartement-construction.com\/content\/wp-content\/uploads\/2018\/07\/logo-AC.jpg\",\"contentUrl\":\"https:\/\/www.appartement-construction.com\/content\/wp-content\/uploads\/2018\/07\/logo-AC.jpg\",\"width\":794,\"height\":491,\"caption\":\"Appartement-Construction.com\"},\"image\":{\"@id\":\"https:\/\/www.appartement-construction.com\/content\/#\/schema\/logo\/image\/\"},\"sameAs\":[\"https:\/\/www.facebook.com\/AppartementConstructioncom\/\"]},{\"@type\":\"Person\",\"@id\":\"https:\/\/www.appartement-construction.com\/content\/#\/schema\/person\/06fddd1d3f937d2fd54200b32e3dee41\",\"name\":\"Laurence\",\"image\":{\"@type\":\"ImageObject\",\"inLanguage\":\"fr-FR\",\"@id\":\"https:\/\/www.appartement-construction.com\/content\/#\/schema\/person\/image\/\",\"url\":\"https:\/\/secure.gravatar.com\/avatar\/a3d78ca6bbeca68c34b2ca0bfda3ab3e0a6d919e37a32ff151594431fef523af?s=96&d=mm&r=g\",\"contentUrl\":\"https:\/\/secure.gravatar.com\/avatar\/a3d78ca6bbeca68c34b2ca0bfda3ab3e0a6d919e37a32ff151594431fef523af?s=96&d=mm&r=g\",\"caption\":\"Laurence\"},\"url\":\"https:\/\/www.appartement-construction.com\/content\/author\/laurence\"}]}<\/script>\n<!-- \/ Yoast SEO plugin. -->","yoast_head_json":{"title":"STRADIM : Pr\u00e9sentation, Programmes Neufs, Agences et Infos Cl\u00e9s !","description":"Le si\u00e8ge du Promoteur STRADIM est situ\u00e9 \u00e0 Entzheim. Historiquement alsacien, Il dispose aussi de plusieurs agences \u00e0 Strasbourg, Haguenau, Troyes, ...","robots":{"index":"index","follow":"follow","max-snippet":"max-snippet:-1","max-image-preview":"max-image-preview:large","max-video-preview":"max-video-preview:-1"},"canonical":"https:\/\/www.appartement-construction.com\/content\/promoteurs\/stradim","og_locale":"fr_FR","og_type":"article","og_title":"STRADIM : Pr\u00e9sentation, Programmes Neufs, Agences et Infos Cl\u00e9s !","og_description":"Le si\u00e8ge du Promoteur STRADIM est situ\u00e9 \u00e0 Entzheim. Historiquement alsacien, Il dispose aussi de plusieurs agences \u00e0 Strasbourg, Haguenau, Troyes, ...","og_url":"https:\/\/www.appartement-construction.com\/content\/promoteurs\/stradim","og_site_name":"Acheter un appartement neuf","article_publisher":"https:\/\/www.facebook.com\/AppartementConstructioncom\/","article_published_time":"2019-12-17T13:59:12+00:00","article_modified_time":"2020-02-10T11:21:19+00:00","og_image":[{"width":1276,"height":459,"url":"https:\/\/www.appartement-construction.com\/content\/wp-content\/uploads\/2019\/12\/stradim-huron-head.jpg","type":"image\/jpeg"}],"author":"Laurence","twitter_misc":{"\u00c9crit par":"Laurence","Dur\u00e9e de lecture estim\u00e9e":"9 minutes"},"schema":{"@context":"https:\/\/schema.org","@graph":[{"@type":"Article","@id":"https:\/\/www.appartement-construction.com\/content\/promoteurs\/stradim#article","isPartOf":{"@id":"https:\/\/www.appartement-construction.com\/content\/promoteurs\/stradim"},"author":{"name":"Laurence","@id":"https:\/\/www.appartement-construction.com\/content\/#\/schema\/person\/06fddd1d3f937d2fd54200b32e3dee41"},"headline":"Stradim &#8211; Pr\u00e9sentation d&rsquo;un Promoteur Alsacien Engag\u00e9","datePublished":"2019-12-17T13:59:12+00:00","dateModified":"2020-02-10T11:21:19+00:00","mainEntityOfPage":{"@id":"https:\/\/www.appartement-construction.com\/content\/promoteurs\/stradim"},"wordCount":1853,"commentCount":0,"publisher":{"@id":"https:\/\/www.appartement-construction.com\/content\/#organization"},"image":{"@id":"https:\/\/www.appartement-construction.com\/content\/promoteurs\/stradim#primaryimage"},"thumbnailUrl":"https:\/\/www.appartement-construction.com\/content\/wp-content\/uploads\/2019\/12\/stradim-huron-head.jpg","keywords":["Alsace","BEPOS","\u00e9nergie positive","promoteur","RT 2020","stradim"],"articleSection":["Les promoteurs"],"inLanguage":"fr-FR","potentialAction":[{"@type":"CommentAction","name":"Comment","target":["https:\/\/www.appartement-construction.com\/content\/promoteurs\/stradim#respond"]}]},{"@type":"WebPage","@id":"https:\/\/www.appartement-construction.com\/content\/promoteurs\/stradim","url":"https:\/\/www.appartement-construction.com\/content\/promoteurs\/stradim","name":"STRADIM : Pr\u00e9sentation, Programmes Neufs, Agences et Infos Cl\u00e9s !","isPartOf":{"@id":"https:\/\/www.appartement-construction.com\/content\/#website"},"primaryImageOfPage":{"@id":"https:\/\/www.appartement-construction.com\/content\/promoteurs\/stradim#primaryimage"},"image":{"@id":"https:\/\/www.appartement-construction.com\/content\/promoteurs\/stradim#primaryimage"},"thumbnailUrl":"https:\/\/www.appartement-construction.com\/content\/wp-content\/uploads\/2019\/12\/stradim-huron-head.jpg","datePublished":"2019-12-17T13:59:12+00:00","dateModified":"2020-02-10T11:21:19+00:00","description":"Le si\u00e8ge du Promoteur STRADIM est situ\u00e9 \u00e0 Entzheim. Historiquement alsacien, Il dispose aussi de plusieurs agences \u00e0 Strasbourg, Haguenau, Troyes, ...","breadcrumb":{"@id":"https:\/\/www.appartement-construction.com\/content\/promoteurs\/stradim#breadcrumb"},"inLanguage":"fr-FR","potentialAction":[{"@type":"ReadAction","target":["https:\/\/www.appartement-construction.com\/content\/promoteurs\/stradim"]}]},{"@type":"ImageObject","inLanguage":"fr-FR","@id":"https:\/\/www.appartement-construction.com\/content\/promoteurs\/stradim#primaryimage","url":"https:\/\/www.appartement-construction.com\/content\/wp-content\/uploads\/2019\/12\/stradim-huron-head.jpg","contentUrl":"https:\/\/www.appartement-construction.com\/content\/wp-content\/uploads\/2019\/12\/stradim-huron-head.jpg","width":1276,"height":459,"caption":"Stradim promoteur Alsace parc Huron"},{"@type":"WebSite","@id":"https:\/\/www.appartement-construction.com\/content\/#website","url":"https:\/\/www.appartement-construction.com\/content\/","name":"Acheter un appartement neuf","description":"Trouver votre Promoteur et Appartement Neuf en Ligne !","publisher":{"@id":"https:\/\/www.appartement-construction.com\/content\/#organization"},"potentialAction":[{"@type":"SearchAction","target":{"@type":"EntryPoint","urlTemplate":"https:\/\/www.appartement-construction.com\/content\/?s={search_term_string}"},"query-input":{"@type":"PropertyValueSpecification","valueRequired":true,"valueName":"search_term_string"}}],"inLanguage":"fr-FR"},{"@type":"Organization","@id":"https:\/\/www.appartement-construction.com\/content\/#organization","name":"Appartement-Construction.com","url":"https:\/\/www.appartement-construction.com\/content\/","logo":{"@type":"ImageObject","inLanguage":"fr-FR","@id":"https:\/\/www.appartement-construction.com\/content\/#\/schema\/logo\/image\/","url":"https:\/\/www.appartement-construction.com\/content\/wp-content\/uploads\/2018\/07\/logo-AC.jpg","contentUrl":"https:\/\/www.appartement-construction.com\/content\/wp-content\/uploads\/2018\/07\/logo-AC.jpg","width":794,"height":491,"caption":"Appartement-Construction.com"},"image":{"@id":"https:\/\/www.appartement-construction.com\/content\/#\/schema\/logo\/image\/"},"sameAs":["https:\/\/www.facebook.com\/AppartementConstructioncom\/"]},{"@type":"Person","@id":"https:\/\/www.appartement-construction.com\/content\/#\/schema\/person\/06fddd1d3f937d2fd54200b32e3dee41","name":"Laurence","image":{"@type":"ImageObject","inLanguage":"fr-FR","@id":"https:\/\/www.appartement-construction.com\/content\/#\/schema\/person\/image\/","url":"https:\/\/secure.gravatar.com\/avatar\/a3d78ca6bbeca68c34b2ca0bfda3ab3e0a6d919e37a32ff151594431fef523af?s=96&d=mm&r=g","contentUrl":"https:\/\/secure.gravatar.com\/avatar\/a3d78ca6bbeca68c34b2ca0bfda3ab3e0a6d919e37a32ff151594431fef523af?s=96&d=mm&r=g","caption":"Laurence"},"url":"https:\/\/www.appartement-construction.com\/content\/author\/laurence"}]}},"_links":{"self":[{"href":"https:\/\/www.appartement-construction.com\/content\/wp-json\/wp\/v2\/posts\/5405","targetHints":{"allow":["GET"]}}],"collection":[{"href":"https:\/\/www.appartement-construction.com\/content\/wp-json\/wp\/v2\/posts"}],"about":[{"href":"https:\/\/www.appartement-construction.com\/content\/wp-json\/wp\/v2\/types\/post"}],"author":[{"embeddable":true,"href":"https:\/\/www.appartement-construction.com\/content\/wp-json\/wp\/v2\/users\/12"}],"replies":[{"embeddable":true,"href":"https:\/\/www.appartement-construction.com\/content\/wp-json\/wp\/v2\/comments?post=5405"}],"version-history":[{"count":20,"href":"https:\/\/www.appartement-construction.com\/content\/wp-json\/wp\/v2\/posts\/5405\/revisions"}],"predecessor-version":[{"id":6718,"href":"https:\/\/www.appartement-construction.com\/content\/wp-json\/wp\/v2\/posts\/5405\/revisions\/6718"}],"wp:featuredmedia":[{"embeddable":true,"href":"https:\/\/www.appartement-construction.com\/content\/wp-json\/wp\/v2\/media\/5421"}],"wp:attachment":[{"href":"https:\/\/www.appartement-construction.com\/content\/wp-json\/wp\/v2\/media?parent=5405"}],"wp:term":[{"taxonomy":"category","embeddable":true,"href":"https:\/\/www.appartement-construction.com\/content\/wp-json\/wp\/v2\/categories?post=5405"},{"taxonomy":"post_tag","embeddable":true,"href":"https:\/\/www.appartement-construction.com\/content\/wp-json\/wp\/v2\/tags?post=5405"}],"curies":[{"name":"wp","href":"https:\/\/api.w.org\/{rel}","templated":true}]}}