{"id":5638,"date":"2019-12-30T13:29:18","date_gmt":"2019-12-30T12:29:18","guid":{"rendered":"https:\/\/www.appartement-construction.com\/content\/?p=5638"},"modified":"2020-03-10T14:04:10","modified_gmt":"2020-03-10T13:04:10","slug":"constructa","status":"publish","type":"post","link":"https:\/\/www.appartement-construction.com\/content\/promoteurs\/constructa","title":{"rendered":"Constructa &#8211; 1er groupe fran\u00e7ais ind\u00e9pendant de services immobiliers"},"content":{"rendered":"\n<p class=\"p1\"><span class=\"s1\">Que vous soyez un primo-acc\u00e9dant exigeant ou investisseur \u00e0 la recherche d\u2019un bien haut de gamme, <strong>le Groupe Constructa<\/strong> vous propose tout type d\u2019appartement neuf. <strong>En PACA, en r\u00e9gion parisienne ou \u00e0 Lyon<\/strong> et ses alentours, il r\u00e9alise de nombreux programmes immobiliers de qualit\u00e9. Vous souhaitez en savoir plus sur le promoteur Constructa et ses derni\u00e8res op\u00e9rations ? Suivez le guide &#8230;<\/span><\/p>\n\n\n\n<!--more-->\n\n\n\n<h2 class=\"p1 wp-block-heading\"><span class=\"s1\"><b>Pr\u00e9sentation du Groupe Constructa<\/b><\/span><\/h2>\n\n\n\n<div style=\"height:40px\" aria-hidden=\"true\" class=\"wp-block-spacer\"><\/div>\n\n\n\n<h3 class=\"p3 wp-block-heading\"><span class=\"s1\">Le premier groupe fran\u00e7ais ind\u00e9pendant de services immobiliers complets<\/span><\/h3>\n\n\n\n<p class=\"p3\"><span class=\"s1\">Constructa est <strong>une entreprise familiale fond\u00e9e en 1964 <\/strong>par Maurice Arnoult \u00e0 Marseille. 1968 voit l\u2019entr\u00e9e de la GFIC et de la compagnie La Henin \u00e0 son capital. <strong>En 1973, Marc Pietri le pr\u00e9sident actuel d\u00e9bute sa carri\u00e8re au sein de la soci\u00e9t\u00e9<\/strong>. \u00c0 partir de 1974, le groupe se d\u00e9veloppe dans le Var, sur la C\u00f4te d\u2019Azur (1983) puis en 1984 aux \u00c9tats-Unis. En 1988, il s\u2019implante \u00e0 Paris. <\/span><\/p>\n\n\n\n<p class=\"p3\"><span class=\"s1\">\u00c0 partir de la <strong>fin des ann\u00e9es&nbsp;1990<\/strong>, <strong>des filiales sont fond\u00e9es pour proposer aux clients des services immobiliers complets&nbsp;<\/strong>: <\/span><\/p>\n\n\n\n<ul class=\"wp-block-list\"><li><span style=\"color:#000000\" class=\"tadv-color\">1999: <span class=\"s1\"><strong>Constructa Asset Management<\/strong>  se consacre \u00e0 la valorisation et \u00e0 la gestion de biens immobiliers<\/span><\/span><\/li><li><span style=\"color:#000000\" class=\"tadv-color\">2000 : <strong>Constructa Promotion<\/strong> est d\u00e9di\u00e9e aux activit\u00e9s de promotion<\/span><\/li><li><span style=\"color:#000000\" class=\"tadv-color\">2009 : <strong>Constructa Urban Systems<\/strong> \u00e9labore et g\u00e8re de grands projets immobiliers et urbains<\/span><\/li><li><span style=\"color:#000000\" class=\"tadv-color\">2011 : <strong>Constructa Private Services<\/strong> s\u2019occupe du conseil en immobilier d\u2019investissement pour une client\u00e8le priv\u00e9e<\/span><\/li><\/ul>\n\n\n\n<h3 class=\"p3 wp-block-heading\"><span class=\"s1\">Constructa Promotion et Constructa Vente<\/span><\/h3>\n\n\n\n<p class=\"p3\"><span class=\"s1\">Constructa Promotion veille aux <strong>op\u00e9rations de promotion, de restructuration et de r\u00e9habilitation du groupe<\/strong>. Elle d\u00e9veloppe 3 types de programmes&nbsp;: <strong>logements, h\u00f4tels et bureaux<\/strong>. Elle propose aussi des r\u00e9sidences de services. <\/span><\/p>\n\n\n\n<p class=\"p3\"><span class=\"s1\">L\u2019entreprise se positionne sur de la <strong>construction haut de gamme<\/strong>, mais \u00e9galement sur <strong>des programmes s\u2019adressant aux primo-acc\u00e9dants<\/strong>. En effet, \u00e0 travers sa filiale Propria (2004), elle r\u00e9pond \u00e0 leurs besoins de logements dans le cadre de zones de r\u00e9novation urbaine (en partenariat avec le Cr\u00e9dit Foncier depuis 2009). De ce fait, Constructa Promotion est aussi <strong>un promoteur citoyen<\/strong>.<\/span><\/p>\n\n\n\n<p class=\"p3\"><span class=\"s1\">Les projets mis en \u0153uvre par Constructa Promotion sont vendus par Constructa Vente.<\/span><\/p>\n\n\n\n<h3 class=\"p3 wp-block-heading\"><span class=\"s1\">Des programmes immobiliers largement prim\u00e9s<\/span><\/h3>\n\n\n\n<p class=\"p3\"><span class=\"s1\">L\u2019entreprise a re\u00e7u de nombreuses distinctions. Parmi elles on peut citer <strong>une \u00ab\u2009Pyramide d\u2019argent\u2009\u00bb pour&nbsp;les r\u00e9sidences&nbsp;<\/strong>: <\/span><\/p>\n\n\n\n<ul class=\"wp-block-list\"><li><span style=\"color:#000000\" class=\"tadv-color\"><span class=\"s1\">White line \u00e0 Seyne-sur-Mer, prix Bas Carbone (2017)<\/span><\/span><\/li><li><span style=\"color:#000000\" class=\"tadv-color\">Aqua\u00e9 \u00e0 Aix les Bains, prix d\u00e9veloppement durable et gaz naturel (2011)<\/span><\/li><li><span style=\"color:#000000\" class=\"tadv-color\">C\u0153ur de Marina \u00e0 Montpellier (<span style=\"font-size: inherit\"><a href=\"https:\/\/www.garcia-diaz.fr\/projet-hab-coeurmarinaentredeuxrive\">Garcia Diaz Architectes<\/a>), prix de l\u2019esth\u00e9tique immobili\u00e8re (2010)<\/span><\/span><\/li><li><span style=\"color:#000000\" class=\"tadv-color\">Le Village \u00e0 Marseille, prix de l\u2019esth\u00e9tique immobili\u00e8re (2009), etc.<\/span><\/li><\/ul>\n\n\n\n<div class=\"wp-block-image\"><figure class=\"aligncenter size-large\"><img loading=\"lazy\" decoding=\"async\" width=\"567\" height=\"378\" src=\"https:\/\/www.appartement-construction.com\/content\/wp-content\/uploads\/2019\/12\/constructa-coeur-marina.jpg\" alt=\"Constructa Montpellier Coeur de MArina\" class=\"wp-image-5659\"\/><figcaption>Coeur de Marina, Montpellier<\/figcaption><\/figure><\/div>\n\n\n\n<h3 class=\"p3 wp-block-heading\"><span class=\"s1\">Des projets d\u2019envergure<\/span><\/h3>\n\n\n\n<p class=\"p3\"><span class=\"s1\">Mais le groupe Constructa a aussi assis sa r\u00e9putation gr\u00e2ce \u00e0 des projets d\u2019envergure. Sa filiale Constructa Urban Systems peut mettre en avant son exp\u00e9rience acquise aux \u00c9tats-Unis avec <strong>la r\u00e9alisation des trois tours d\u2019h\u00f4tels Sofitel \u00e0 New York, Chicago et Philadelphie.<\/strong> <\/span><\/p>\n\n\n\n<p class=\"p3\"><span class=\"s1\"><strong>En France<\/strong>, parmi ses programmes phares m\u00e9diatis\u00e9s, on peut citer \u00e0 Marseille <a href=\"https:\/\/www.groupe-constructa.com\/portfolio\/les-docks\/\" target=\"_blank\" rel=\"noreferrer noopener\" aria-label=\" (opens in a new tab)\"><span class=\"s2\"><strong>Les Docks<\/strong><\/span><\/a> qui accueillent 220 entreprises ou <strong><a href=\"https:\/\/www.groupe-constructa.com\/portfolio\/les-quais-darenc\/\" target=\"_blank\" rel=\"noreferrer noopener\" aria-label=\" (opens in a new tab)\"><span class=\"s2\">Les Quais d\u2019Arenc<\/span><\/a> <\/strong>dont une des tours (H99) proposera des logements de standing. En 2018, la Tour La Marseillaise (par Jean Nouvel), 2e immeuble livr\u00e9 de ce dernier projet a eu de nombreuses r\u00e9compenses. Les Docks eux ont re\u00e7u l\u2019iconic Awards \u00ab\u2009Best of the Best Architecture\u2009\u00bb en 2017.<\/span><\/p>\n\n\n\n<div class=\"wp-block-image\"><figure class=\"aligncenter size-large\"><img loading=\"lazy\" decoding=\"async\" width=\"560\" height=\"129\" src=\"https:\/\/www.appartement-construction.com\/content\/wp-content\/uploads\/2019\/12\/constructa-marseille-1.jpg\" alt=\"Constructa Marseille Les Quais d'Arenc\" class=\"wp-image-5656\"\/><figcaption>Les Quais d&rsquo;Arenc, Marseille<\/figcaption><\/figure><\/div>\n\n\n\n<h2 class=\"p1 wp-block-heading\"><span class=\"s1\"><b>Zoom sur deux programmes en cours de Constructa<\/b><\/span><\/h2>\n\n\n\n<div style=\"height:40px\" aria-hidden=\"true\" class=\"wp-block-spacer\"><\/div>\n\n\n\n<h3 class=\"p3 wp-block-heading\"><span class=\"s1\">La r\u00e9sidence Papyrus \u00e0 Montpellier<\/span><\/h3>\n\n\n\n<div style=\"height:40px\" aria-hidden=\"true\" class=\"wp-block-spacer\"><\/div>\n\n\n\n<h4 class=\"p3 wp-block-heading\"><span class=\"s1\">Le quartier de Pierrevives<\/span><\/h4>\n\n\n\n<div style=\"height:40px\" aria-hidden=\"true\" class=\"wp-block-spacer\"><\/div>\n\n\n\n<div class=\"wp-block-image\"><figure class=\"aligncenter size-large\"><img loading=\"lazy\" decoding=\"async\" width=\"567\" height=\"409\" src=\"https:\/\/www.appartement-construction.com\/content\/wp-content\/uploads\/2019\/12\/carte-pierrevives.jpg\" alt=\"carte Pierrevives Montpellier\" class=\"wp-image-5654\"\/><figcaption>source : Wikip\u00e9dia<\/figcaption><\/figure><\/div>\n\n\n\n<figure class=\"wp-block-embed-youtube wp-block-embed is-type-video is-provider-youtube wp-embed-aspect-4-3 wp-has-aspect-ratio\"><div class=\"wp-block-embed__wrapper\">\n<iframe loading=\"lazy\" title=\"PIERRES VIVES\" width=\"500\" height=\"375\" src=\"https:\/\/www.youtube.com\/embed\/7H-vRvkvJUk?feature=oembed\" frameborder=\"0\" allow=\"accelerometer; autoplay; clipboard-write; encrypted-media; gyroscope; picture-in-picture; web-share\" referrerpolicy=\"strict-origin-when-cross-origin\" allowfullscreen><\/iframe>\n<\/div><\/figure>\n\n\n\n<p class=\"p3\"><span class=\"s1\">\u00c0 l\u2019ouest de Montpellier, PierreVives est <strong>un \u00e9coquartier de 10 ha en plein d\u00e9veloppement<\/strong>. \u00c9tablissements scolaires, facult\u00e9s, CHU, commerces, Cit\u00e9 des Savoirs et du Sport sign\u00e9e Zaha Hadid, grands espaces paysagers, en font un secteur dynamique et agr\u00e9able \u00e0 vivre. De plus, les lignes&nbsp;1 et 3 du tram et de nombreux bus le connectent au centre-ville en quelques minutes. <\/span><\/p>\n\n\n\n<h4 class=\"p3 wp-block-heading\"><span class=\"s1\">La r\u00e9sidence <\/span><\/h4>\n\n\n\n<p class=\"p3\"><span class=\"s2\"><a href=\"https:\/\/www.constructa.fr\/programme\/montpellier\/papyrus\" target=\"_blank\" rel=\"noreferrer noopener\" aria-label=\" (opens in a new tab)\">La r\u00e9sidence Papyrus<\/a>,<\/span><span class=\"s1\"> rue Marius Petitpa, s\u2019\u00e9l\u00e8ve \u00e0 l\u2019entr\u00e9e du quartier de Pierrevives non loin de la zone d\u2019activit\u00e9 Parc&nbsp;2000 et proche de nombreux services et commerces. Son architecture est contemporaine et raffin\u00e9e. Sa fa\u00e7ade \u00e0 pans coup\u00e9s s\u2019ajuste parfaitement \u00e0 la placette qui la jouxte et permet l\u2019am\u00e9nagement de vastes terrasses \u00e0 tous les \u00e9tages. <\/span><\/p>\n\n\n\n<p class=\"p3\"><span class=\"s1\">Elle a \u00e9t\u00e9 con\u00e7ue par <strong>Constructa en partenariat avec Primm\u00e9a by Vinci<\/strong>. Cette derni\u00e8re met en avant des logements de qualit\u00e9 \u00e0 prix abordables pour les primo-acc\u00e9dants notamment. <\/span><\/p>\n\n\n\n<h4 class=\"p3 wp-block-heading\"><span class=\"s1\">Les prestations<\/span><\/h4>\n\n\n\n<p class=\"p3\"><span class=\"s1\">Salles de bain \u00e9quip\u00e9es, parquet stratifi\u00e9, pack domotique. \u00c0 des prestations soign\u00e9es, le programme ajoute <strong>des options de personnalisation<\/strong>. Vous pouvez l\u2019am\u00e9nager \u00e0 votre go\u00fbt tout en maitrisant votre budget. Un T3 de 65,73&nbsp;m<\/span><span class=\"s3\"><sup>2<\/sup><\/span><span class=\"s1\"> + 3,12&nbsp;m2 de balcon est \u00e0 139\u2009000&nbsp;\u20ac.<\/span> <span class=\"s1\">La livraison est pr\u00e9vue pour le 3e trimestre&nbsp;2020.<\/span><\/p>\n\n\n\n<div class=\"wp-block-image\"><figure class=\"aligncenter size-large\"><img loading=\"lazy\" decoding=\"async\" width=\"567\" height=\"313\" src=\"https:\/\/www.appartement-construction.com\/content\/wp-content\/uploads\/2019\/12\/constructa-papyrus.jpg\" alt=\"Constructa r\u00e9sidence Papyrus Pierrevives Montpellier\" class=\"wp-image-5653\" srcset=\"https:\/\/www.appartement-construction.com\/content\/wp-content\/uploads\/2019\/12\/constructa-papyrus.jpg 567w, https:\/\/www.appartement-construction.com\/content\/wp-content\/uploads\/2019\/12\/constructa-papyrus-345x190.jpg 345w\" sizes=\"auto, (max-width: 567px) 100vw, 567px\" \/><\/figure><\/div>\n\n\n\n<h3 class=\"p3 wp-block-heading\"><span class=\"s1\">La r\u00e9sidence Yonis \u00e0 Noisy-le-Grand les Richardets<\/span><\/h3>\n\n\n\n<div style=\"height:40px\" aria-hidden=\"true\" class=\"wp-block-spacer\"><\/div>\n\n\n\n<div class=\"wp-block-image\"><figure class=\"aligncenter size-large\"><img loading=\"lazy\" decoding=\"async\" width=\"567\" height=\"393\" src=\"https:\/\/www.appartement-construction.com\/content\/wp-content\/uploads\/2019\/12\/carte-noisy-le-grand.jpg\" alt=\"carte Noisy-le-Grand\" class=\"wp-image-5652\"\/><\/figure><\/div>\n\n\n\n<h4 class=\"p3 wp-block-heading\"><span class=\"s1\">Noisy-le-Grand les Richardets<\/span><\/h4>\n\n\n\n<p class=\"p3\"><span class=\"s1\">Les Richardets \u00e9taient un village avant d\u2019\u00eatre r\u00e9uni \u00e0 Noisy-le-Grand. L\u2019a<strong>mbiance de cette zone pavillonnaire y est paisible.<\/strong> Situ\u00e9 \u00e0 20&nbsp;min de Paris, le quartier est tr\u00e8s bien desservi par le RER, l\u2019autoroute et bient\u00f4t par la future ligne&nbsp;15 du m\u00e9tro. <\/span><\/p>\n\n\n\n<h4 class=\"p3 wp-block-heading\"><span class=\"s1\">La r\u00e9sidence<\/span><\/h4>\n\n\n\n<p class=\"p3\"><span class=\"s2\"><a href=\"https:\/\/www.constructa.fr\/programme\/noisy-le-grand\/yonis\" target=\"_blank\" rel=\"noreferrer noopener\" aria-label=\" (opens in a new tab)\">Le programme immobilier Yonis<\/a><\/span><span class=\"s1\"> est plac\u00e9 \u00e0 proximit\u00e9 des commerces et de nombreux services (poste, mairie, banque, etc.). Compos\u00e9e de 4 b\u00e2timents surmont\u00e9s d\u2019un attique, l\u2019architecture de la r\u00e9sidence est tr\u00e8s \u00e9l\u00e9gante et les couleurs sobres. De beaux brise-vues en acier laqu\u00e9 et des volets coulissants en bois rythment la fa\u00e7ade. La construction s\u2019ouvre sur un espace de verdure. <\/span><\/p>\n\n\n\n<h4 class=\"p3 wp-block-heading\"><span class=\"s1\">Les prestations<\/span><\/h4>\n\n\n\n<p class=\"p3\"><span class=\"s1\">Les appartements du studio au 4 pi\u00e8ces se prolongent vers l\u2019ext\u00e9rieur gr\u00e2ce \u00e0 de vastes balcons, terrasses ou jardins privatifs. Baies vitr\u00e9es, salles de bain \u00e9quip\u00e9es, vid\u00e9ophones, isolation performante, etc. Les prestations sont de qualit\u00e9.<\/span> <span class=\"s1\">Un studio de 27m<\/span><span class=\"s3\"><sup>2<\/sup><\/span><span class=\"s1\"> est accessible \u00e0 partir de 128\u2009000&nbsp;\u20ac, un T3 de 55 m<\/span><span class=\"s3\"><sup>2<\/sup><\/span><span class=\"s1\"> avec parking inclus est \u00e0 250\u2009000&nbsp;\u20ac. La livraison est pr\u00e9vue pour le 4e trimestre&nbsp;2021.<\/span><\/p>\n\n\n\n<figure class=\"wp-block-gallery aligncenter columns-2 is-cropped wp-block-gallery-1 is-layout-flex wp-block-gallery-is-layout-flex\"><ul class=\"blocks-gallery-grid\"><li class=\"blocks-gallery-item\"><figure><img loading=\"lazy\" decoding=\"async\" width=\"567\" height=\"428\" src=\"https:\/\/www.appartement-construction.com\/content\/wp-content\/uploads\/2019\/12\/constructa-yonis.jpg\" alt=\"\" data-id=\"5650\" data-full-url=\"https:\/\/www.appartement-construction.com\/content\/wp-content\/uploads\/2019\/12\/constructa-yonis.jpg\" data-link=\"https:\/\/www.appartement-construction.com\/content\/?attachment_id=5650\" class=\"wp-image-5650\"\/><\/figure><\/li><li class=\"blocks-gallery-item\"><figure><img loading=\"lazy\" decoding=\"async\" width=\"567\" height=\"521\" src=\"https:\/\/www.appartement-construction.com\/content\/wp-content\/uploads\/2019\/12\/constructa-yonis2.jpg\" alt=\"\" data-id=\"5651\" data-full-url=\"https:\/\/www.appartement-construction.com\/content\/wp-content\/uploads\/2019\/12\/constructa-yonis2.jpg\" data-link=\"https:\/\/www.appartement-construction.com\/content\/?attachment_id=5651\" class=\"wp-image-5651\"\/><\/figure><\/li><\/ul><\/figure>\n\n\n\n<h2 class=\"p1 wp-block-heading\"><span class=\"s1\"><b>Derniers programmes livr\u00e9s par Constructa<\/b><\/span><\/h2>\n\n\n\n<div style=\"height:40px\" aria-hidden=\"true\" class=\"wp-block-spacer\"><\/div>\n\n\n\n<h3 class=\"p3 wp-block-heading\"><span class=\"s1\">R\u00e9sidence Respir&rsquo; \u00e0 Evry<\/span><\/h3>\n\n\n\n<div style=\"height:40px\" aria-hidden=\"true\" class=\"wp-block-spacer\"><\/div>\n\n\n\n<h4 class=\"p3 wp-block-heading\"><span class=\"s1\">Le quartier Bois Sauvage \u00e0 Evry<\/span><\/h4>\n\n\n\n<p class=\"p3\"><span class=\"s1\">\u00c0 Evry-Courcouronnes, <strong>le quartier Bois Sauvage est en plein renouveau<\/strong>&nbsp;: am\u00e9nagement de la place Camille Gu\u00e9rin et du square, cr\u00e9ation d\u2019une avenue Camille Gu\u00e9rin et lancement en juin 2016 des logements du programme Respir\u2019. L\u2019accent est mis sur la v\u00e9g\u00e9talisation dans une commune qui dispose d\u00e9j\u00e0 de plus de 220 ha de nature. <\/span><\/p>\n\n\n\n<h4 class=\"p3 wp-block-heading\"><span class=\"s1\">La r\u00e9sidence <\/span><\/h4>\n\n\n\n<p class=\"p3\"><span class=\"s1\"><strong>Symbole de la renaissance du quartier<\/strong>, <a rel=\"noreferrer noopener\" aria-label=\" (opens in a new tab)\" href=\"https:\/\/www.constructa.fr\/programme\/evry\/respir\" target=\"_blank\"><span class=\"s2\">la r\u00e9sidence Respir&rsquo;<\/span><\/a> a vu sa premi\u00e8re pierre pos\u00e9e le 30 juin 2016. Con\u00e7ue par l\u2019architecte <a rel=\"noreferrer noopener\" aria-label=\" (opens in a new tab)\" href=\"https:\/\/biecher.com\/\" target=\"_blank\"><span class=\"s2\">Christian Biecher<\/span><\/a>, elle se compose de <strong>73 logements<\/strong> r\u00e9partis sur 2 constructions \u00e0 taille humaine dont une partie donne sur la place Camille Gu\u00e9rin. Elle propose <strong>des biens du T2 au T4<\/strong> qui profitent tous de vastes terrasses, de balcons ou de loggias.<\/span><\/p>\n\n\n\n<p class=\"p3\"><span class=\"s1\">En son centre, ses occupants b\u00e9n\u00e9ficient d\u2019une vue sur un bel ilot paysager. La lumi\u00e8re naturelle p\u00e9n\u00e8tre dans tous les appartements gr\u00e2ce \u00e0 une disposition ind\u00e9pendante des b\u00e2timents. Les fa\u00e7ades alternent entre couleur grise et rouge pour un effet tr\u00e8s graphique. La livraison a \u00e9t\u00e9 r\u00e9alis\u00e9e au 4e trimestre&nbsp;2017.<\/span><\/p>\n\n\n\n<div class=\"wp-block-image\"><figure class=\"aligncenter\"><img loading=\"lazy\" decoding=\"async\" width=\"550\" height=\"332\" src=\"https:\/\/www.appartement-construction.com\/content\/wp-content\/uploads\/2019\/12\/constructa-respir.jpg\" alt=\"Constructa r\u00e9sidence Respir' Evry\" class=\"wp-image-5649\"\/><\/figure><\/div>\n\n\n\n<h4 class=\"p3 wp-block-heading\"><span class=\"s1\">Un projet collaboratif exemplaire<\/span><\/h4>\n\n\n\n<p class=\"p3\"><span class=\"s1\">Constructa Urban Systems, Constructa Promotion et Constructa Vente ont travaill\u00e9 de concert sur ce projet immobilier de renouveau urbain d\u2019envergure. <strong>Collaboratif, il a \u00e9t\u00e9 men\u00e9 avec les collectivit\u00e9s, les acteurs locaux et les riverains.<\/strong> Le but de l\u2019op\u00e9ration a \u00e9t\u00e9 de proposer des logements de qualit\u00e9 \u00e0 prix abordables.<\/span><\/p>\n\n\n\n<h3 class=\"p3 wp-block-heading\"><span class=\"s1\">Redline \u00e0 la Seyne-sur-mer<\/span><\/h3>\n\n\n\n<div style=\"height:40px\" aria-hidden=\"true\" class=\"wp-block-spacer\"><\/div>\n\n\n\n<h4 class=\"p3 wp-block-heading\"><span class=\"s1\">Le quartier Porte-Marine \u00e0 la Seyne-sur-Mer (83)<\/span><\/h4>\n\n\n\n<p class=\"p3\"><span class=\"s1\">Situ\u00e9 en front de mer, ce quartier, ancien secteur naval, est <strong>le si\u00e8ge depuis une dizaine d\u2019ann\u00e9es de la construction de nombreux programmes immobiliers et de l\u2019implantation de commerces<\/strong>. Il offre une vue d\u00e9gag\u00e9e sur la M\u00e9diterran\u00e9e. <\/span><\/p>\n\n\n\n<h4 class=\"p3 wp-block-heading\"><span class=\"s1\">La r\u00e9sidence <\/span><\/h4>\n\n\n\n<p class=\"p3\"><span class=\"s2\">La r\u00e9sidence <a rel=\"noreferrer noopener\" aria-label=\" (opens in a new tab)\" href=\"http:\/\/www.pietriarchitectes.com\/projects\/view\/120\" target=\"_blank\"><span class=\"s4\">Redline<\/span><\/a><\/span><span class=\"s1\"> a \u00e9t\u00e9 con\u00e7u par Jean-Baptiste Pietri, le fils du pr\u00e9sident de Constructa. Celui-ci intervient sur de nombreux projets du groupe. En effet, il est aussi l\u2019architecte de la \u00ab\u2009<a rel=\"noreferrer noopener\" aria-label=\" (opens in a new tab)\" href=\"https:\/\/www.constructa.fr\/programme\/marseille\/la-porte-bleue\" target=\"_blank\"><span class=\"s2\">Porte Bleue<\/span><\/a>\u2009\u00bb du projet Les Quais d\u2019Arenc \u00e0 Marseille et de la tour&nbsp;H99 \u00e0 venir.<\/span><\/p>\n\n\n\n<p class=\"p3\"><span class=\"s1\">L\u2019ensemble se compose de <strong>59 biens du studio au 5 pi\u00e8ces<\/strong>. Il se divise en deux sur un patio transversal v\u00e9g\u00e9talis\u00e9, un belv\u00e9d\u00e8re et des passerelles. Cette respiration \u00e9vite l\u2019effet monobloc. Les deux parties consacr\u00e9es aux logements sont \u00e9quip\u00e9es de terrasses \u00e0 tous les \u00e9tages.<\/span><\/p>\n\n\n\n<p class=\"p3\"><span class=\"s1\">Tous les appartements sont traversants et disposent d\u2019une belle vue sur la mer. La livraison du programme a \u00e9t\u00e9 r\u00e9alis\u00e9e en 2014.<\/span><\/p>\n\n\n\n<figure class=\"wp-block-gallery aligncenter columns-3 is-cropped wp-block-gallery-2 is-layout-flex wp-block-gallery-is-layout-flex\"><ul class=\"blocks-gallery-grid\"><li class=\"blocks-gallery-item\"><figure><img loading=\"lazy\" decoding=\"async\" width=\"567\" height=\"378\" src=\"https:\/\/www.appartement-construction.com\/content\/wp-content\/uploads\/2019\/12\/constructa-redline3.jpg\" alt=\"\" data-id=\"5648\" data-full-url=\"https:\/\/www.appartement-construction.com\/content\/wp-content\/uploads\/2019\/12\/constructa-redline3.jpg\" data-link=\"https:\/\/www.appartement-construction.com\/content\/?attachment_id=5648\" class=\"wp-image-5648\"\/><\/figure><\/li><li class=\"blocks-gallery-item\"><figure><img loading=\"lazy\" decoding=\"async\" width=\"567\" height=\"378\" src=\"https:\/\/www.appartement-construction.com\/content\/wp-content\/uploads\/2019\/12\/constructa-redline2.jpg\" alt=\"\" data-id=\"5647\" data-full-url=\"https:\/\/www.appartement-construction.com\/content\/wp-content\/uploads\/2019\/12\/constructa-redline2.jpg\" data-link=\"https:\/\/www.appartement-construction.com\/content\/?attachment_id=5647\" class=\"wp-image-5647\"\/><\/figure><\/li><li class=\"blocks-gallery-item\"><figure><img loading=\"lazy\" decoding=\"async\" width=\"567\" height=\"378\" src=\"https:\/\/www.appartement-construction.com\/content\/wp-content\/uploads\/2019\/12\/constructa-redline.jpg\" alt=\"\" data-id=\"5646\" data-full-url=\"https:\/\/www.appartement-construction.com\/content\/wp-content\/uploads\/2019\/12\/constructa-redline.jpg\" data-link=\"https:\/\/www.appartement-construction.com\/content\/?attachment_id=5646\" class=\"wp-image-5646\"\/><\/figure><\/li><\/ul><\/figure>\n\n\n\n<h2 class=\"p1 wp-block-heading\"><span class=\"s1\"><b>Les agences Constructa<\/b><\/span><\/h2>\n\n\n\n<p class=\"p6\"><span class=\"s1\">Le si\u00e8ge social du groupe Constructa est situ\u00e9 au 134 boulevard Haussmann 75008 Paris. Des agences Constructa Promotion se trouvent \u00e0 Marseille, Cannes, Lyon ou Paris.<\/span><\/p>\n\n\n\n<h2 class=\"p1 wp-block-heading\"><span class=\"s1\"><b>Tableau de synth\u00e8se<\/b><\/span><\/h2>\n\n\n\n<div style=\"height:40px\" aria-hidden=\"true\" class=\"wp-block-spacer\"><\/div>\n\n\n\n<figure class=\"wp-block-table t1\"><table class=\"\"><tbody><tr><td> <p class=\"p7\"><span class=\"s1\"><b>Date de cr\u00e9ation du groupe <\/b><\/span><\/p><\/td><td> <p class=\"p7\"><span class=\"s1\">1964<\/span><span style=\"font-family: inherit; font-size: inherit; font-weight: inherit;\"> <\/span><\/p><\/td><\/tr><tr><td> <p class=\"p7\"><span class=\"s1\"><b>Secteur d\u2019intervention<\/b><\/span><\/p><\/td><td> <p class=\"p7\"><span class=\"s1\">PACA, Auvergne-Rh\u00f4ne-Alpes, Ile de France et USA<\/span><span style=\"font-family: inherit; font-size: inherit; font-weight: inherit;\"> <\/span><\/p><\/td><\/tr><tr><td> <p class=\"p7\"><span class=\"s1\"><b>Type de plans <\/b><\/span><\/p><\/td><td> <p class=\"p7\"><span class=\"s1\">sur catalogue<\/span><span style=\"font-family: inherit; font-size: inherit; font-weight: inherit;\"> <\/span><\/p><\/td><\/tr><tr><td> <p class=\"p7\"><span class=\"s1\"><b>Style de construction<\/b><\/span><span style=\"font-family: inherit; font-size: inherit; font-weight: inherit;\"> <\/span><\/p><\/td><td> <p class=\"p7\"><span class=\"s1\">moderne\u00a0<\/span><span style=\"font-family: inherit; font-size: inherit; font-weight: inherit;\"> <\/span><\/p><\/td><\/tr><tr><td> <p class=\"p7\"><span class=\"s1\"><b>Nombre de logements construits\/an <\/b><\/span><\/p><\/td><td> <p class=\"p7\"><span class=\"s1\"> 25 programmes en cours de montage soit 1700 logements en 2013<\/span><\/p><\/td><\/tr><tr><td> <p class=\"p7\"><span class=\"s1\"><b>Prix de d\u00e9part <\/b><\/span><\/p><\/td><td> <p class=\"p1\"><span class=\"s1\">studio de 27m<\/span><span class=\"s3\"><sup>2<\/sup><\/span><span class=\"s1\"> \u00e0 partir de 128\u2009000\u00a0\u20ac (R\u00e9sidence Yonis)<\/span><\/p><\/td><\/tr><tr><td> <p class=\"p7\"><span class=\"s1\"><b>Adresse du si\u00e8ge<\/b><\/span><\/p><\/td><td> <p class=\"p8\"><span class=\"s1\">134 boulevard Haussmann 75008 Paris<\/span><span style=\"font-family: inherit; font-size: inherit; font-weight: inherit;\"> <\/span><\/p><\/td><\/tr><tr><td> <p class=\"p7\"><span class=\"s1\"><b>Site web<\/b><\/span><span style=\"font-family: inherit; font-size: inherit; font-weight: inherit;\"> <\/span><\/p><\/td><td><br><a href=\"https:\/\/www.constructa.fr\/\">https:\/\/www.constructa.fr\/<\/a><p class=\"p7\"><\/td><\/tr><tr><td> <p class=\"p7\"><span class=\"s1\"><b>T\u00e9l\u00e9phone<\/b><\/span><\/p><\/td><td> <p class=\"p7\"><span class=\"s1\">01\u00a056\u00a059\u00a064\u00a000<\/span><\/p><\/td><\/tr><\/tbody><\/table><\/figure>\n\n\n\n<p class=\"p1\"><span class=\"s1\"><i>Acteur de beaux projets de r\u00e9novation urbaine, cr\u00e9ateur de r\u00e9sidences haut de gamme, mais aussi d\u2019appartements de qualit\u00e9 \u00e0 prix abordable, Constructa est sur tous les fronts. <strong>L\u2019entreprise familiale travaille avec tous les acteurs locaux pour inscrire ses programmes dans leur environnement.<\/strong> C\u2019est l\u2019assurance de cadres de vie agr\u00e9ables et d\u2019un investissement de qualit\u00e9. Pour une habitation principale ou du locatif, n\u2019h\u00e9sitez pas\u2009!&nbsp;<\/i><\/span><\/p>\n","protected":false},"excerpt":{"rendered":"<p>Que vous soyez un primo-acc\u00e9dant exigeant ou investisseur \u00e0 la recherche d\u2019un bien haut de gamme, le Groupe Constructa vous propose tout type d\u2019appartement neuf. En PACA, en r\u00e9gion parisienne ou \u00e0 Lyon et ses alentours, il r\u00e9alise de nombreux programmes immobiliers de qualit\u00e9. Vous souhaitez en savoir plus sur le promoteur Constructa et ses [&hellip;]<\/p>\n","protected":false},"author":12,"featured_media":5645,"comment_status":"open","ping_status":"open","sticky":false,"template":"","format":"standard","meta":{"footnotes":""},"categories":[5],"tags":[],"class_list":["post-5638","post","type-post","status-publish","format-standard","has-post-thumbnail","hentry","category-promoteurs"],"yoast_head":"<!-- This site is optimized with the Yoast SEO plugin v25.1 - https:\/\/yoast.com\/wordpress\/plugins\/seo\/ -->\n<title>Constructa : Pr\u00e9sentation, Programmes Neufs, Agences et Infos Cl\u00e9s !<\/title>\n<meta name=\"description\" content=\"Constructa r\u00e9alise des programmes neufs de qualit\u00e9 en PACA, IDF et en r\u00e9gion Lyonnaise. Vous souhaitez en savoir plus sur ce promoteur ? Suivez le guide !\" \/>\n<meta name=\"robots\" content=\"index, follow, max-snippet:-1, max-image-preview:large, max-video-preview:-1\" \/>\n<link rel=\"canonical\" href=\"https:\/\/www.appartement-construction.com\/content\/promoteurs\/constructa\" \/>\n<meta property=\"og:locale\" content=\"fr_FR\" \/>\n<meta property=\"og:type\" content=\"article\" \/>\n<meta property=\"og:title\" content=\"Constructa : Pr\u00e9sentation, Programmes Neufs, Agences et Infos Cl\u00e9s !\" \/>\n<meta property=\"og:description\" content=\"Constructa r\u00e9alise des programmes neufs de qualit\u00e9 en PACA, IDF et en r\u00e9gion Lyonnaise. Vous souhaitez en savoir plus sur ce promoteur ? Suivez le guide !\" \/>\n<meta property=\"og:url\" content=\"https:\/\/www.appartement-construction.com\/content\/promoteurs\/constructa\" \/>\n<meta property=\"og:site_name\" content=\"Acheter un appartement neuf\" \/>\n<meta property=\"article:publisher\" content=\"https:\/\/www.facebook.com\/AppartementConstructioncom\/\" \/>\n<meta property=\"article:published_time\" content=\"2019-12-30T12:29:18+00:00\" \/>\n<meta property=\"article:modified_time\" content=\"2020-03-10T13:04:10+00:00\" \/>\n<meta property=\"og:image\" content=\"https:\/\/www.appartement-construction.com\/content\/wp-content\/uploads\/2019\/12\/constructa-marina-head.jpg\" \/>\n\t<meta property=\"og:image:width\" content=\"1134\" \/>\n\t<meta property=\"og:image:height\" content=\"589\" \/>\n\t<meta property=\"og:image:type\" content=\"image\/jpeg\" \/>\n<meta name=\"author\" content=\"Laurence\" \/>\n<meta name=\"twitter:label1\" content=\"\u00c9crit par\" \/>\n\t<meta name=\"twitter:data1\" content=\"Laurence\" \/>\n\t<meta name=\"twitter:label2\" content=\"Dur\u00e9e de lecture estim\u00e9e\" \/>\n\t<meta name=\"twitter:data2\" content=\"8 minutes\" \/>\n<script type=\"application\/ld+json\" class=\"yoast-schema-graph\">{\"@context\":\"https:\/\/schema.org\",\"@graph\":[{\"@type\":\"Article\",\"@id\":\"https:\/\/www.appartement-construction.com\/content\/promoteurs\/constructa#article\",\"isPartOf\":{\"@id\":\"https:\/\/www.appartement-construction.com\/content\/promoteurs\/constructa\"},\"author\":{\"name\":\"Laurence\",\"@id\":\"https:\/\/www.appartement-construction.com\/content\/#\/schema\/person\/06fddd1d3f937d2fd54200b32e3dee41\"},\"headline\":\"Constructa &#8211; 1er groupe fran\u00e7ais ind\u00e9pendant de services immobiliers\",\"datePublished\":\"2019-12-30T12:29:18+00:00\",\"dateModified\":\"2020-03-10T13:04:10+00:00\",\"mainEntityOfPage\":{\"@id\":\"https:\/\/www.appartement-construction.com\/content\/promoteurs\/constructa\"},\"wordCount\":1616,\"commentCount\":0,\"publisher\":{\"@id\":\"https:\/\/www.appartement-construction.com\/content\/#organization\"},\"image\":{\"@id\":\"https:\/\/www.appartement-construction.com\/content\/promoteurs\/constructa#primaryimage\"},\"thumbnailUrl\":\"https:\/\/www.appartement-construction.com\/content\/wp-content\/uploads\/2019\/12\/constructa-marina-head.jpg\",\"articleSection\":[\"Les promoteurs\"],\"inLanguage\":\"fr-FR\",\"potentialAction\":[{\"@type\":\"CommentAction\",\"name\":\"Comment\",\"target\":[\"https:\/\/www.appartement-construction.com\/content\/promoteurs\/constructa#respond\"]}]},{\"@type\":\"WebPage\",\"@id\":\"https:\/\/www.appartement-construction.com\/content\/promoteurs\/constructa\",\"url\":\"https:\/\/www.appartement-construction.com\/content\/promoteurs\/constructa\",\"name\":\"Constructa : Pr\u00e9sentation, Programmes Neufs, Agences et Infos Cl\u00e9s !\",\"isPartOf\":{\"@id\":\"https:\/\/www.appartement-construction.com\/content\/#website\"},\"primaryImageOfPage\":{\"@id\":\"https:\/\/www.appartement-construction.com\/content\/promoteurs\/constructa#primaryimage\"},\"image\":{\"@id\":\"https:\/\/www.appartement-construction.com\/content\/promoteurs\/constructa#primaryimage\"},\"thumbnailUrl\":\"https:\/\/www.appartement-construction.com\/content\/wp-content\/uploads\/2019\/12\/constructa-marina-head.jpg\",\"datePublished\":\"2019-12-30T12:29:18+00:00\",\"dateModified\":\"2020-03-10T13:04:10+00:00\",\"description\":\"Constructa r\u00e9alise des programmes neufs de qualit\u00e9 en PACA, IDF et en r\u00e9gion Lyonnaise. Vous souhaitez en savoir plus sur ce promoteur ? Suivez le guide !\",\"breadcrumb\":{\"@id\":\"https:\/\/www.appartement-construction.com\/content\/promoteurs\/constructa#breadcrumb\"},\"inLanguage\":\"fr-FR\",\"potentialAction\":[{\"@type\":\"ReadAction\",\"target\":[\"https:\/\/www.appartement-construction.com\/content\/promoteurs\/constructa\"]}]},{\"@type\":\"ImageObject\",\"inLanguage\":\"fr-FR\",\"@id\":\"https:\/\/www.appartement-construction.com\/content\/promoteurs\/constructa#primaryimage\",\"url\":\"https:\/\/www.appartement-construction.com\/content\/wp-content\/uploads\/2019\/12\/constructa-marina-head.jpg\",\"contentUrl\":\"https:\/\/www.appartement-construction.com\/content\/wp-content\/uploads\/2019\/12\/constructa-marina-head.jpg\",\"width\":1134,\"height\":589,\"caption\":\"Constructa R\u00e9sidence Coeur Marina Montpellier\"},{\"@type\":\"WebSite\",\"@id\":\"https:\/\/www.appartement-construction.com\/content\/#website\",\"url\":\"https:\/\/www.appartement-construction.com\/content\/\",\"name\":\"Acheter un appartement neuf\",\"description\":\"Trouver votre Promoteur et Appartement Neuf en Ligne !\",\"publisher\":{\"@id\":\"https:\/\/www.appartement-construction.com\/content\/#organization\"},\"potentialAction\":[{\"@type\":\"SearchAction\",\"target\":{\"@type\":\"EntryPoint\",\"urlTemplate\":\"https:\/\/www.appartement-construction.com\/content\/?s={search_term_string}\"},\"query-input\":{\"@type\":\"PropertyValueSpecification\",\"valueRequired\":true,\"valueName\":\"search_term_string\"}}],\"inLanguage\":\"fr-FR\"},{\"@type\":\"Organization\",\"@id\":\"https:\/\/www.appartement-construction.com\/content\/#organization\",\"name\":\"Appartement-Construction.com\",\"url\":\"https:\/\/www.appartement-construction.com\/content\/\",\"logo\":{\"@type\":\"ImageObject\",\"inLanguage\":\"fr-FR\",\"@id\":\"https:\/\/www.appartement-construction.com\/content\/#\/schema\/logo\/image\/\",\"url\":\"https:\/\/www.appartement-construction.com\/content\/wp-content\/uploads\/2018\/07\/logo-AC.jpg\",\"contentUrl\":\"https:\/\/www.appartement-construction.com\/content\/wp-content\/uploads\/2018\/07\/logo-AC.jpg\",\"width\":794,\"height\":491,\"caption\":\"Appartement-Construction.com\"},\"image\":{\"@id\":\"https:\/\/www.appartement-construction.com\/content\/#\/schema\/logo\/image\/\"},\"sameAs\":[\"https:\/\/www.facebook.com\/AppartementConstructioncom\/\"]},{\"@type\":\"Person\",\"@id\":\"https:\/\/www.appartement-construction.com\/content\/#\/schema\/person\/06fddd1d3f937d2fd54200b32e3dee41\",\"name\":\"Laurence\",\"image\":{\"@type\":\"ImageObject\",\"inLanguage\":\"fr-FR\",\"@id\":\"https:\/\/www.appartement-construction.com\/content\/#\/schema\/person\/image\/\",\"url\":\"https:\/\/secure.gravatar.com\/avatar\/a3d78ca6bbeca68c34b2ca0bfda3ab3e0a6d919e37a32ff151594431fef523af?s=96&d=mm&r=g\",\"contentUrl\":\"https:\/\/secure.gravatar.com\/avatar\/a3d78ca6bbeca68c34b2ca0bfda3ab3e0a6d919e37a32ff151594431fef523af?s=96&d=mm&r=g\",\"caption\":\"Laurence\"},\"url\":\"https:\/\/www.appartement-construction.com\/content\/author\/laurence\"}]}<\/script>\n<!-- \/ Yoast SEO plugin. -->","yoast_head_json":{"title":"Constructa : Pr\u00e9sentation, Programmes Neufs, Agences et Infos Cl\u00e9s !","description":"Constructa r\u00e9alise des programmes neufs de qualit\u00e9 en PACA, IDF et en r\u00e9gion Lyonnaise. Vous souhaitez en savoir plus sur ce promoteur ? Suivez le guide !","robots":{"index":"index","follow":"follow","max-snippet":"max-snippet:-1","max-image-preview":"max-image-preview:large","max-video-preview":"max-video-preview:-1"},"canonical":"https:\/\/www.appartement-construction.com\/content\/promoteurs\/constructa","og_locale":"fr_FR","og_type":"article","og_title":"Constructa : Pr\u00e9sentation, Programmes Neufs, Agences et Infos Cl\u00e9s !","og_description":"Constructa r\u00e9alise des programmes neufs de qualit\u00e9 en PACA, IDF et en r\u00e9gion Lyonnaise. Vous souhaitez en savoir plus sur ce promoteur ? Suivez le guide !","og_url":"https:\/\/www.appartement-construction.com\/content\/promoteurs\/constructa","og_site_name":"Acheter un appartement neuf","article_publisher":"https:\/\/www.facebook.com\/AppartementConstructioncom\/","article_published_time":"2019-12-30T12:29:18+00:00","article_modified_time":"2020-03-10T13:04:10+00:00","og_image":[{"width":1134,"height":589,"url":"https:\/\/www.appartement-construction.com\/content\/wp-content\/uploads\/2019\/12\/constructa-marina-head.jpg","type":"image\/jpeg"}],"author":"Laurence","twitter_misc":{"\u00c9crit par":"Laurence","Dur\u00e9e de lecture estim\u00e9e":"8 minutes"},"schema":{"@context":"https:\/\/schema.org","@graph":[{"@type":"Article","@id":"https:\/\/www.appartement-construction.com\/content\/promoteurs\/constructa#article","isPartOf":{"@id":"https:\/\/www.appartement-construction.com\/content\/promoteurs\/constructa"},"author":{"name":"Laurence","@id":"https:\/\/www.appartement-construction.com\/content\/#\/schema\/person\/06fddd1d3f937d2fd54200b32e3dee41"},"headline":"Constructa &#8211; 1er groupe fran\u00e7ais ind\u00e9pendant de services immobiliers","datePublished":"2019-12-30T12:29:18+00:00","dateModified":"2020-03-10T13:04:10+00:00","mainEntityOfPage":{"@id":"https:\/\/www.appartement-construction.com\/content\/promoteurs\/constructa"},"wordCount":1616,"commentCount":0,"publisher":{"@id":"https:\/\/www.appartement-construction.com\/content\/#organization"},"image":{"@id":"https:\/\/www.appartement-construction.com\/content\/promoteurs\/constructa#primaryimage"},"thumbnailUrl":"https:\/\/www.appartement-construction.com\/content\/wp-content\/uploads\/2019\/12\/constructa-marina-head.jpg","articleSection":["Les promoteurs"],"inLanguage":"fr-FR","potentialAction":[{"@type":"CommentAction","name":"Comment","target":["https:\/\/www.appartement-construction.com\/content\/promoteurs\/constructa#respond"]}]},{"@type":"WebPage","@id":"https:\/\/www.appartement-construction.com\/content\/promoteurs\/constructa","url":"https:\/\/www.appartement-construction.com\/content\/promoteurs\/constructa","name":"Constructa : Pr\u00e9sentation, Programmes Neufs, Agences et Infos Cl\u00e9s !","isPartOf":{"@id":"https:\/\/www.appartement-construction.com\/content\/#website"},"primaryImageOfPage":{"@id":"https:\/\/www.appartement-construction.com\/content\/promoteurs\/constructa#primaryimage"},"image":{"@id":"https:\/\/www.appartement-construction.com\/content\/promoteurs\/constructa#primaryimage"},"thumbnailUrl":"https:\/\/www.appartement-construction.com\/content\/wp-content\/uploads\/2019\/12\/constructa-marina-head.jpg","datePublished":"2019-12-30T12:29:18+00:00","dateModified":"2020-03-10T13:04:10+00:00","description":"Constructa r\u00e9alise des programmes neufs de qualit\u00e9 en PACA, IDF et en r\u00e9gion Lyonnaise. Vous souhaitez en savoir plus sur ce promoteur ? Suivez le guide !","breadcrumb":{"@id":"https:\/\/www.appartement-construction.com\/content\/promoteurs\/constructa#breadcrumb"},"inLanguage":"fr-FR","potentialAction":[{"@type":"ReadAction","target":["https:\/\/www.appartement-construction.com\/content\/promoteurs\/constructa"]}]},{"@type":"ImageObject","inLanguage":"fr-FR","@id":"https:\/\/www.appartement-construction.com\/content\/promoteurs\/constructa#primaryimage","url":"https:\/\/www.appartement-construction.com\/content\/wp-content\/uploads\/2019\/12\/constructa-marina-head.jpg","contentUrl":"https:\/\/www.appartement-construction.com\/content\/wp-content\/uploads\/2019\/12\/constructa-marina-head.jpg","width":1134,"height":589,"caption":"Constructa R\u00e9sidence Coeur Marina Montpellier"},{"@type":"WebSite","@id":"https:\/\/www.appartement-construction.com\/content\/#website","url":"https:\/\/www.appartement-construction.com\/content\/","name":"Acheter un appartement neuf","description":"Trouver votre Promoteur et Appartement Neuf en Ligne !","publisher":{"@id":"https:\/\/www.appartement-construction.com\/content\/#organization"},"potentialAction":[{"@type":"SearchAction","target":{"@type":"EntryPoint","urlTemplate":"https:\/\/www.appartement-construction.com\/content\/?s={search_term_string}"},"query-input":{"@type":"PropertyValueSpecification","valueRequired":true,"valueName":"search_term_string"}}],"inLanguage":"fr-FR"},{"@type":"Organization","@id":"https:\/\/www.appartement-construction.com\/content\/#organization","name":"Appartement-Construction.com","url":"https:\/\/www.appartement-construction.com\/content\/","logo":{"@type":"ImageObject","inLanguage":"fr-FR","@id":"https:\/\/www.appartement-construction.com\/content\/#\/schema\/logo\/image\/","url":"https:\/\/www.appartement-construction.com\/content\/wp-content\/uploads\/2018\/07\/logo-AC.jpg","contentUrl":"https:\/\/www.appartement-construction.com\/content\/wp-content\/uploads\/2018\/07\/logo-AC.jpg","width":794,"height":491,"caption":"Appartement-Construction.com"},"image":{"@id":"https:\/\/www.appartement-construction.com\/content\/#\/schema\/logo\/image\/"},"sameAs":["https:\/\/www.facebook.com\/AppartementConstructioncom\/"]},{"@type":"Person","@id":"https:\/\/www.appartement-construction.com\/content\/#\/schema\/person\/06fddd1d3f937d2fd54200b32e3dee41","name":"Laurence","image":{"@type":"ImageObject","inLanguage":"fr-FR","@id":"https:\/\/www.appartement-construction.com\/content\/#\/schema\/person\/image\/","url":"https:\/\/secure.gravatar.com\/avatar\/a3d78ca6bbeca68c34b2ca0bfda3ab3e0a6d919e37a32ff151594431fef523af?s=96&d=mm&r=g","contentUrl":"https:\/\/secure.gravatar.com\/avatar\/a3d78ca6bbeca68c34b2ca0bfda3ab3e0a6d919e37a32ff151594431fef523af?s=96&d=mm&r=g","caption":"Laurence"},"url":"https:\/\/www.appartement-construction.com\/content\/author\/laurence"}]}},"_links":{"self":[{"href":"https:\/\/www.appartement-construction.com\/content\/wp-json\/wp\/v2\/posts\/5638","targetHints":{"allow":["GET"]}}],"collection":[{"href":"https:\/\/www.appartement-construction.com\/content\/wp-json\/wp\/v2\/posts"}],"about":[{"href":"https:\/\/www.appartement-construction.com\/content\/wp-json\/wp\/v2\/types\/post"}],"author":[{"embeddable":true,"href":"https:\/\/www.appartement-construction.com\/content\/wp-json\/wp\/v2\/users\/12"}],"replies":[{"embeddable":true,"href":"https:\/\/www.appartement-construction.com\/content\/wp-json\/wp\/v2\/comments?post=5638"}],"version-history":[{"count":15,"href":"https:\/\/www.appartement-construction.com\/content\/wp-json\/wp\/v2\/posts\/5638\/revisions"}],"predecessor-version":[{"id":6578,"href":"https:\/\/www.appartement-construction.com\/content\/wp-json\/wp\/v2\/posts\/5638\/revisions\/6578"}],"wp:featuredmedia":[{"embeddable":true,"href":"https:\/\/www.appartement-construction.com\/content\/wp-json\/wp\/v2\/media\/5645"}],"wp:attachment":[{"href":"https:\/\/www.appartement-construction.com\/content\/wp-json\/wp\/v2\/media?parent=5638"}],"wp:term":[{"taxonomy":"category","embeddable":true,"href":"https:\/\/www.appartement-construction.com\/content\/wp-json\/wp\/v2\/categories?post=5638"},{"taxonomy":"post_tag","embeddable":true,"href":"https:\/\/www.appartement-construction.com\/content\/wp-json\/wp\/v2\/tags?post=5638"}],"curies":[{"name":"wp","href":"https:\/\/api.w.org\/{rel}","templated":true}]}}