{"id":5756,"date":"2020-01-08T16:35:45","date_gmt":"2020-01-08T15:35:45","guid":{"rendered":"https:\/\/www.appartement-construction.com\/content\/?p=5756"},"modified":"2020-07-21T16:58:33","modified_gmt":"2020-07-21T14:58:33","slug":"ogic","status":"publish","type":"post","link":"https:\/\/www.appartement-construction.com\/content\/promoteurs\/ogic","title":{"rendered":"Ogic, ou comment r\u00e9inventer la ville de demain"},"content":{"rendered":"\n<p class=\"p1\"><span class=\"s1\">Vous cherchez \u00e0 acheter un appartement neuf dans <strong>une r\u00e9sidence qui pense \u00e0 votre bien-\u00eatre et \u00e0 l\u2019environnement\u2009<\/strong>? Allez jeter un \u0153il aux r\u00e9alisations du promoteur OGIC. <strong>En \u00cele-de-France, Rh\u00f4ne-Alpes et PACA<\/strong>, il propose de nombreux programmes immobiliers innovants r\u00e9inventant une ville de demain plus verte, plus \u00e9conome en ressources et plus solidaire. Voici quelques-uns de leurs projets en cours et d\u00e9j\u00e0 livr\u00e9s.<\/span><\/p>\n\n\n\n<!--more-->\n\n\n\n<h2 class=\"p1 wp-block-heading\"><span class=\"s1\"><b>Ogic en r\u00e9sum\u00e9<\/b><\/span><\/h2>\n\n\n\n<div style=\"height:40px\" aria-hidden=\"true\" class=\"wp-block-spacer\"><\/div>\n\n\n\n<figure class=\"wp-block-table t1\"><table><tbody><tr><td>\n<p class=\"p3\"><span class=\"s1\"><b>Date de cr\u00e9ation du groupe <\/b><\/span><\/p>\n<\/td><td>\n<p class=\"p4\"><span class=\"s1\">1977<\/span><\/p>\n<\/td><\/tr><tr><td>\n<p class=\"p3\"><span class=\"s1\"><b>Secteur d\u2019intervention<\/b><\/span><\/p>\n<\/td><td>\n<p class=\"p1\"><span class=\"s1\">Ile-de-France, PACA, Savoie et Rh\u00f4ne-Alpes<\/span><\/p>\n<\/td><\/tr><tr><td>\n<p class=\"p3\"><span class=\"s1\"><b>Style de construction<\/b><\/span><\/p>\n<\/td><td>\n<p class=\"p4\"><span class=\"s1\">Moderne<\/span><\/p>\n<\/td><\/tr><tr><td>\n<p class=\"p3\"><span class=\"s1\"><b>Nombre de logements construits\/an <\/b><\/span><\/p>\n<\/td><td>\n<p class=\"p4\"><span class=\"s1\">+ de 2000 logements <\/span><\/p>\n<\/td><\/tr><tr><td>\n<p class=\"p3\"><span class=\"s1\"><b>Prix de d\u00e9part <\/b><\/span><\/p>\n<\/td><td>\n<p class=\"p4\"><span class=\"s1\">T1 de 27 m<\/span><span class=\"s2\"><sup>2<\/sup><\/span><span class=\"s1\"> \u00e0 partir de 149\u2009000&nbsp;\u20ac (R\u00e9sidence Oxyg\u00e8ne, Lagny-sur-Marne)<\/span><\/p>\n<\/td><\/tr><tr><td>\n<p class=\"p3\"><span class=\"s1\"><b>Adresse du si\u00e8ge social<\/b><\/span><\/p>\n<\/td><td>\n<p class=\"p5\"><span class=\"s1\">58, avenue \u00c9douard Vaillant 92100 Boulogne-Billancourt<\/span><\/p>\n<\/td><\/tr><tr><td>\n<p class=\"p3\"><span class=\"s1\"><b>Site web<\/b><\/span><\/p>\n<\/td><td> <p class=\"p4\"><span class=\"s1\"><a href=\"https:\/\/www.ogic.fr\/\">https:\/\/www.ogic.fr\/<\/a><\/span><\/p> <\/td><\/tr><tr><td>\n<p class=\"p3\"><span class=\"s1\"><b>T\u00e9l\u00e9phone<\/b><\/span><\/p>\n<\/td><td>\n<p class=\"p4\"><span class=\"s1\">04&nbsp;90&nbsp;13&nbsp;84&nbsp;40<\/span><\/p>\n<\/td><\/tr><\/tbody><\/table><\/figure>\n\n\n\n<div style=\"height:40px\" aria-hidden=\"true\" class=\"wp-block-spacer\"><\/div>\n\n\n\n<h2 class=\"p1 wp-block-heading\"><span class=\"s1\"><b>Pr\u00e9sentation d&rsquo;Ogic<\/b><\/span><\/h2>\n\n\n\n<div style=\"height:40px\" aria-hidden=\"true\" class=\"wp-block-spacer\"><\/div>\n\n\n\n<h3 class=\"p6 wp-block-heading\"><span class=\"s1\">Quelques mots d\u2019histoire<\/span><\/h3>\n\n\n\n<p class=\"p6\"><span class=\"s1\">Ogic a \u00e9t\u00e9 fond\u00e9 en <strong>1977<\/strong>. Depuis lors, le promoteur a r\u00e9alis\u00e9 <strong>plus de 10\u2009000 logements neufs en \u00cele-de-France, Rh\u00f4ne-Alpes et PACA<\/strong>. <\/span><\/p>\n\n\n\n<p class=\"p6\"><span class=\"s1\">Il travaille sur <strong>du r\u00e9sidentiel principalement<\/strong>, mais aussi sur de l\u2019immobilier d\u2019entreprise, de l\u2019am\u00e9nagement urbain ou de la r\u00e9habilitation et de la valorisation de b\u00e2timents anciens et de monuments historiques. Il a par exemple donn\u00e9 un nouveau souffle \u00e0 des sites embl\u00e9matiques tels que l\u2019<a href=\"https:\/\/www.groupe-ogic.fr\/le-carre-des-siecles-hopital-richaud-versailles\/\" target=\"_blank\" rel=\"noreferrer noopener\" aria-label=\" (opens in a new tab)\"><span class=\"s3\">H\u00f4pital Richaud<\/span><\/a> \u00e0 Versailles ou <a href=\"https:\/\/www.groupe-ogic.fr\/la-vie-grande-ouverte-anciennes-prisons-de-lyon\/\" target=\"_blank\" rel=\"noreferrer noopener\" aria-label=\" (opens in a new tab)\"><span class=\"s3\">les anciennes prisons Saint-Joseph et Saint-Paul \u00e0 Lyon.<\/span><\/a> <\/span><\/p>\n\n\n\n<p class=\"p6\"><span class=\"s1\"><strong>En 2008<\/strong>, <strong>Dentressangle Initiatives devient l\u2019actionnaire majoritaire<\/strong> du groupe. Cette op\u00e9ration permet \u00e0 Ogic de continuer son d\u00e9veloppement et de se positionner sur des projets urbains de grande envergure.<\/span><br><span class=\"s1\"><strong>En 2014<\/strong>, l\u2019entreprise a r\u00e9alis\u00e9 <strong>un chiffre d\u2019affaires de 220 millions d\u2019euros pour 825 mises en chantier.<\/strong><\/span><\/p>\n\n\n\n<h3 class=\"p6 wp-block-heading\"><span class=\"s1\">Un promoteur immobilier de proximit\u00e9<\/span><\/h3>\n\n\n\n<p class=\"p6\"><span class=\"s1\">\u00cele-de-France, PACA, Savoie et Rh\u00f4ne-Alpes, Ogic dispose de bureaux dans toutes ces zones d\u2019intervention. Cela lui permet d\u2019\u00eatre <strong>proche des territoires et de leurs enjeux<\/strong>. \u00c0 la cl\u00e9, l\u2019entreprise peut proposer des programmes situ\u00e9s \u00e0 des adresses privil\u00e9gi\u00e9es au sein des villes et travailler avec des partenaires qui connaissent le terrain. <\/span><\/p>\n\n\n\n<h3 class=\"p6 wp-block-heading\"><span class=\"s1\">Des projets responsables pour une ville plus durable<\/span><\/h3>\n\n\n\n<p class=\"p6\"><span class=\"s1\"><strong>Ogic s\u2019engage \u00e0 red\u00e9finir la ville<\/strong>. L\u2019entreprise la veut <strong>plus verte, plus \u00e9conome en \u00e9nergie, mais aussi plus solidaire<\/strong>. Ainsi, la durabilit\u00e9 et la RSE sont au c\u0153ur de l\u2019ensemble de ses projets qui s\u2019inscrivent dans <strong>une d\u00e9marche de labellisation <a href=\"http:\/\/cibi-biodivercity.com\/biodivercity\/\"><span class=\"s3\">Biodivercity<\/span><\/a><\/strong>. Ce certificat \u00e9value et valorise la prise en compte de la biodiversit\u00e9 par les promoteurs dans leurs programmes immobiliers. <br>Large place r\u00e9serv\u00e9e \u00e0 la nature, \u00e0 la lumi\u00e8re naturelle, aux mat\u00e9riaux et produits plus sains comme les peintures sans COV, aux services mutualis\u00e9s, au confort thermique, acoustique, mais \u00e9galement olfactif, etc. <strong>L\u2019environnement et l\u2019humain sont mis au centre des projets de l\u2019entreprise.<\/strong> Le cadre de vie doit \u00eatre sain et favoriser le bien-\u00eatre de ses occupants. <\/span><\/p>\n\n\n\n<div class=\"wp-block-image\"><figure class=\"aligncenter size-large\"><img loading=\"lazy\" decoding=\"async\" width=\"567\" height=\"433\" src=\"https:\/\/www.appartement-construction.com\/content\/wp-content\/uploads\/2020\/01\/ogic-kitchen-club-allure.jpg\" alt=\"Ogic espaces partag\u00e9s r\u00e9sidence\" class=\"wp-image-5789\" \/><figcaption>Kitchen Club, R\u00e9sidence Allure, Clichy-Batignolles<\/figcaption><\/figure><\/div>\n\n\n\n<p class=\"p6\"><span class=\"s1\">\u00ab\u2009<a href=\"https:\/\/www.groupe-ogic.fr\/realisation\/la-serre-issy-les-moulineaux\/\"><span class=\"s3\">La Serre<\/span><\/a>\u2009\u00bb, la \u00ab\u2009premi\u00e8re prairie verticale francilienne\u2009\u00bb qui sera construite\u2009 \u00e0 Issy-les-Moulineaux peut illustrer cette volont\u00e9. En effet, ce projet d\u2019immeuble r\u00e9sidentiel de 18 \u00e9tages pens\u00e9 par le cabinet d\u2019architecture <a href=\"https:\/\/www.mvrdv.nl\/\"><span class=\"s3\">MVRDV<\/span><\/a> pour Ogic <strong>pr\u00e9voit une biodiversit\u00e9 omnipr\u00e9sente<\/strong>. Celle-ci prot\u00e8ge les habitants des nuisances sonores et de la pollution et am\u00e9liore leur quotidien.<\/span><br><\/p>\n\n\n\n<figure class=\"wp-block-gallery aligncenter columns-2 is-cropped wp-block-gallery-1 is-layout-flex wp-block-gallery-is-layout-flex\"><ul class=\"blocks-gallery-grid\"><li class=\"blocks-gallery-item\"><figure><img loading=\"lazy\" decoding=\"async\" width=\"383\" height=\"425\" src=\"https:\/\/www.appartement-construction.com\/content\/wp-content\/uploads\/2020\/01\/ogic-la-serre-2.jpg\" alt=\"\" data-id=\"5773\" data-full-url=\"https:\/\/www.appartement-construction.com\/content\/wp-content\/uploads\/2020\/01\/ogic-la-serre-2.jpg\" data-link=\"https:\/\/www.appartement-construction.com\/content\/?attachment_id=5773\" class=\"wp-image-5773\" \/><\/figure><\/li><li class=\"blocks-gallery-item\"><figure><img loading=\"lazy\" decoding=\"async\" width=\"340\" height=\"425\" src=\"https:\/\/www.appartement-construction.com\/content\/wp-content\/uploads\/2020\/01\/ogic-la-serre.jpg\" alt=\"\" data-id=\"5774\" data-full-url=\"https:\/\/www.appartement-construction.com\/content\/wp-content\/uploads\/2020\/01\/ogic-la-serre.jpg\" data-link=\"https:\/\/www.appartement-construction.com\/content\/?attachment_id=5774\" class=\"wp-image-5774\" \/><\/figure><\/li><\/ul><\/figure>\n\n\n\n<p class=\"p6\"><span class=\"s1\">Le projet \u00ab\u2009<a href=\"https:\/\/www.groupe-ogic.fr\/realisation\/mille-arbres\/\"><span class=\"s3\">Mille arbres<\/span><\/a>\u2009\u00bb inscrit sur un \u00e9changeur autoroutier Porte Maillot est aussi symbolique de ce d\u00e9sir de r\u00e9inventer la ville de demain.<\/span><\/p>\n\n\n\n<div class=\"wp-block-image\"><figure class=\"aligncenter size-large\"><img loading=\"lazy\" decoding=\"async\" width=\"1024\" height=\"464\" src=\"https:\/\/www.appartement-construction.com\/content\/wp-content\/uploads\/2020\/01\/ogic-head-1-1024x464.jpg\" alt=\"Ogic projet mille arbres Issy-les-Moulineaux\" class=\"wp-image-5785\" srcset=\"https:\/\/www.appartement-construction.com\/content\/wp-content\/uploads\/2020\/01\/ogic-head-1-1024x464.jpg 1024w, https:\/\/www.appartement-construction.com\/content\/wp-content\/uploads\/2020\/01\/ogic-head-1-900x407.jpg 900w, https:\/\/www.appartement-construction.com\/content\/wp-content\/uploads\/2020\/01\/ogic-head-1-768x348.jpg 768w, https:\/\/www.appartement-construction.com\/content\/wp-content\/uploads\/2020\/01\/ogic-head-1-600x272.jpg 600w, https:\/\/www.appartement-construction.com\/content\/wp-content\/uploads\/2020\/01\/ogic-head-1.jpg 1027w\" sizes=\"auto, (max-width: 1024px) 100vw, 1024px\" \/><\/figure><\/div>\n\n\n\n<h3 class=\"p6 wp-block-heading\"><span class=\"s1\">Des partenaires de renom pour des projets d\u2019exception<\/span><\/h3>\n\n\n\n<p class=\"p6\"><span class=\"s1\">Architectes, designer d\u2019int\u00e9rieur, paysagistes. <strong>Ogic s\u2019entoure des plus grands experts pour concevoir des r\u00e9alisations d\u2019exception<\/strong>. Immobilier r\u00e9sidentiel, bureaux ou vastes projets urbains, ses constructions font la diff\u00e9rence.<\/span><br><span class=\"s1\">Ainsi<\/span> :<\/p>\n\n\n\n<ul class=\"wp-block-list\"><li><span class=\"s1\"><a aria-label=\" (opens in a new tab)\" rel=\"noreferrer noopener\" target=\"_blank\" href=\"https:\/\/www.unanime.fr\/\"><span class=\"s3\">Unanime<\/span><\/a> Architectes a cr\u00e9e \u00c9crin Lumi\u00e8re, programme de 23 appartements au 32 rue Saint-Nestor \u00e0 Lyon.<\/span><\/li><\/ul>\n\n\n\n<figure class=\"wp-block-gallery aligncenter columns-2 is-cropped wp-block-gallery-2 is-layout-flex wp-block-gallery-is-layout-flex\"><ul class=\"blocks-gallery-grid\"><li class=\"blocks-gallery-item\"><figure><img loading=\"lazy\" decoding=\"async\" width=\"567\" height=\"368\" src=\"https:\/\/www.appartement-construction.com\/content\/wp-content\/uploads\/2020\/01\/ogic-unanime2.jpg\" alt=\"\" data-id=\"5783\" data-full-url=\"https:\/\/www.appartement-construction.com\/content\/wp-content\/uploads\/2020\/01\/ogic-unanime2.jpg\" data-link=\"https:\/\/www.appartement-construction.com\/content\/?attachment_id=5783\" class=\"wp-image-5783\" \/><\/figure><\/li><li class=\"blocks-gallery-item\"><figure><img loading=\"lazy\" decoding=\"async\" width=\"567\" height=\"381\" src=\"https:\/\/www.appartement-construction.com\/content\/wp-content\/uploads\/2020\/01\/ogic-unanime.jpg\" alt=\"\" data-id=\"5784\" data-full-url=\"https:\/\/www.appartement-construction.com\/content\/wp-content\/uploads\/2020\/01\/ogic-unanime.jpg\" data-link=\"https:\/\/www.appartement-construction.com\/content\/?attachment_id=5784\" class=\"wp-image-5784\" \/><\/figure><\/li><\/ul><\/figure>\n\n\n\n<ul class=\"wp-block-list\"><li><span class=\"s1\">L\u2019ensemble <a href=\"http:\/\/www.fresharchitectures.eu\/fr\/projets\/clichy-vs-batignolles\"><span class=\"s3\">Allure <\/span><\/a>(livr\u00e9 en 2018) dans la ZAC Clichy-Batignolles propose 121 logements r\u00e9alis\u00e9s par <a rel=\"noreferrer noopener\" aria-label=\" (opens in a new tab)\" href=\"http:\/\/itar.fr\/batignolles\" target=\"_blank\"><span class=\"s3\">ITAR Architectures<\/span><\/a> et Fresh Artchitectures. Le paysagisme y est con\u00e7u par <a href=\"https:\/\/www.baseland.fr\/projets\/paris-clichy-batignolles-lot-o6b\/\" target=\"_blank\" rel=\"noreferrer noopener\" aria-label=\" (opens in a new tab)\"><span class=\"s3\">Base<\/span><\/a>. Ici, l\u2019am\u00e9nagement v\u00e9g\u00e9tal est \u00e9tag\u00e9 et met \u00e0 disposition des habitants un espace-terrasse en libre acc\u00e8s. <\/span><\/li><\/ul>\n\n\n\n<figure class=\"wp-block-gallery aligncenter columns-3 is-cropped wp-block-gallery-3 is-layout-flex wp-block-gallery-is-layout-flex\"><ul class=\"blocks-gallery-grid\"><li class=\"blocks-gallery-item\"><figure><img loading=\"lazy\" decoding=\"async\" width=\"567\" height=\"360\" src=\"https:\/\/www.appartement-construction.com\/content\/wp-content\/uploads\/2020\/01\/ogic-zac2.jpg\" alt=\"\" data-id=\"5777\" class=\"wp-image-5777\" \/><\/figure><\/li><li class=\"blocks-gallery-item\"><figure><img loading=\"lazy\" decoding=\"async\" width=\"567\" height=\"379\" src=\"https:\/\/www.appartement-construction.com\/content\/wp-content\/uploads\/2020\/01\/ogic-zac-1.jpg\" alt=\"\" data-id=\"5781\" data-full-url=\"https:\/\/www.appartement-construction.com\/content\/wp-content\/uploads\/2020\/01\/ogic-zac-1.jpg\" data-link=\"https:\/\/www.appartement-construction.com\/content\/?attachment_id=5781\" class=\"wp-image-5781\" \/><\/figure><\/li><li class=\"blocks-gallery-item\"><figure><img loading=\"lazy\" decoding=\"async\" width=\"567\" height=\"429\" src=\"https:\/\/www.appartement-construction.com\/content\/wp-content\/uploads\/2020\/01\/ogic-ZAC0-1.jpg\" alt=\"\" data-id=\"5782\" data-full-url=\"https:\/\/www.appartement-construction.com\/content\/wp-content\/uploads\/2020\/01\/ogic-ZAC0-1.jpg\" data-link=\"https:\/\/www.appartement-construction.com\/content\/?attachment_id=5782\" class=\"wp-image-5782\" \/><\/figure><\/li><\/ul><\/figure>\n\n\n\n<ul class=\"wp-block-list\"><li>Mise en Seine, r\u00e9sidence de 80 logements situ\u00e9e au 39 rue des abondances \u00e0 Boulogne-Billancourt est pens\u00e9 par <a aria-label=\" (opens in a new tab)\" rel=\"noreferrer noopener\" target=\"_blank\" href=\"http:\/\/www.wilmotte.fr\/fr\">Wilmotte &amp; Associ\u00e9s Architectes<\/a>.<\/li><\/ul>\n\n\n\n<figure class=\"wp-block-gallery aligncenter columns-2 is-cropped wp-block-gallery-4 is-layout-flex wp-block-gallery-is-layout-flex\"><ul class=\"blocks-gallery-grid\"><li class=\"blocks-gallery-item\"><figure><img loading=\"lazy\" decoding=\"async\" width=\"567\" height=\"379\" src=\"https:\/\/www.appartement-construction.com\/content\/wp-content\/uploads\/2020\/01\/ogic-wilmotte1.jpg\" alt=\"\" data-id=\"5775\" data-full-url=\"https:\/\/www.appartement-construction.com\/content\/wp-content\/uploads\/2020\/01\/ogic-wilmotte1.jpg\" data-link=\"https:\/\/www.appartement-construction.com\/content\/?attachment_id=5775\" class=\"wp-image-5775\" \/><\/figure><\/li><li class=\"blocks-gallery-item\"><figure><img loading=\"lazy\" decoding=\"async\" width=\"567\" height=\"373\" src=\"https:\/\/www.appartement-construction.com\/content\/wp-content\/uploads\/2020\/01\/ogic-wilmotte2.jpg\" alt=\"\" data-id=\"5776\" data-full-url=\"https:\/\/www.appartement-construction.com\/content\/wp-content\/uploads\/2020\/01\/ogic-wilmotte2.jpg\" data-link=\"https:\/\/www.appartement-construction.com\/content\/?attachment_id=5776\" class=\"wp-image-5776\" \/><\/figure><\/li><\/ul><\/figure>\n\n\n\n<h3 class=\"p6 wp-block-heading\"><span class=\"s1\">Des r\u00e9alisations prim\u00e9es<\/span><\/h3>\n\n\n\n<p class=\"p6\"><span class=\"s1\">Les projets du groupe OGIC sont r\u00e9guli\u00e8rement r\u00e9compens\u00e9s. <\/span><br><span class=\"s1\">Pour exemple :<\/span><\/p>\n\n\n\n<ul class=\"wp-block-list\"><li><span class=\"s1\">Allure dans la ZAC de Clichy-Batignolles \u00e0 obtenu l<strong>a Pyramide d\u2019Argent \u00cele-de-France<\/strong><\/span>.<\/li><li><span class=\"s1\">Yd\u00e9al confluence \u00e0 Lyon (2019) a eu <strong>la Pyramide d\u2019Or dans la cat\u00e9gorie \u00ab\u2009B\u00e2timent bas carbone\u2009\u00bb et la Pyramide d\u2019Argent dans la cat\u00e9gorie \u00ab\u2009Grand Prix r\u00e9gional\u2009\u00bb.<\/strong><\/span><\/li><li><span class=\"s1\">Mille Arbres \u00e0 Paris (2019) a re\u00e7u le \u00ab\u2009<strong>Best Futura Project\u2009\u00bb au Mipim Awards<\/strong><\/span>.<\/li><li><span class=\"s1\">Golfe d\u2019Amour \u00e0 La Ciotat (2016) a obtenu <strong>la Pyramide d\u2019Argent du Parcours R\u00e9sidentiel.<\/strong><\/span><\/li><\/ul>\n\n\n\n<div class=\"wp-block-image\"><figure class=\"aligncenter size-large\"><img loading=\"lazy\" decoding=\"async\" width=\"567\" height=\"315\" src=\"https:\/\/www.appartement-construction.com\/content\/wp-content\/uploads\/2020\/01\/ogic-allure2.jpg\" alt=\"Ogic appartement neuf Clich-Batignolles\" class=\"wp-image-5790\" \/><figcaption>R\u00e9sidence Allure, Clichy-Batignolles<\/figcaption><\/figure><\/div>\n\n\n\n<h2 class=\"p1 wp-block-heading\"><span class=\"s1\"><b>Zoom sur un programme en cours d\u2019Ogic<\/b><\/span><\/h2>\n\n\n\n<div style=\"height:40px\" aria-hidden=\"true\" class=\"wp-block-spacer\"><\/div>\n\n\n\n<h3 class=\"p6 wp-block-heading\"><span class=\"s1\">La r\u00e9sidence Oxyg\u00e8ne \u00e0 Lagny-sur-Marne<\/span><\/h3>\n\n\n\n<h4 class=\"p6 wp-block-heading\"><span class=\"s1\">La ville&nbsp;<\/span><\/h4>\n\n\n\n<p class=\"p6\"><span class=\"s1\">Situ\u00e9e \u00e0 28&nbsp;km de Paris, Lagny-sur-Marne est une belle cit\u00e9 m\u00e9di\u00e9vale qui a su conserver son environnement naturel tout en offrant un fort dynamisme \u00e9conomique et culturel. En effet, elle est proche de grands p\u00f4les d\u2019emplois. \u00c9coles, commerces, services, rien ne manque et le tout dans un cadre privil\u00e9gi\u00e9 et paisible.<\/span><\/p>\n\n\n\n<h4 class=\"p6 wp-block-heading\"><span class=\"s1\">La r\u00e9sidence <\/span><\/h4>\n\n\n\n<p class=\"p6\"><span class=\"s3\"><a rel=\"noreferrer noopener\" aria-label=\" (opens in a new tab)\" href=\"https:\/\/www.ogic.fr\/ile-de-france\/77\/lagny-sur-marne\/oxygene\/91\" target=\"_blank\">La r\u00e9sidence Oxyg\u00e8ne<\/a><\/span><span class=\"s1\"> sise avenue G\u00e9n\u00e9ral Leclerc se compose d\u2019appartements <strong>du studio au 5 pi\u00e8ces<\/strong>. Elle se niche a<strong>u c\u0153ur du Parc Saint-Jean, le tout nouvel \u00e9coquartier<\/strong>. Il offre 5 ha de verdure, mais aussi une \u00e9cole, une cr\u00e8che, un gymnase. De tr\u00e8s faible hauteur, la construction affiche des teintes claires et des mat\u00e9riaux naturels (m\u00e9tal, brique, enduit aspect bois, etc.).<\/span> <span class=\"s1\"><strong>Le projet vise le label Biodivercity et la certification NF Habitat. <\/strong><\/span><\/p>\n\n\n\n<p class=\"p6\"><span class=\"s1\">Les appartements sont ouverts sur de beaux espaces ext\u00e9rieurs tels que balcons, terrasses ou jardins privatifs en rez-de-chauss\u00e9e. <strong>B\u00e9n\u00e9ficiant d\u2019une double ou triple exposition, la lumi\u00e8re naturelle y entre g\u00e9n\u00e9reusement<\/strong>. Par ailleurs, pour favoriser les \u00e9changes entre les r\u00e9sidents dans un esprit collaboratif et solidaire, <strong>une terrasse partag\u00e9e et am\u00e9nag\u00e9e en cuisine d\u2019\u00e9t\u00e9 est install\u00e9e sur le toit du b\u00e2timent.<\/strong> Un c\u0153ur d\u2019\u00eelot paysager est \u00e9galement propice aux rencontres. <\/span><\/p>\n\n\n\n<h4 class=\"p6 wp-block-heading\"><span class=\"s1\">Les prestations<\/span><\/h4>\n\n\n\n<p class=\"p6\"><span class=\"s1\">Les prestations sont tr\u00e8s soign\u00e9es et les finitions sont personnalisables. Hauteur sous plafond entre 2,40 et 2,50&nbsp;m, salles de bains am\u00e9nag\u00e9es, chapes thermoacoustiques au RDC et acoustique aux \u00e9tages, etc. <\/span><\/p>\n\n\n\n<p class=\"p6\"><span class=\"s1\">Un T1 de 27 m<\/span><span class=\"s4\"><sup>2<\/sup><\/span><span class=\"s1\"> au 2e \u00e9tage est \u00e0 149\u2009000&nbsp;\u20ac. Un T4 de 79&nbsp;m<\/span><span class=\"s4\"><sup>2<\/sup><\/span><span class=\"s1\"> au 1er \u00e9tage + parking est \u00e0 299\u2009000&nbsp;\u20ac.<\/span> <span class=\"s1\">La livraison est pr\u00e9vue \u00e0 partir du 4e trimestre&nbsp;2021.<\/span><\/p>\n\n\n\n<figure class=\"wp-block-gallery aligncenter columns-2 is-cropped wp-block-gallery-5 is-layout-flex wp-block-gallery-is-layout-flex\"><ul class=\"blocks-gallery-grid\"><li class=\"blocks-gallery-item\"><figure><img loading=\"lazy\" decoding=\"async\" width=\"567\" height=\"361\" src=\"https:\/\/www.appartement-construction.com\/content\/wp-content\/uploads\/2020\/01\/ogic-oxygene.jpg\" alt=\"\" data-id=\"5771\" data-full-url=\"https:\/\/www.appartement-construction.com\/content\/wp-content\/uploads\/2020\/01\/ogic-oxygene.jpg\" data-link=\"https:\/\/www.appartement-construction.com\/content\/?attachment_id=5771\" class=\"wp-image-5771\" \/><\/figure><\/li><li class=\"blocks-gallery-item\"><figure><img loading=\"lazy\" decoding=\"async\" width=\"407\" height=\"425\" src=\"https:\/\/www.appartement-construction.com\/content\/wp-content\/uploads\/2020\/01\/ogic-oxyge\u0300ne2.jpg\" alt=\"\" data-id=\"5772\" data-full-url=\"https:\/\/www.appartement-construction.com\/content\/wp-content\/uploads\/2020\/01\/ogic-oxyge\u0300ne2.jpg\" data-link=\"https:\/\/www.appartement-construction.com\/content\/?attachment_id=5772\" class=\"wp-image-5772\" \/><\/figure><\/li><\/ul><\/figure>\n\n\n\n<h2 class=\"p1 wp-block-heading\"><span class=\"s1\"><b>Derniers programmes livr\u00e9s par Ogic<\/b><\/span><\/h2>\n\n\n\n<div style=\"height:40px\" aria-hidden=\"true\" class=\"wp-block-spacer\"><\/div>\n\n\n\n<h3 class=\"p6 wp-block-heading\"><span class=\"s1\">La r\u00e9sidence Corniche Talabot \u00e0 Marseille <\/span><\/h3>\n\n\n\n<div class=\"wp-block-image\"><figure class=\"aligncenter size-large\"><img loading=\"lazy\" decoding=\"async\" width=\"567\" height=\"384\" src=\"https:\/\/www.appartement-construction.com\/content\/wp-content\/uploads\/2020\/01\/ogic-talabot.jpg\" alt=\"Corniche Talabot Ogic Marseille\" class=\"wp-image-5767\" \/><\/figure><\/div>\n\n\n\n<h4 class=\"p6 wp-block-heading\"><span class=\"s1\">Le quartier<\/span><\/h4>\n\n\n\n<p class=\"p6\"><span class=\"s1\">Proche du ch\u00e2teau du m\u00eame nom et des plages du Prado, la r\u00e9sidence Corniche Talabot se situe avenue du Colonet Serot dans le 7e arrondissement. Celui-ci jouxte la mer et pr\u00e9sente des monuments embl\u00e9matiques de Marseille telle que la basilique Notre-Dame de la Garde, le fort Saint-Nicolas ou encore l\u2019abbaye Saint-Victor. <strong>Au calme, mais \u00e0 quelques pas de toutes les commodit\u00e9s, le secteur de la r\u00e9sidence est tr\u00e8s recherch\u00e9.<\/strong><\/span><\/p>\n\n\n\n<h4 class=\"p6 wp-block-heading\"><span class=\"s1\">La r\u00e9sidence <\/span><\/h4>\n\n\n\n<p class=\"p6\"><span class=\"s1\">Compos\u00e9e de <strong>19 logements du 2 au 4 pi\u00e8ces,<\/strong> le programme<a rel=\"noreferrer noopener\" aria-label=\" (opens in a new tab)\" href=\"https:\/\/www.ogic.fr\/provence-alpes-cote-d-azur\/13\/marseille-7\/corniche-talabot\/53\" target=\"_blank\"><span class=\"s3\"> Corniche Talabot<\/span><\/a> s\u2019int\u00e8gre parfaitement \u00e0 son environnement tr\u00e8s verdoyant. Il est en effet construit \u00e0 proximit\u00e9 d\u2019un parc arbor\u00e9 class\u00e9 dans lequel il se fond. Ses appartements s\u2019ouvrent vers l\u2019ext\u00e9rieur gr\u00e2ce \u00e0 des jardins privatifs, des terrasses ou des loggias. Son architecture est sobre et \u00e9l\u00e9gante. Les b\u00e2timents \u00e9pousent le terrain en s\u2019\u00e9rigeant sur 3 \u00e9tages en terrasse. <strong>La limite entre la nature et le b\u00e2ti se confond<\/strong> gr\u00e2ce \u00e0 des pergolas en bois v\u00e9g\u00e9talis\u00e9s install\u00e9es sur toute la hauteur des fa\u00e7ades. L\u2019architecte du projet est Pascal Crepet et Bernard Vernerey<\/span>.<\/p>\n\n\n\n<h4 class=\"p6 wp-block-heading\"><span class=\"s1\">Les prestations<\/span><\/h4>\n\n\n\n<p class=\"p6\"><span class=\"s1\">Elles sont de qualit\u00e9. Rev\u00eatements en carrelage gr\u00e8s \u00e9maill\u00e9 grands formats Marazzi ou Saloni dans les pi\u00e8ces s\u00e8ches et fa\u00efence dans les pi\u00e8ces d\u2019eau, vastes baies vitr\u00e9es, jardini\u00e8res pour certains appartements, portes d\u2019entr\u00e9e blind\u00e9es, salles de bain am\u00e9nag\u00e9es avec des \u00e9quipements Jacob Delafon, etc. Bien entendu, l\u2019ensemble des finitions est totalement personnalisable.<\/span><\/p>\n\n\n\n<figure class=\"wp-block-gallery aligncenter columns-2 is-cropped wp-block-gallery-6 is-layout-flex wp-block-gallery-is-layout-flex\"><ul class=\"blocks-gallery-grid\"><li class=\"blocks-gallery-item\"><figure><img loading=\"lazy\" decoding=\"async\" width=\"567\" height=\"343\" src=\"https:\/\/www.appartement-construction.com\/content\/wp-content\/uploads\/2020\/01\/ogic-talabot3.jpg\" alt=\"\" data-id=\"5769\" data-full-url=\"https:\/\/www.appartement-construction.com\/content\/wp-content\/uploads\/2020\/01\/ogic-talabot3.jpg\" data-link=\"https:\/\/www.appartement-construction.com\/content\/?attachment_id=5769\" class=\"wp-image-5769\" \/><\/figure><\/li><li class=\"blocks-gallery-item\"><figure><img loading=\"lazy\" decoding=\"async\" width=\"567\" height=\"354\" src=\"https:\/\/www.appartement-construction.com\/content\/wp-content\/uploads\/2020\/01\/ogic-talabot4.jpg\" alt=\"\" data-id=\"5770\" data-full-url=\"https:\/\/www.appartement-construction.com\/content\/wp-content\/uploads\/2020\/01\/ogic-talabot4.jpg\" data-link=\"https:\/\/www.appartement-construction.com\/content\/?attachment_id=5770\" class=\"wp-image-5770\" \/><\/figure><\/li><li class=\"blocks-gallery-item\"><figure><img loading=\"lazy\" decoding=\"async\" width=\"567\" height=\"379\" src=\"https:\/\/www.appartement-construction.com\/content\/wp-content\/uploads\/2020\/01\/ogic-talabot2.jpg\" alt=\"\" data-id=\"5768\" data-full-url=\"https:\/\/www.appartement-construction.com\/content\/wp-content\/uploads\/2020\/01\/ogic-talabot2.jpg\" data-link=\"https:\/\/www.appartement-construction.com\/content\/?attachment_id=5768\" class=\"wp-image-5768\" \/><\/figure><\/li><\/ul><\/figure>\n\n\n\n<h3 class=\"p6 wp-block-heading\"><span class=\"s1\">La r\u00e9sidence Collection \u00e0 Villeurbanne <\/span><\/h3>\n\n\n\n<div class=\"wp-block-image\"><figure class=\"aligncenter size-large\"><img loading=\"lazy\" decoding=\"async\" width=\"567\" height=\"316\" src=\"https:\/\/www.appartement-construction.com\/content\/wp-content\/uploads\/2020\/01\/villeurbanne.jpg\" alt=\"plan Villeurbanne\" class=\"wp-image-5766\" \/><figcaption>source : Google Maps<\/figcaption><\/figure><\/div>\n\n\n\n<h4 class=\"p6 wp-block-heading\"><span class=\"s1\">Le quartier Grandcl\u00e9ment \u00e0 Villeurbanne<\/span><\/h4>\n\n\n\n<p class=\"p6\"><span class=\"s1\">Villeurbanne est parfaitement connect\u00e9e au centre de Lyon et \u00e0 l\u2019ensemble de l\u2019agglom\u00e9ration. Le quartier Grandcl\u00e9ment b\u00e9n\u00e9ficie de surcroit d\u2019une ambiance calme et dispose de toutes les commodit\u00e9s. Tout est accessible \u00e0 pied.<\/span><\/p>\n\n\n\n<h4 class=\"p6 wp-block-heading\"><span class=\"s1\">La r\u00e9sidence <\/span><\/h4>\n\n\n\n<p class=\"p6\"><span class=\"s1\">Situ\u00e9e au 130 rue L\u00e9on Blum, <a rel=\"noreferrer noopener\" aria-label=\" (opens in a new tab)\" href=\"https:\/\/www.ogic.fr\/auvergne-rhone-alpes\/69\/villeurbanne\/collection\/55\" target=\"_blank\"><span class=\"s3\">la r\u00e9sidence Collection<\/span><\/a> est un vrai parc habit\u00e9. Nich\u00e9e au c\u0153ur d\u2019un jardin arbor\u00e9, elle est enti\u00e8rement entour\u00e9e de v\u00e9g\u00e9tation. Baies vitr\u00e9es et espaces ext\u00e9rieurs \u00e9quipant tous les appartements permettent \u00e0 la lumi\u00e8re naturelle d\u2019inonder les pi\u00e8ces. En son centre, le Kube, ancien b\u00e2timent industriel r\u00e9habilit\u00e9, propose des services partag\u00e9s. Le programme a \u00e9t\u00e9 con\u00e7u par <a rel=\"noreferrer noopener\" aria-label=\" (opens in a new tab)\" href=\"http:\/\/www.alexandre-chemetoff.com\/\" target=\"_blank\"><span class=\"s3\">Alexandre Chemetoff &amp; Associ\u00e9s<\/span><\/a>. <\/span><\/p>\n\n\n\n<p class=\"p6\"><span class=\"s1\">Les prestations sont de qualit\u00e9 et chaque bien r\u00e9pond aux besoins de ses futurs occupants. Ils sont uniques.<\/span> <span class=\"s1\">La livraison a \u00e9t\u00e9 faite courant du 2e trimestre&nbsp;2019.<\/span><\/p>\n\n\n\n<figure class=\"wp-block-gallery aligncenter columns-2 is-cropped wp-block-gallery-7 is-layout-flex wp-block-gallery-is-layout-flex\"><ul class=\"blocks-gallery-grid\"><li class=\"blocks-gallery-item\"><figure><img loading=\"lazy\" decoding=\"async\" width=\"567\" height=\"375\" src=\"https:\/\/www.appartement-construction.com\/content\/wp-content\/uploads\/2020\/01\/ogic-collection2.jpg\" alt=\"\" data-id=\"5787\" data-full-url=\"https:\/\/www.appartement-construction.com\/content\/wp-content\/uploads\/2020\/01\/ogic-collection2.jpg\" data-link=\"https:\/\/www.appartement-construction.com\/content\/?attachment_id=5787\" class=\"wp-image-5787\" \/><\/figure><\/li><li class=\"blocks-gallery-item\"><figure><img loading=\"lazy\" decoding=\"async\" width=\"567\" height=\"374\" src=\"https:\/\/www.appartement-construction.com\/content\/wp-content\/uploads\/2020\/01\/ogic-collection3.jpg\" alt=\"\" data-id=\"5788\" data-full-url=\"https:\/\/www.appartement-construction.com\/content\/wp-content\/uploads\/2020\/01\/ogic-collection3.jpg\" data-link=\"https:\/\/www.appartement-construction.com\/content\/?attachment_id=5788\" class=\"wp-image-5788\" \/><\/figure><\/li><li class=\"blocks-gallery-item\"><figure><img loading=\"lazy\" decoding=\"async\" width=\"567\" height=\"276\" src=\"https:\/\/www.appartement-construction.com\/content\/wp-content\/uploads\/2020\/01\/ogic-collection.jpg\" alt=\"\" data-id=\"5786\" data-full-url=\"https:\/\/www.appartement-construction.com\/content\/wp-content\/uploads\/2020\/01\/ogic-collection.jpg\" data-link=\"https:\/\/www.appartement-construction.com\/content\/?attachment_id=5786\" class=\"wp-image-5786\" \/><\/figure><\/li><\/ul><\/figure>\n\n\n\n<h2 class=\"p1 wp-block-heading\"><span class=\"s1\"><b>Les agences et espaces de vente Ogic<\/b><\/span><\/h2>\n\n\n\n<p class=\"p10\"><span class=\"s1\">Le groupe poss\u00e8de des agences en Rh\u00f4ne-Alpes au 11 bis, quai Perrache 69 002 Lyon, mais aussi \u00e0 Marseille au 509, avenue du Prado et en Savoie au 39, avenue des Romaines 74 000 Annecy. <\/span><\/p>\n\n\n\n<p class=\"p10\"><span class=\"s1\"><strong>Le point de vente pour le programme immobilier Oxyg\u00e8n<\/strong>e est au 32, avenue du g\u00e9n\u00e9ral Leclerc \u00e0 Lagny-sur-Marne. <\/span><\/p>\n\n\n\n<p class=\"p1\"><span class=\"s1\"><i>Ogic, promoteur depuis plus de 50 ans en \u00cele-de-France, Rh\u00f4ne-Alpes et PACA, propose des projets immobiliers innovants. Ils r\u00e9inventent une ville de demain plus verte et plus solidaire. <strong>Si vous d\u00e9sirez habiter dans une r\u00e9sidence qui veille \u00e0 concilier bien-\u00eatre personnel, collectif et environnement, les projets sont nombreux et tous tr\u00e8s s\u00e9duisants<\/strong>. 43 sont en cours en \u00cele-de-France, 12 dans le Grand Lyon, 9 \u00e0 Marseille et sur la c\u00f4te Varoise et 5 autour d\u2019Annecy. <\/i><\/span><\/p>\n","protected":false},"excerpt":{"rendered":"<p>Vous cherchez \u00e0 acheter un appartement neuf dans une r\u00e9sidence qui pense \u00e0 votre bien-\u00eatre et \u00e0 l\u2019environnement\u2009? Allez jeter un \u0153il aux r\u00e9alisations du promoteur OGIC. En \u00cele-de-France, Rh\u00f4ne-Alpes et PACA, il propose de nombreux programmes immobiliers innovants r\u00e9inventant une ville de demain plus verte, plus \u00e9conome en ressources et plus solidaire. Voici quelques-uns [&hellip;]<\/p>\n","protected":false},"author":12,"featured_media":5765,"comment_status":"open","ping_status":"open","sticky":false,"template":"","format":"standard","meta":{"footnotes":""},"categories":[5],"tags":[],"class_list":["post-5756","post","type-post","status-publish","format-standard","has-post-thumbnail","hentry","category-promoteurs"],"yoast_head":"<!-- This site is optimized with the Yoast SEO plugin v25.1 - https:\/\/yoast.com\/wordpress\/plugins\/seo\/ -->\n<title>OGIC : Pr\u00e9sentation, Programmes Neufs, Agences et Infos Cl\u00e9s !<\/title>\n<meta name=\"description\" content=\"Le Promoteur OGIC propose des Programmes Immobiliers en \u00cele-de-France, Rh\u00f4ne-Alpes et PACA. Tous concilient bien-\u00eatre et environnement. D\u00e9couverte ...\" \/>\n<meta name=\"robots\" content=\"index, follow, max-snippet:-1, max-image-preview:large, max-video-preview:-1\" \/>\n<link rel=\"canonical\" href=\"https:\/\/www.appartement-construction.com\/content\/promoteurs\/ogic\" \/>\n<meta property=\"og:locale\" content=\"fr_FR\" \/>\n<meta property=\"og:type\" content=\"article\" \/>\n<meta property=\"og:title\" content=\"OGIC : Pr\u00e9sentation, Programmes Neufs, Agences et Infos Cl\u00e9s !\" \/>\n<meta property=\"og:description\" content=\"Le Promoteur OGIC propose des Programmes Immobiliers en \u00cele-de-France, Rh\u00f4ne-Alpes et PACA. Tous concilient bien-\u00eatre et environnement. D\u00e9couverte ...\" \/>\n<meta property=\"og:url\" content=\"https:\/\/www.appartement-construction.com\/content\/promoteurs\/ogic\" \/>\n<meta property=\"og:site_name\" content=\"Acheter un appartement neuf\" \/>\n<meta property=\"article:publisher\" content=\"https:\/\/www.facebook.com\/AppartementConstructioncom\/\" \/>\n<meta property=\"article:published_time\" content=\"2020-01-08T15:35:45+00:00\" \/>\n<meta property=\"article:modified_time\" content=\"2020-07-21T14:58:33+00:00\" \/>\n<meta property=\"og:image\" content=\"https:\/\/www.appartement-construction.com\/content\/wp-content\/uploads\/2020\/01\/ogic-head.jpg\" \/>\n\t<meta property=\"og:image:width\" content=\"1027\" \/>\n\t<meta property=\"og:image:height\" content=\"465\" \/>\n\t<meta property=\"og:image:type\" content=\"image\/jpeg\" \/>\n<meta name=\"author\" content=\"Laurence\" \/>\n<meta name=\"twitter:label1\" content=\"\u00c9crit par\" \/>\n\t<meta name=\"twitter:data1\" content=\"Laurence\" \/>\n\t<meta name=\"twitter:label2\" content=\"Dur\u00e9e de lecture estim\u00e9e\" \/>\n\t<meta name=\"twitter:data2\" content=\"8 minutes\" \/>\n<script type=\"application\/ld+json\" class=\"yoast-schema-graph\">{\"@context\":\"https:\/\/schema.org\",\"@graph\":[{\"@type\":\"Article\",\"@id\":\"https:\/\/www.appartement-construction.com\/content\/promoteurs\/ogic#article\",\"isPartOf\":{\"@id\":\"https:\/\/www.appartement-construction.com\/content\/promoteurs\/ogic\"},\"author\":{\"name\":\"Laurence\",\"@id\":\"https:\/\/www.appartement-construction.com\/content\/#\/schema\/person\/06fddd1d3f937d2fd54200b32e3dee41\"},\"headline\":\"Ogic, ou comment r\u00e9inventer la ville de demain\",\"datePublished\":\"2020-01-08T15:35:45+00:00\",\"dateModified\":\"2020-07-21T14:58:33+00:00\",\"mainEntityOfPage\":{\"@id\":\"https:\/\/www.appartement-construction.com\/content\/promoteurs\/ogic\"},\"wordCount\":1686,\"commentCount\":0,\"publisher\":{\"@id\":\"https:\/\/www.appartement-construction.com\/content\/#organization\"},\"image\":{\"@id\":\"https:\/\/www.appartement-construction.com\/content\/promoteurs\/ogic#primaryimage\"},\"thumbnailUrl\":\"https:\/\/www.appartement-construction.com\/content\/wp-content\/uploads\/2020\/01\/ogic-head.jpg\",\"articleSection\":[\"Les promoteurs\"],\"inLanguage\":\"fr-FR\",\"potentialAction\":[{\"@type\":\"CommentAction\",\"name\":\"Comment\",\"target\":[\"https:\/\/www.appartement-construction.com\/content\/promoteurs\/ogic#respond\"]}]},{\"@type\":\"WebPage\",\"@id\":\"https:\/\/www.appartement-construction.com\/content\/promoteurs\/ogic\",\"url\":\"https:\/\/www.appartement-construction.com\/content\/promoteurs\/ogic\",\"name\":\"OGIC : Pr\u00e9sentation, Programmes Neufs, Agences et Infos Cl\u00e9s !\",\"isPartOf\":{\"@id\":\"https:\/\/www.appartement-construction.com\/content\/#website\"},\"primaryImageOfPage\":{\"@id\":\"https:\/\/www.appartement-construction.com\/content\/promoteurs\/ogic#primaryimage\"},\"image\":{\"@id\":\"https:\/\/www.appartement-construction.com\/content\/promoteurs\/ogic#primaryimage\"},\"thumbnailUrl\":\"https:\/\/www.appartement-construction.com\/content\/wp-content\/uploads\/2020\/01\/ogic-head.jpg\",\"datePublished\":\"2020-01-08T15:35:45+00:00\",\"dateModified\":\"2020-07-21T14:58:33+00:00\",\"description\":\"Le Promoteur OGIC propose des Programmes Immobiliers en \u00cele-de-France, Rh\u00f4ne-Alpes et PACA. Tous concilient bien-\u00eatre et environnement. D\u00e9couverte ...\",\"breadcrumb\":{\"@id\":\"https:\/\/www.appartement-construction.com\/content\/promoteurs\/ogic#breadcrumb\"},\"inLanguage\":\"fr-FR\",\"potentialAction\":[{\"@type\":\"ReadAction\",\"target\":[\"https:\/\/www.appartement-construction.com\/content\/promoteurs\/ogic\"]}]},{\"@type\":\"ImageObject\",\"inLanguage\":\"fr-FR\",\"@id\":\"https:\/\/www.appartement-construction.com\/content\/promoteurs\/ogic#primaryimage\",\"url\":\"https:\/\/www.appartement-construction.com\/content\/wp-content\/uploads\/2020\/01\/ogic-head.jpg\",\"contentUrl\":\"https:\/\/www.appartement-construction.com\/content\/wp-content\/uploads\/2020\/01\/ogic-head.jpg\",\"width\":1027,\"height\":465,\"caption\":\"Ogic projet Mille Arbres\"},{\"@type\":\"WebSite\",\"@id\":\"https:\/\/www.appartement-construction.com\/content\/#website\",\"url\":\"https:\/\/www.appartement-construction.com\/content\/\",\"name\":\"Acheter un appartement neuf\",\"description\":\"Trouver votre Promoteur et Appartement Neuf en Ligne !\",\"publisher\":{\"@id\":\"https:\/\/www.appartement-construction.com\/content\/#organization\"},\"potentialAction\":[{\"@type\":\"SearchAction\",\"target\":{\"@type\":\"EntryPoint\",\"urlTemplate\":\"https:\/\/www.appartement-construction.com\/content\/?s={search_term_string}\"},\"query-input\":{\"@type\":\"PropertyValueSpecification\",\"valueRequired\":true,\"valueName\":\"search_term_string\"}}],\"inLanguage\":\"fr-FR\"},{\"@type\":\"Organization\",\"@id\":\"https:\/\/www.appartement-construction.com\/content\/#organization\",\"name\":\"Appartement-Construction.com\",\"url\":\"https:\/\/www.appartement-construction.com\/content\/\",\"logo\":{\"@type\":\"ImageObject\",\"inLanguage\":\"fr-FR\",\"@id\":\"https:\/\/www.appartement-construction.com\/content\/#\/schema\/logo\/image\/\",\"url\":\"https:\/\/www.appartement-construction.com\/content\/wp-content\/uploads\/2018\/07\/logo-AC.jpg\",\"contentUrl\":\"https:\/\/www.appartement-construction.com\/content\/wp-content\/uploads\/2018\/07\/logo-AC.jpg\",\"width\":794,\"height\":491,\"caption\":\"Appartement-Construction.com\"},\"image\":{\"@id\":\"https:\/\/www.appartement-construction.com\/content\/#\/schema\/logo\/image\/\"},\"sameAs\":[\"https:\/\/www.facebook.com\/AppartementConstructioncom\/\"]},{\"@type\":\"Person\",\"@id\":\"https:\/\/www.appartement-construction.com\/content\/#\/schema\/person\/06fddd1d3f937d2fd54200b32e3dee41\",\"name\":\"Laurence\",\"image\":{\"@type\":\"ImageObject\",\"inLanguage\":\"fr-FR\",\"@id\":\"https:\/\/www.appartement-construction.com\/content\/#\/schema\/person\/image\/\",\"url\":\"https:\/\/secure.gravatar.com\/avatar\/a3d78ca6bbeca68c34b2ca0bfda3ab3e0a6d919e37a32ff151594431fef523af?s=96&d=mm&r=g\",\"contentUrl\":\"https:\/\/secure.gravatar.com\/avatar\/a3d78ca6bbeca68c34b2ca0bfda3ab3e0a6d919e37a32ff151594431fef523af?s=96&d=mm&r=g\",\"caption\":\"Laurence\"},\"url\":\"https:\/\/www.appartement-construction.com\/content\/author\/laurence\"}]}<\/script>\n<!-- \/ Yoast SEO plugin. -->","yoast_head_json":{"title":"OGIC : Pr\u00e9sentation, Programmes Neufs, Agences et Infos Cl\u00e9s !","description":"Le Promoteur OGIC propose des Programmes Immobiliers en \u00cele-de-France, Rh\u00f4ne-Alpes et PACA. Tous concilient bien-\u00eatre et environnement. D\u00e9couverte ...","robots":{"index":"index","follow":"follow","max-snippet":"max-snippet:-1","max-image-preview":"max-image-preview:large","max-video-preview":"max-video-preview:-1"},"canonical":"https:\/\/www.appartement-construction.com\/content\/promoteurs\/ogic","og_locale":"fr_FR","og_type":"article","og_title":"OGIC : Pr\u00e9sentation, Programmes Neufs, Agences et Infos Cl\u00e9s !","og_description":"Le Promoteur OGIC propose des Programmes Immobiliers en \u00cele-de-France, Rh\u00f4ne-Alpes et PACA. Tous concilient bien-\u00eatre et environnement. D\u00e9couverte ...","og_url":"https:\/\/www.appartement-construction.com\/content\/promoteurs\/ogic","og_site_name":"Acheter un appartement neuf","article_publisher":"https:\/\/www.facebook.com\/AppartementConstructioncom\/","article_published_time":"2020-01-08T15:35:45+00:00","article_modified_time":"2020-07-21T14:58:33+00:00","og_image":[{"width":1027,"height":465,"url":"https:\/\/www.appartement-construction.com\/content\/wp-content\/uploads\/2020\/01\/ogic-head.jpg","type":"image\/jpeg"}],"author":"Laurence","twitter_misc":{"\u00c9crit par":"Laurence","Dur\u00e9e de lecture estim\u00e9e":"8 minutes"},"schema":{"@context":"https:\/\/schema.org","@graph":[{"@type":"Article","@id":"https:\/\/www.appartement-construction.com\/content\/promoteurs\/ogic#article","isPartOf":{"@id":"https:\/\/www.appartement-construction.com\/content\/promoteurs\/ogic"},"author":{"name":"Laurence","@id":"https:\/\/www.appartement-construction.com\/content\/#\/schema\/person\/06fddd1d3f937d2fd54200b32e3dee41"},"headline":"Ogic, ou comment r\u00e9inventer la ville de demain","datePublished":"2020-01-08T15:35:45+00:00","dateModified":"2020-07-21T14:58:33+00:00","mainEntityOfPage":{"@id":"https:\/\/www.appartement-construction.com\/content\/promoteurs\/ogic"},"wordCount":1686,"commentCount":0,"publisher":{"@id":"https:\/\/www.appartement-construction.com\/content\/#organization"},"image":{"@id":"https:\/\/www.appartement-construction.com\/content\/promoteurs\/ogic#primaryimage"},"thumbnailUrl":"https:\/\/www.appartement-construction.com\/content\/wp-content\/uploads\/2020\/01\/ogic-head.jpg","articleSection":["Les promoteurs"],"inLanguage":"fr-FR","potentialAction":[{"@type":"CommentAction","name":"Comment","target":["https:\/\/www.appartement-construction.com\/content\/promoteurs\/ogic#respond"]}]},{"@type":"WebPage","@id":"https:\/\/www.appartement-construction.com\/content\/promoteurs\/ogic","url":"https:\/\/www.appartement-construction.com\/content\/promoteurs\/ogic","name":"OGIC : Pr\u00e9sentation, Programmes Neufs, Agences et Infos Cl\u00e9s !","isPartOf":{"@id":"https:\/\/www.appartement-construction.com\/content\/#website"},"primaryImageOfPage":{"@id":"https:\/\/www.appartement-construction.com\/content\/promoteurs\/ogic#primaryimage"},"image":{"@id":"https:\/\/www.appartement-construction.com\/content\/promoteurs\/ogic#primaryimage"},"thumbnailUrl":"https:\/\/www.appartement-construction.com\/content\/wp-content\/uploads\/2020\/01\/ogic-head.jpg","datePublished":"2020-01-08T15:35:45+00:00","dateModified":"2020-07-21T14:58:33+00:00","description":"Le Promoteur OGIC propose des Programmes Immobiliers en \u00cele-de-France, Rh\u00f4ne-Alpes et PACA. Tous concilient bien-\u00eatre et environnement. D\u00e9couverte ...","breadcrumb":{"@id":"https:\/\/www.appartement-construction.com\/content\/promoteurs\/ogic#breadcrumb"},"inLanguage":"fr-FR","potentialAction":[{"@type":"ReadAction","target":["https:\/\/www.appartement-construction.com\/content\/promoteurs\/ogic"]}]},{"@type":"ImageObject","inLanguage":"fr-FR","@id":"https:\/\/www.appartement-construction.com\/content\/promoteurs\/ogic#primaryimage","url":"https:\/\/www.appartement-construction.com\/content\/wp-content\/uploads\/2020\/01\/ogic-head.jpg","contentUrl":"https:\/\/www.appartement-construction.com\/content\/wp-content\/uploads\/2020\/01\/ogic-head.jpg","width":1027,"height":465,"caption":"Ogic projet Mille Arbres"},{"@type":"WebSite","@id":"https:\/\/www.appartement-construction.com\/content\/#website","url":"https:\/\/www.appartement-construction.com\/content\/","name":"Acheter un appartement neuf","description":"Trouver votre Promoteur et Appartement Neuf en Ligne !","publisher":{"@id":"https:\/\/www.appartement-construction.com\/content\/#organization"},"potentialAction":[{"@type":"SearchAction","target":{"@type":"EntryPoint","urlTemplate":"https:\/\/www.appartement-construction.com\/content\/?s={search_term_string}"},"query-input":{"@type":"PropertyValueSpecification","valueRequired":true,"valueName":"search_term_string"}}],"inLanguage":"fr-FR"},{"@type":"Organization","@id":"https:\/\/www.appartement-construction.com\/content\/#organization","name":"Appartement-Construction.com","url":"https:\/\/www.appartement-construction.com\/content\/","logo":{"@type":"ImageObject","inLanguage":"fr-FR","@id":"https:\/\/www.appartement-construction.com\/content\/#\/schema\/logo\/image\/","url":"https:\/\/www.appartement-construction.com\/content\/wp-content\/uploads\/2018\/07\/logo-AC.jpg","contentUrl":"https:\/\/www.appartement-construction.com\/content\/wp-content\/uploads\/2018\/07\/logo-AC.jpg","width":794,"height":491,"caption":"Appartement-Construction.com"},"image":{"@id":"https:\/\/www.appartement-construction.com\/content\/#\/schema\/logo\/image\/"},"sameAs":["https:\/\/www.facebook.com\/AppartementConstructioncom\/"]},{"@type":"Person","@id":"https:\/\/www.appartement-construction.com\/content\/#\/schema\/person\/06fddd1d3f937d2fd54200b32e3dee41","name":"Laurence","image":{"@type":"ImageObject","inLanguage":"fr-FR","@id":"https:\/\/www.appartement-construction.com\/content\/#\/schema\/person\/image\/","url":"https:\/\/secure.gravatar.com\/avatar\/a3d78ca6bbeca68c34b2ca0bfda3ab3e0a6d919e37a32ff151594431fef523af?s=96&d=mm&r=g","contentUrl":"https:\/\/secure.gravatar.com\/avatar\/a3d78ca6bbeca68c34b2ca0bfda3ab3e0a6d919e37a32ff151594431fef523af?s=96&d=mm&r=g","caption":"Laurence"},"url":"https:\/\/www.appartement-construction.com\/content\/author\/laurence"}]}},"_links":{"self":[{"href":"https:\/\/www.appartement-construction.com\/content\/wp-json\/wp\/v2\/posts\/5756","targetHints":{"allow":["GET"]}}],"collection":[{"href":"https:\/\/www.appartement-construction.com\/content\/wp-json\/wp\/v2\/posts"}],"about":[{"href":"https:\/\/www.appartement-construction.com\/content\/wp-json\/wp\/v2\/types\/post"}],"author":[{"embeddable":true,"href":"https:\/\/www.appartement-construction.com\/content\/wp-json\/wp\/v2\/users\/12"}],"replies":[{"embeddable":true,"href":"https:\/\/www.appartement-construction.com\/content\/wp-json\/wp\/v2\/comments?post=5756"}],"version-history":[{"count":13,"href":"https:\/\/www.appartement-construction.com\/content\/wp-json\/wp\/v2\/posts\/5756\/revisions"}],"predecessor-version":[{"id":7525,"href":"https:\/\/www.appartement-construction.com\/content\/wp-json\/wp\/v2\/posts\/5756\/revisions\/7525"}],"wp:featuredmedia":[{"embeddable":true,"href":"https:\/\/www.appartement-construction.com\/content\/wp-json\/wp\/v2\/media\/5765"}],"wp:attachment":[{"href":"https:\/\/www.appartement-construction.com\/content\/wp-json\/wp\/v2\/media?parent=5756"}],"wp:term":[{"taxonomy":"category","embeddable":true,"href":"https:\/\/www.appartement-construction.com\/content\/wp-json\/wp\/v2\/categories?post=5756"},{"taxonomy":"post_tag","embeddable":true,"href":"https:\/\/www.appartement-construction.com\/content\/wp-json\/wp\/v2\/tags?post=5756"}],"curies":[{"name":"wp","href":"https:\/\/api.w.org\/{rel}","templated":true}]}}