{"id":5887,"date":"2020-03-09T14:36:27","date_gmt":"2020-03-09T13:36:27","guid":{"rendered":"https:\/\/www.appartement-construction.com\/content\/?p=5887"},"modified":"2020-07-21T16:49:38","modified_gmt":"2020-07-21T14:49:38","slug":"groupe-cardinal","status":"publish","type":"post","link":"https:\/\/www.appartement-construction.com\/content\/promoteurs\/groupe-cardinal","title":{"rendered":"Le Groupe Cardinal, des constructions \u00e9tonnantes et innovantes"},"content":{"rendered":"\n<p class=\"p1\"><span class=\"s1\">Si vous cherchez un appartement neuf dans une r\u00e9sidence associant innovation, esth\u00e9tique contemporaine, prestations de standing et services partag\u00e9s, <strong>les programmes immobiliers du groupe Cardinal<\/strong> sont pour vous. Le promoteur construit dans toute la France avec un territoire de pr\u00e9dilection&nbsp;: Lyon, son secteur historique. Bureaux, logements, h\u00f4pitaux, r\u00e9sidences \u00e9tudiantes ou seniors, l\u2019offre est compl\u00e8te et les architectures toujours s\u00e9duisantes. <strong>Voici une s\u00e9lection de r\u00e9alisations<\/strong> en cours ou d\u00e9j\u00e0 livr\u00e9es.<\/span><\/p>\n\n\n\n<!--more-->\n\n\n\n<h2 class=\"p1 wp-block-heading\"><span class=\"s1\"><b>Cardinal Promotion en r\u00e9sum\u00e9<\/b><\/span><\/h2>\n\n\n\n<div style=\"height:40px\" aria-hidden=\"true\" class=\"wp-block-spacer\"><\/div>\n\n\n\n<figure class=\"wp-block-table t1\"><table><tbody><tr><td>\n<p class=\"p3\"><span class=\"s1\"><b>Date de cr\u00e9ation du groupe <\/b><\/span><\/p>\n<\/td><td>\n<p class=\"p3\"><span class=\"s1\">2005<\/span><\/p>\n<\/td><\/tr><tr><td>\n<p class=\"p3\"><span class=\"s1\"><b>Secteur d\u2019intervention<\/b><\/span><\/p>\n<\/td><td>\n<p class=\"p1\"><span class=\"s1\">Lyon, Paris, Bordeaux et toute la France<\/span><\/p>\n<\/td><\/tr><tr><td>\n<p class=\"p3\"><span class=\"s1\"><b>Style de construction<\/b><\/span><\/p>\n<\/td><td> Contemporaine <\/td><\/tr><tr><td>\n<p class=\"p3\"><span class=\"s1\"><b>Prix de d\u00e9part <\/b><\/span><\/p>\n<\/td><td> <p class=\"p1\"><span class=\"s2\">T1 de <\/span><span class=\"s1\">23,62&nbsp;<\/span><span class=\"s2\">m<\/span><span class=\"s3\"><sup>2<\/sup><\/span><span class=\"s2\"> \u00e0 partir de 85\u2009000&nbsp;\u20ac (R\u00e9sidence <\/span><span class=\"s1\"><b>\u00ab\u2009<\/b>Aux marronniers s\u2019\u00e9crit le temps\u2009\u00bb, La Verpilli\u00e8r<\/span><span style=\"font-family: inherit;font-size: inherit;font-weight: inherit\">e) <\/span><\/p><\/td><\/tr><tr><td>\n<p class=\"p3\"><span class=\"s1\"><b>Adresse du si\u00e8ge social Cardinal Promotion<\/b><\/span><\/p>\n<\/td><td>\n<p class=\"p4\"><span class=\"s1\">42 quai Rambaud&nbsp;69002 Lyon<\/span><\/p>\n<\/td><\/tr><tr><td>\n<p class=\"p3\"><span class=\"s1\"><b>Adresse du groupe Cardinal<\/b><\/span><\/p>\n<\/td><td>\n<p class=\"p3\"><span class=\"s1\">14 rue Cambac\u00e9r\u00e8s 75008 Paris<\/span><\/p>\n<\/td><\/tr><tr><td>\n<p class=\"p3\"><span class=\"s1\"><b>Site web<\/b><\/span><\/p>\n<\/td><td>\n<p class=\"p3\"><a href=\"https:\/\/www.groupecardinal.com\" target=\"_blank\" rel=\"noopener noreferrer\"><span class=\"s1\">https:\/\/www.groupecardinal.com<\/span><\/a><\/p>\n<\/td><\/tr><tr><td>\n<p class=\"p3\"><span class=\"s1\"><b>T\u00e9l\u00e9phone<\/b><\/span><\/p>\n<\/td><td>\n<p class=\"p3\"><span class=\"s1\">04&nbsp;72&nbsp;07&nbsp;62&nbsp;63<\/span><\/p>\n<\/td><\/tr><\/tbody><\/table><\/figure>\n\n\n\n<div style=\"height:40px\" aria-hidden=\"true\" class=\"wp-block-spacer\"><\/div>\n\n\n\n<h2 class=\"p1 wp-block-heading\"><span class=\"s1\"><b>Pr\u00e9sentation du Groupe Cardinal<\/b><\/span><\/h2>\n\n\n\n<div style=\"height:40px\" aria-hidden=\"true\" class=\"wp-block-spacer\"><\/div>\n\n\n\n<h3 class=\"p5 wp-block-heading\"><span class=\"s1\">Quelques mots d\u2019histoire<\/span><\/h3>\n\n\n\n<p class=\"p5\"><span class=\"s1\">Le groupe Cardinal a \u00e9t\u00e9 fond\u00e9 en Rh\u00f4ne-Alpes <strong>en 2005 par Jean-Christophe Larose<\/strong>, toujours pr\u00e9sident g\u00e9n\u00e9ral. Actuellement, il se compose de plus de 70 personnes et repr\u00e9sente pr\u00e8s de 100 millions d\u2019euros de CA. Promotion, gestion et investissement immobilier, son activit\u00e9 s\u2019entend progressivement sur toute la France. <strong>En 2018, 25 projets \u00e9taient en cours sur tout l\u2019hexagone.<\/strong><\/span><\/p>\n\n\n\n<p class=\"p5\"><span class=\"s1\"><strong>Cardinal Promotion est la branche promotion immobili\u00e8re du groupe<\/strong>. Elle r\u00e9alise des programmes aussi bien dans le r\u00e9sidentiel que le tertiaire, l\u2019hospitalier ou l\u2019h\u00f4tellerie.<\/span><\/p>\n\n\n\n<h3 class=\"p5 wp-block-heading\"><span class=\"s1\">\u00ab\u2009Un peu de b\u00e9ton, beaucoup d\u2019imagination\u2009!\u2009\u00bb<\/span><\/h3>\n\n\n\n<p class=\"p5\"><span class=\"s1\">Le Groupe Cardinal est bien plus qu\u2019un promoteur. Il se veut <strong>promoteur-designer<\/strong>. En effet, nombreuses de ses r\u00e9alisations sont le fruit d\u2019une collaboration avec <strong>de grands noms de l\u2019architecture et des bureaux d\u2019\u00e9tudes novateurs<\/strong>. Parmi eux, on peut citer Wilmotte &amp; Associ\u00e9s, Jean Nouvel, Rudy Ricciotti, Jakob+MacFarlane, etc. Le si\u00e8ge social de l\u2019entreprise, le \u00ab\u2009Cube Orange\u2009\u00bb cr\u00e9\u00e9 par ce dernier et situ\u00e9 dans le dynamique quartier de La Confluence \u00e0 Lyon (2e arrondissement) est le symbole de cette volont\u00e9 d\u2019innovation. D\u2019ailleurs, le groupe Cardinal a \u00e9t\u00e9 un des premiers \u00e0 se positionner sur ce site embl\u00e9matique de la ville.<\/span><\/p>\n\n\n\n<p class=\"p5\"><span class=\"s1\">On peut citer bien d\u2019autres r\u00e9alisations \u00e9tonnantes du groupe telles que <a href=\"https:\/\/www.groupecardinal.com\/realisations\/tertiaire\/siege-mondial-euronews\" target=\"_blank\" rel=\"noopener noreferrer\"><span class=\"s4\">le si\u00e8ge Mondial d\u2019Euronews<\/span><\/a> par Jakob + MacFarlane, <a href=\"https:\/\/www.groupecardinal.com\/realisations\/tertiaire\/siege-maison-de-la-radio\" target=\"_blank\" rel=\"noopener noreferrer\"><span class=\"s4\">le si\u00e8ge de la Maison de la radio<\/span><\/a> con\u00e7u par le Cabinet Aamco, \u00ab\u2009<a href=\"https:\/\/www.groupecardinal.com\/realisations\/tertiaire\/pavillon-52-lyon-confluence\" target=\"_blank\" rel=\"noopener noreferrer\"><span class=\"s4\">Pavillon 52<\/span><\/a><\/span><span class=\"s4\">&nbsp;\u00bb <\/span><span class=\"s1\">si\u00e8ge d\u2019Acies Consulting Group par Rudi Ricciotti ou l\u2019immeuble de logements <a href=\"https:\/\/www.groupecardinal.com\/realisations\/residentiel\/ycone-by-jean-nouvel\" target=\"_blank\" rel=\"noopener noreferrer\"><span class=\"s4\">Ycone<\/span><\/a> par Jean Nouvel. <\/span><\/p>\n\n\n\n<figure class=\"wp-block-gallery aligncenter columns-3 is-cropped wp-block-gallery-1 is-layout-flex wp-block-gallery-is-layout-flex\"><ul class=\"blocks-gallery-grid\"><li class=\"blocks-gallery-item\"><figure><img loading=\"lazy\" decoding=\"async\" width=\"567\" height=\"266\" src=\"https:\/\/www.appartement-construction.com\/content\/wp-content\/uploads\/2020\/01\/groupe-cardinal-euronews-1.jpg\" alt=\"\" data-id=\"6161\" data-link=\"https:\/\/www.appartement-construction.com\/content\/?attachment_id=6161\" class=\"wp-image-6161\" \/><\/figure><\/li><li class=\"blocks-gallery-item\"><figure><img loading=\"lazy\" decoding=\"async\" width=\"567\" height=\"380\" src=\"https:\/\/www.appartement-construction.com\/content\/wp-content\/uploads\/2020\/01\/groupe-cardinal-MAISON-De-La-Radio-1.jpg\" alt=\"\" data-id=\"6162\" data-full-url=\"https:\/\/www.appartement-construction.com\/content\/wp-content\/uploads\/2020\/01\/groupe-cardinal-MAISON-De-La-Radio-1.jpg\" data-link=\"https:\/\/www.appartement-construction.com\/content\/?attachment_id=6162\" class=\"wp-image-6162\" \/><\/figure><\/li><li class=\"blocks-gallery-item\"><figure><img loading=\"lazy\" decoding=\"async\" width=\"567\" height=\"530\" src=\"https:\/\/www.appartement-construction.com\/content\/wp-content\/uploads\/2020\/01\/groupe-cardinal-CUBE.jpg\" alt=\"\" data-id=\"6160\" data-link=\"https:\/\/www.appartement-construction.com\/content\/?attachment_id=6160\" class=\"wp-image-6160\" \/><\/figure><\/li><\/ul><\/figure>\n\n\n\n<div class=\"wp-block-image\"><figure class=\"aligncenter size-large\"><img loading=\"lazy\" decoding=\"async\" width=\"567\" height=\"298\" src=\"https:\/\/www.appartement-construction.com\/content\/wp-content\/uploads\/2020\/01\/groupe-cardinal-PAVILLON-52-2-1.jpg\" alt=\"Groupe Cardinal pavillon 52 Lyon Confluence\" class=\"wp-image-6163\" \/><\/figure><\/div>\n\n\n\n<h3 class=\"p5 wp-block-heading\"><span class=\"s1\">Des constructions centr\u00e9es sur le bien-\u00eatre de ses occupants<\/span><\/h3>\n\n\n\n<p class=\"p5\"><span class=\"s1\">Bureaux ou logements, le groupe Cardinal con\u00e7oit des projets innovants et ambitieux <strong>tout en veillant \u00e0 les int\u00e9grer \u00e0 leur environnement et \u00e0 assurer le bien-\u00eatre personnel et collectif de ses habitants. <\/strong><\/span><\/p>\n\n\n\n<p class=\"p5\"><span class=\"s1\">Pour exemple :<\/span><\/p>\n\n\n\n<ul class=\"wp-block-list\"><li><span class=\"s1\">le nouveau <a rel=\"noopener noreferrer\" href=\"https:\/\/www.groupecardinal.com\/actus\/futur-siege-de-bjorg-bonneterre-cie\" target=\"_blank\"><span class=\"s4\">si\u00e8ge de Bjorg, Bonneterre et Cie<\/span><\/a> \u00e0 Saint-Genis-Laval pens\u00e9 par William Vassal (Z Architecture), mise sur le bien-\u00eatre des salari\u00e9s. De ce fait, l\u2019entreprise veut obtenir pour ce projet <strong>le label Well<\/strong>. Celui-ci se pr\u00e9occupe de la qualit\u00e9 de l\u2019air, des mat\u00e9riaux et de l\u2019eau, de l\u2019\u00e9clairage, de l\u2019acoustique et de l\u2019ergonomie des lieux de travail, de la restauration, mais aussi de l\u2019installation d\u2019\u00e9quipements sportifs et d\u2019am\u00e9nagements favorisant la mobilit\u00e9 des collaborateurs;<\/span><\/li><\/ul>\n\n\n\n<div class=\"wp-block-image\"><figure class=\"aligncenter size-large\"><img loading=\"lazy\" decoding=\"async\" width=\"275\" height=\"425\" src=\"https:\/\/www.appartement-construction.com\/content\/wp-content\/uploads\/2020\/01\/groupe-cardinal-BJORG-2.jpg\" alt=\"Groupe CArdinal si\u00e8ge Bjorg\" class=\"wp-image-6158\" \/><\/figure><\/div>\n\n\n\n<ul class=\"wp-block-list\"><li>on peut citer \u00e9galement pour le r\u00e9sidentiel, un ensemble architectural mixte qui a pour objectif notamment de proposer <strong>des services d\u00e9di\u00e9s aux s\u00e9niors dans le nouveau quartier Eureka \u00e0 Montpellier<\/strong>. Le groupe Cardinal et Jakob+MacFarlane en partenariat avec Helenis le r\u00e9alisent. Il s\u2019inscrit dans un projet urbain \u00e9cologique et interg\u00e9n\u00e9rationnel.<\/li><\/ul>\n\n\n\n<div class=\"wp-block-image\"><figure class=\"aligncenter size-large\"><img loading=\"lazy\" decoding=\"async\" width=\"567\" height=\"401\" src=\"https:\/\/www.appartement-construction.com\/content\/wp-content\/uploads\/2020\/01\/groupe-cardinal-eureka-2.jpg\" alt=\"Groupe CArdinal Eureka Montpellier\" class=\"wp-image-6159\" \/><\/figure><\/div>\n\n\n\n<h2 class=\"p1 wp-block-heading\"><span class=\"s1\"><b>Zoom sur deux programmes en cours du Groupe Cardinal<\/b><\/span><\/h2>\n\n\n\n<div style=\"height:40px\" aria-hidden=\"true\" class=\"wp-block-spacer\"><\/div>\n\n\n\n<h3 class=\"p5 wp-block-heading\"><span class=\"s1\">Aux marronniers s\u2019\u00e9crit le temps, La Verpilli\u00e8re (38)<\/span><\/h3>\n\n\n\n<div style=\"height:40px\" aria-hidden=\"true\" class=\"wp-block-spacer\"><\/div>\n\n\n\n<div class=\"wp-block-image\"><figure class=\"aligncenter size-large\"><img loading=\"lazy\" decoding=\"async\" width=\"567\" height=\"225\" src=\"https:\/\/www.appartement-construction.com\/content\/wp-content\/uploads\/2020\/01\/plan-verpillie\u0300re-1.jpg\" alt=\"plan La Verpilli\u00e8res Lyon\" class=\"wp-image-6157\" \/><figcaption>source : Google Maps<\/figcaption><\/figure><\/div>\n\n\n\n<h4 class=\"p5 wp-block-heading\"><span class=\"s1\">La ville<\/span><\/h4>\n\n\n\n<p class=\"p5\"><span class=\"s1\">Commerces, \u00e9tablissements scolaires, infrastructures culturelles et sportives (plus de 60 associations), monuments et espaces naturels. \u00c0 20&nbsp;min en train de Lyon, La Verpilli\u00e8re propose un cadre de vie agr\u00e9able. <\/span><\/p>\n\n\n\n<h4 class=\"p5 wp-block-heading\"><span class=\"s1\">La r\u00e9sidence <\/span><\/h4>\n\n\n\n<p class=\"p5\"><span class=\"s1\">Situ\u00e9e avenue Lesdigui\u00e8res, <a href=\"https:\/\/www.laverpilliere-lesmarronniers.fr\/\" target=\"_blank\" rel=\"noopener noreferrer\"><span class=\"s4\">la r\u00e9sidence \u00ab\u2009Aux marronniers s\u2019\u00e9crit le temps\u2009\u00bb<\/span><\/a> se compose de <strong>51 appartements du studio au 4 pi\u00e8ces r\u00e9partis sur 4 b\u00e2timents<\/strong> r\u00e9unis autour d\u2019un c\u0153ur d\u2019ilot verdoyant. Celui-ci est ouvert sur la rue pour permettre aux riverains d\u2019en profiter visuellement. Tous les biens disposent d\u2019une loggia ou d\u2019un jardin. La construction s\u2019\u00e9rige non loin du centre-ville proche de toutes les commodit\u00e9s.<\/span><\/p>\n\n\n\n<p class=\"p5\"><span class=\"s1\">Le projet, r\u00e9alis\u00e9 par William Vassal de Z Architecture, offre <strong>une identit\u00e9 affirm\u00e9e tout en respectant les codes architecturaux de la ville<\/strong>. Des fa\u00e7ades ocre rouge et des fen\u00eatres d\u00e9cal\u00e9es donnent le ton. Les cadres m\u00e9talliques ornant les loggias s\u2019inspirent de la forme des encadrements du vieux bourg.<\/span><\/p>\n\n\n\n<h4 class=\"p5 wp-block-heading\"><span class=\"s1\">Les prestations<\/span><\/h4>\n\n\n\n<p class=\"p5\"><span class=\"s1\">Carrelages grand format, chauffage individuel au gaz, chaudi\u00e8re \u00e0 condensation avec micro-accumulation, domotique, etc. Les prestations sont de qualit\u00e9.<br><\/span><span class=\"s1\">Par ailleurs, la r\u00e9sidence propose <strong>des services partag\u00e9s<\/strong> comme une chambre d\u2019h\u00f4te pour accueillir ses proches ou un atelier de bricolage mettant \u00e0 disposition des habitants une panoplie d\u2019outils.<\/span><\/p>\n\n\n\n<p class=\"p5\"><strong><span class=\"s1\">Un T1 de 23,62&nbsp;m<\/span><span class=\"s5\"><sup>2<\/sup><\/span><span class=\"s1\"> est \u00e0 partir de 85\u2009000&nbsp;\u20ac. Un T4 de 83&nbsp;m<\/span><span class=\"s5\"><sup>2<\/sup><\/span><\/strong><span class=\"s1\"><strong> est \u00e0 249\u2009000&nbsp;\u20ac<\/strong>. La livraison est pr\u00e9vue au 3e trimestre de 2021.<\/span><\/p>\n\n\n\n<figure class=\"wp-block-gallery aligncenter columns-2 is-cropped wp-block-gallery-2 is-layout-flex wp-block-gallery-is-layout-flex\"><ul class=\"blocks-gallery-grid\"><li class=\"blocks-gallery-item\"><figure><img loading=\"lazy\" decoding=\"async\" width=\"567\" height=\"261\" src=\"https:\/\/www.appartement-construction.com\/content\/wp-content\/uploads\/2020\/01\/groupe-cardinal-aux-marronniers-1.jpg\" alt=\"\" data-id=\"6155\" data-full-url=\"https:\/\/www.appartement-construction.com\/content\/wp-content\/uploads\/2020\/01\/groupe-cardinal-aux-marronniers-1.jpg\" data-link=\"https:\/\/www.appartement-construction.com\/content\/?attachment_id=6155\" class=\"wp-image-6155\" \/><\/figure><\/li><li class=\"blocks-gallery-item\"><figure><img loading=\"lazy\" decoding=\"async\" width=\"567\" height=\"261\" src=\"https:\/\/www.appartement-construction.com\/content\/wp-content\/uploads\/2020\/01\/groupe-cardinal-aux-marronniers-2-1.jpg\" alt=\"\" data-id=\"6156\" data-full-url=\"https:\/\/www.appartement-construction.com\/content\/wp-content\/uploads\/2020\/01\/groupe-cardinal-aux-marronniers-2-1.jpg\" data-link=\"https:\/\/www.appartement-construction.com\/content\/?attachment_id=6156\" class=\"wp-image-6156\" \/><\/figure><\/li><li class=\"blocks-gallery-item\"><figure><img loading=\"lazy\" decoding=\"async\" width=\"567\" height=\"363\" src=\"https:\/\/www.appartement-construction.com\/content\/wp-content\/uploads\/2020\/01\/groupe-cardinal-aux-marronniers3-1.jpg\" alt=\"\" data-id=\"6154\" data-full-url=\"https:\/\/www.appartement-construction.com\/content\/wp-content\/uploads\/2020\/01\/groupe-cardinal-aux-marronniers3-1.jpg\" data-link=\"https:\/\/www.appartement-construction.com\/content\/?attachment_id=6154\" class=\"wp-image-6154\" \/><\/figure><\/li><\/ul><\/figure>\n\n\n\n<h3 class=\"p5 wp-block-heading\"><span class=\"s1\">Juste une question de feeling, Saint-Gen\u00e8s, Bordeaux<\/span><\/h3>\n\n\n\n<div style=\"height:40px\" aria-hidden=\"true\" class=\"wp-block-spacer\"><\/div>\n\n\n\n<div class=\"wp-block-image\"><figure class=\"aligncenter size-large\"><img loading=\"lazy\" decoding=\"async\" width=\"567\" height=\"282\" src=\"https:\/\/www.appartement-construction.com\/content\/wp-content\/uploads\/2020\/01\/carte-saint-genes-1.jpg\" alt=\"plan Saint-Gen\u00e8s Bordeaux\" class=\"wp-image-6153\" \/><figcaption>source : Google Maps<\/figcaption><\/figure><\/div>\n\n\n\n<h4 class=\"p5 wp-block-heading\"><span class=\"s1\">Saint-Gen\u00e8s <\/span><\/h4>\n\n\n\n<p class=\"p5\"><span class=\"s1\">Le quartier Saint-Gen\u00e8s \u00e0 Bordeaux est un secteur bourgeois disposant d\u2019un beau patrimoine architectural, d\u2019espaces verts et de toutes les commodit\u00e9s n\u00e9cessaires. Il est par ailleurs tr\u00e8s bien desservi par les transports en commun (tramway ligne B). Il offre un cadre de vie tranquille \u00e0 ses r\u00e9sidents.<\/span><\/p>\n\n\n\n<h4 class=\"p5 wp-block-heading\"><span class=\"s1\">La r\u00e9sidence <\/span><\/h4>\n\n\n\n<p class=\"p5\"><span class=\"s1\">\u00ab\u2009<a href=\"https:\/\/www.groupecardinal.com\/realisations\/residentiel\/juste-une-question-de-feeling\" target=\"_blank\" rel=\"noopener noreferrer\"><span class=\"s4\">Juste une question de feeling<\/span><\/a>\u2009\u00bb propose <strong>71 appartements du studio au T5<\/strong> rue du Tondu \u00e0 Bordeaux. La construction s\u2019\u00e9rige \u00e0 la place de l\u2019ancienne clinique. Balcon, terrasse ou jardin, les logements traversants et lumineux s\u2019ouvrent g\u00e9n\u00e9reusement sur un ilot paysager. Le projet, pens\u00e9 par l\u2019Atelier King Kong, <strong>s\u2019inspire des maisons de villes et \u00e9choppes du quartier<\/strong>. Sa fa\u00e7ade en briques \u00e9maill\u00e9es est tr\u00e8s contemporaine et \u00e9l\u00e9gante. Le programme se situe \u00e0 500&nbsp;m du tramway, \u00e0 10&nbsp;min du centre-ville et \u00e0 proximit\u00e9 de toutes les commodit\u00e9s et des \u00e9tablissements scolaires. <\/span><\/p>\n\n\n\n<h4 class=\"p5 wp-block-heading\"><span class=\"s1\">Les prestations<\/span><\/h4>\n\n\n\n<p class=\"p5\"><span class=\"s1\">Mat\u00e9riaux de qualit\u00e9, finitions soign\u00e9es, appartements \u00e9quip\u00e9s de domotique, les prestations sont de standing.<br><\/span><span class=\"s1\">Ici \u00e9galement, la r\u00e9sidence offre des services partag\u00e9s&nbsp;: chambre d\u2019h\u00f4te, local bricolage et atelier v\u00e9lo, mais aussi des jardins d\u2019enfants et de petites places pour favoriser les \u00e9changes entre les habitants.<\/span><\/p>\n\n\n\n<p class=\"p5\"><strong><span class=\"s1\">Un T1 de 31 m<\/span><span class=\"s5\"><sup>2<\/sup><\/span><span class=\"s1\"> est \u00e0 205\u2009000&nbsp;\u20ac. Un T4 de 74&nbsp;m<\/span><span class=\"s5\"><sup>2<\/sup><\/span><\/strong><span class=\"s1\"><strong> est \u00e0 490\u2009000&nbsp;\u20ac.<\/strong> La livraison est pr\u00e9vue au 3e trimestre&nbsp;2021.<\/span><\/p>\n\n\n\n<figure class=\"wp-block-gallery aligncenter columns-2 is-cropped wp-block-gallery-3 is-layout-flex wp-block-gallery-is-layout-flex\"><ul class=\"blocks-gallery-grid\"><li class=\"blocks-gallery-item\"><figure><img loading=\"lazy\" decoding=\"async\" width=\"567\" height=\"421\" src=\"https:\/\/www.appartement-construction.com\/content\/wp-content\/uploads\/2020\/01\/groupe-cardinal-QUESTION-De-Feeling-2-1.jpg\" alt=\"\" data-id=\"6151\" data-full-url=\"https:\/\/www.appartement-construction.com\/content\/wp-content\/uploads\/2020\/01\/groupe-cardinal-QUESTION-De-Feeling-2-1.jpg\" data-link=\"https:\/\/www.appartement-construction.com\/content\/?attachment_id=6151\" class=\"wp-image-6151\" \/><\/figure><\/li><li class=\"blocks-gallery-item\"><figure><img loading=\"lazy\" decoding=\"async\" width=\"567\" height=\"490\" src=\"https:\/\/www.appartement-construction.com\/content\/wp-content\/uploads\/2020\/01\/groupe-cardinal-QUESTION-De-Feeling-1-1.jpg\" alt=\"\" data-id=\"6152\" data-full-url=\"https:\/\/www.appartement-construction.com\/content\/wp-content\/uploads\/2020\/01\/groupe-cardinal-QUESTION-De-Feeling-1-1.jpg\" data-link=\"https:\/\/www.appartement-construction.com\/content\/?attachment_id=6152\" class=\"wp-image-6152\" \/><\/figure><\/li><\/ul><\/figure>\n\n\n\n<h2 class=\"p1 wp-block-heading\"><span class=\"s1\"><b>Dernier programme livr\u00e9 par le Groupe Cardinal <\/b><\/span><\/h2>\n\n\n\n<div style=\"height:40px\" aria-hidden=\"true\" class=\"wp-block-spacer\"><\/div>\n\n\n\n<h3 class=\"p5 wp-block-heading\"><span class=\"s1\">Ycone, Lyon Confluence<\/span><\/h3>\n\n\n\n<div style=\"height:40px\" aria-hidden=\"true\" class=\"wp-block-spacer\"><\/div>\n\n\n\n<div class=\"wp-block-image\"><figure class=\"aligncenter size-large\"><img loading=\"lazy\" decoding=\"async\" width=\"567\" height=\"275\" src=\"https:\/\/www.appartement-construction.com\/content\/wp-content\/uploads\/2020\/01\/Groupe-Cardinal-confluence-1.jpg\" alt=\"plan Confluence Lyon\" class=\"wp-image-6148\" \/><figcaption>source : Google Maps<\/figcaption><\/figure><\/div>\n\n\n\n<h4 class=\"p5 wp-block-heading\"><span class=\"s1\">Le quartier <\/span><\/h4>\n\n\n\n<p class=\"p5\"><span class=\"s1\">La Confluence est un \u00e9coquartier situ\u00e9 \u00e0 l\u2019extr\u00e9mit\u00e9 sud de la presqu\u2019\u00eele de Lyon. Il est en plein restructuration et <strong>affiche les r\u00e9alisations des plus grands noms de l\u2019architecture.<\/strong> Espaces verts, promenades le long de la Sa\u00f4ne, Mus\u00e9e des Confluences, centre commercial, cin\u00e9mas, bureaux, etc. Le d\u00e9veloppement durable se combine \u00e0 l\u2019innovation pour en faire un cadre de vie agr\u00e9able.<\/span><\/p>\n\n\n\n<h4 class=\"p5 wp-block-heading\"><span class=\"s1\">La r\u00e9sidence <\/span><\/h4>\n\n\n\n<p class=\"p5\"><span class=\"s1\">Entre le passage Panama et la rue Montrochet, <a href=\"https:\/\/www.groupecardinal.com\/realisations\/residentiel\/ycone-by-jean-nouvel\" target=\"_blank\" rel=\"noopener noreferrer\"><span class=\"s4\">Ycone<\/span><\/a> est <strong>une des constructions embl\u00e9matiques de Lyon<\/strong> install\u00e9e dans le quartier de La Confluence. R\u00e9alis\u00e9 par Jean Nouvel, <strong>l\u2019immeuble de 14 \u00e9tages et de 53 m\u00e8tres de hauteur propose des commerces en rez-de-chauss\u00e9e et 92 logements<\/strong>. Parmi eux, 27 appartements sociaux g\u00e9r\u00e9s par Alliade Habitat (filiale d\u2019Action Logement) y sont am\u00e9nag\u00e9s.<br>Bardage compos\u00e9 de cassettes d\u2019aluminium aux couleurs pastel, seconde peau constitu\u00e9e de vitrages, coiffe blanche faite d\u2019une charpente m\u00e9tallique, le projet est \u00e9tonnant et ne passe pas inaper\u00e7u.<\/span><span class=\"s6\"> Il est par ailleurs entour\u00e9 d\u2019une belle ceinture v\u00e9g\u00e9tale du rez-de-chauss\u00e9e au 3e \u00e9tage compos\u00e9e de ch\u00eanes et de poiriers de 10 m\u00e8tres. <\/span><\/p>\n\n\n\n<p class=\"p5\"><span class=\"s1\">Il s\u2019agit d\u2019une co-promotion du Groupe Cardinal et de Vinci Immobilier. La livraison a \u00e9t\u00e9 faite au 1er trimestre&nbsp;2019. <\/span><\/p>\n\n\n\n<h4 class=\"p5 wp-block-heading\"><span class=\"s1\">Les prestations<\/span><\/h4>\n\n\n\n<p class=\"p7\"><span class=\"s1\">\u00ab\u2009Personne n\u2019a envie d\u2019avoir le m\u00eame appartement que son voisin\u2009\u00bb Jean Nouvel<\/span><\/p>\n\n\n\n<p class=\"p7\"><span class=\"s1\">Pour cela, Ycone se d\u00e9marque des immeubles standardis\u00e9s par son architecture, mais aussi par <strong>les am\u00e9nagements de ses logements<\/strong>. Tous les plans sont diff\u00e9rents et les hauteurs sous plafond changent selon l\u2019\u00e9tage et les apports de lumi\u00e8re. Sous les toits, un appartement de 216&nbsp;m2 avec une piscine de 10 m\u00e8tres de longueur fait r\u00eaver, mais \u00e0 tous les niveaux de la construction, un sc\u00e9nario diff\u00e9rent se joue. Vue, orientation, chaque bien se diff\u00e9rencie des autres. Les parties communes r\u00e9pondent \u00e0 cette m\u00eame volont\u00e9. En effet, les plafonds prennent par exemple une couleur diff\u00e9rente correspondant \u00e0 celle de la fa\u00e7ade \u00e0 chaque \u00e9tage . Par ailleurs, un partenariat avec <a href=\"https:\/\/www.rbcmobilier.com\/\" target=\"_blank\" rel=\"noopener noreferrer\"><span class=\"s7\">RBC<\/span><\/a> permet aux occupants d\u2019opter pour une d\u00e9coration int\u00e9rieure pens\u00e9e par Jean Nouvel. <\/span><\/p>\n\n\n\n<p class=\"p5\"><span class=\"s1\">Les logements ont \u00e9t\u00e9 vendus en moyenne autour de <strong>6500&nbsp;\u20ac le m<\/strong><\/span><strong><span class=\"s5\"><sup>2<\/sup><\/span><\/strong><span class=\"s1\">. Au 13 et 14e \u00e9tage,<span class=\"Apple-converted-space\">&nbsp; <\/span>le prix avoisine les 10\u2009000&nbsp;\u20ac du m<\/span><span class=\"s5\"><sup>2<\/sup><\/span><span class=\"s1\">.<\/span><\/p>\n\n\n\n<div class=\"wp-block-image\"><figure class=\"aligncenter\"><img loading=\"lazy\" decoding=\"async\" width=\"567\" height=\"386\" src=\"https:\/\/www.appartement-construction.com\/content\/wp-content\/uploads\/2020\/01\/groupe-cardinal-Ycone-2.jpg\" alt=\"groupe Cardinal Ycone Confluence Lyon\" class=\"wp-image-6146\" \/><\/figure><\/div>\n\n\n\n<h2 class=\"p1 wp-block-heading\"><span class=\"s1\"><b>Les agences et espaces de vente du Groupe Cardinal <\/b><\/span><\/h2>\n\n\n\n<p class=\"p9\"><span class=\"s8\">Le groupe Cardinal poss\u00e8de <\/span><span class=\"s1\">des bureaux \u00e0 Lyon, Paris et Bordeaux. L\u2019espace de vente pour \u00ab\u2009Aux marronniers s\u2019\u00e9crit le temps\u2009\u00bb se situe avenue Lesdigui\u00e8res \u00e0 La Verpilli\u00e8res. Rendez-vous \u00e0 l\u2019angle des rues Alphonse Dupeux et Mouneyra pour \u00ab\u2009Juste une question de feeling\u2009\u00bb. <\/span><\/p>\n\n\n\n<p class=\"p1\"><span class=\"s1\"><i>R\u00e9alis\u00e9es dans toute la France et tout particuli\u00e8rement en r\u00e9gion Auvergne-Rh\u00f4ne-Alpes, <strong>les r\u00e9sidences du Groupe Cardinal ont de nombreux atouts<\/strong>. Con\u00e7ues par des architectes reconnus, toutes affichent des identit\u00e9s marqu\u00e9es tout en s\u2019int\u00e9grant \u00e0 leur environnement. Les projets veillent \u00e0 apporter le bien-\u00eatre personnel et collectif \u00e0 ses occupants en proposant par exemple des services partag\u00e9s. <\/i><\/span><\/p>\n","protected":false},"excerpt":{"rendered":"<p>Si vous cherchez un appartement neuf dans une r\u00e9sidence associant innovation, esth\u00e9tique contemporaine, prestations de standing et services partag\u00e9s, les programmes immobiliers du groupe Cardinal sont pour vous. Le promoteur construit dans toute la France avec un territoire de pr\u00e9dilection&nbsp;: Lyon, son secteur historique. Bureaux, logements, h\u00f4pitaux, r\u00e9sidences \u00e9tudiantes ou seniors, l\u2019offre est compl\u00e8te et [&hellip;]<\/p>\n","protected":false},"author":12,"featured_media":6144,"comment_status":"open","ping_status":"open","sticky":false,"template":"","format":"standard","meta":{"footnotes":""},"categories":[5],"tags":[],"class_list":["post-5887","post","type-post","status-publish","format-standard","has-post-thumbnail","hentry","category-promoteurs"],"yoast_head":"<!-- This site is optimized with the Yoast SEO plugin v25.1 - https:\/\/yoast.com\/wordpress\/plugins\/seo\/ -->\n<title>Le Groupe Cardinal, des constructions \u00e9tonnantes et innovantes<\/title>\n<meta name=\"description\" content=\"Promoteur immobilier sur Lyon et dans toute la France, le Groupe Cardinal r\u00e9alise des programmes neufs innovants, agr\u00e9ables \u00e0 vivre et durables ! D\u00e9couvrez\" \/>\n<meta name=\"robots\" content=\"index, follow, max-snippet:-1, max-image-preview:large, max-video-preview:-1\" \/>\n<link rel=\"canonical\" href=\"https:\/\/www.appartement-construction.com\/content\/promoteurs\/groupe-cardinal\" \/>\n<meta property=\"og:locale\" content=\"fr_FR\" \/>\n<meta property=\"og:type\" content=\"article\" \/>\n<meta property=\"og:title\" content=\"Le Groupe Cardinal, des constructions \u00e9tonnantes et innovantes\" \/>\n<meta property=\"og:description\" content=\"Promoteur immobilier sur Lyon et dans toute la France, le Groupe Cardinal r\u00e9alise des programmes neufs innovants, agr\u00e9ables \u00e0 vivre et durables ! D\u00e9couvrez\" \/>\n<meta property=\"og:url\" content=\"https:\/\/www.appartement-construction.com\/content\/promoteurs\/groupe-cardinal\" \/>\n<meta property=\"og:site_name\" content=\"Acheter un appartement neuf\" \/>\n<meta property=\"article:publisher\" content=\"https:\/\/www.facebook.com\/AppartementConstructioncom\/\" \/>\n<meta property=\"article:published_time\" content=\"2020-03-09T13:36:27+00:00\" \/>\n<meta property=\"article:modified_time\" content=\"2020-07-21T14:49:38+00:00\" \/>\n<meta property=\"og:image\" content=\"https:\/\/www.appartement-construction.com\/content\/wp-content\/uploads\/2020\/01\/ycone-groupe-cardinal-1.jpg\" \/>\n\t<meta property=\"og:image:width\" content=\"1134\" \/>\n\t<meta property=\"og:image:height\" content=\"720\" \/>\n\t<meta property=\"og:image:type\" content=\"image\/jpeg\" \/>\n<meta name=\"author\" content=\"Laurence\" \/>\n<meta name=\"twitter:label1\" content=\"\u00c9crit par\" \/>\n\t<meta name=\"twitter:data1\" content=\"Laurence\" \/>\n\t<meta name=\"twitter:label2\" content=\"Dur\u00e9e de lecture estim\u00e9e\" \/>\n\t<meta name=\"twitter:data2\" content=\"8 minutes\" \/>\n<script type=\"application\/ld+json\" class=\"yoast-schema-graph\">{\"@context\":\"https:\/\/schema.org\",\"@graph\":[{\"@type\":\"Article\",\"@id\":\"https:\/\/www.appartement-construction.com\/content\/promoteurs\/groupe-cardinal#article\",\"isPartOf\":{\"@id\":\"https:\/\/www.appartement-construction.com\/content\/promoteurs\/groupe-cardinal\"},\"author\":{\"name\":\"Laurence\",\"@id\":\"https:\/\/www.appartement-construction.com\/content\/#\/schema\/person\/06fddd1d3f937d2fd54200b32e3dee41\"},\"headline\":\"Le Groupe Cardinal, des constructions \u00e9tonnantes et innovantes\",\"datePublished\":\"2020-03-09T13:36:27+00:00\",\"dateModified\":\"2020-07-21T14:49:38+00:00\",\"mainEntityOfPage\":{\"@id\":\"https:\/\/www.appartement-construction.com\/content\/promoteurs\/groupe-cardinal\"},\"wordCount\":1684,\"commentCount\":0,\"publisher\":{\"@id\":\"https:\/\/www.appartement-construction.com\/content\/#organization\"},\"image\":{\"@id\":\"https:\/\/www.appartement-construction.com\/content\/promoteurs\/groupe-cardinal#primaryimage\"},\"thumbnailUrl\":\"https:\/\/www.appartement-construction.com\/content\/wp-content\/uploads\/2020\/01\/ycone-groupe-cardinal-1.jpg\",\"articleSection\":[\"Les promoteurs\"],\"inLanguage\":\"fr-FR\",\"potentialAction\":[{\"@type\":\"CommentAction\",\"name\":\"Comment\",\"target\":[\"https:\/\/www.appartement-construction.com\/content\/promoteurs\/groupe-cardinal#respond\"]}]},{\"@type\":\"WebPage\",\"@id\":\"https:\/\/www.appartement-construction.com\/content\/promoteurs\/groupe-cardinal\",\"url\":\"https:\/\/www.appartement-construction.com\/content\/promoteurs\/groupe-cardinal\",\"name\":\"Le Groupe Cardinal, des constructions \u00e9tonnantes et innovantes\",\"isPartOf\":{\"@id\":\"https:\/\/www.appartement-construction.com\/content\/#website\"},\"primaryImageOfPage\":{\"@id\":\"https:\/\/www.appartement-construction.com\/content\/promoteurs\/groupe-cardinal#primaryimage\"},\"image\":{\"@id\":\"https:\/\/www.appartement-construction.com\/content\/promoteurs\/groupe-cardinal#primaryimage\"},\"thumbnailUrl\":\"https:\/\/www.appartement-construction.com\/content\/wp-content\/uploads\/2020\/01\/ycone-groupe-cardinal-1.jpg\",\"datePublished\":\"2020-03-09T13:36:27+00:00\",\"dateModified\":\"2020-07-21T14:49:38+00:00\",\"description\":\"Promoteur immobilier sur Lyon et dans toute la France, le Groupe Cardinal r\u00e9alise des programmes neufs innovants, agr\u00e9ables \u00e0 vivre et durables ! D\u00e9couvrez\",\"breadcrumb\":{\"@id\":\"https:\/\/www.appartement-construction.com\/content\/promoteurs\/groupe-cardinal#breadcrumb\"},\"inLanguage\":\"fr-FR\",\"potentialAction\":[{\"@type\":\"ReadAction\",\"target\":[\"https:\/\/www.appartement-construction.com\/content\/promoteurs\/groupe-cardinal\"]}]},{\"@type\":\"ImageObject\",\"inLanguage\":\"fr-FR\",\"@id\":\"https:\/\/www.appartement-construction.com\/content\/promoteurs\/groupe-cardinal#primaryimage\",\"url\":\"https:\/\/www.appartement-construction.com\/content\/wp-content\/uploads\/2020\/01\/ycone-groupe-cardinal-1.jpg\",\"contentUrl\":\"https:\/\/www.appartement-construction.com\/content\/wp-content\/uploads\/2020\/01\/ycone-groupe-cardinal-1.jpg\",\"width\":1134,\"height\":720,\"caption\":\"groupe cardinal Ycone \u00e0 Lyon Confluence\"},{\"@type\":\"WebSite\",\"@id\":\"https:\/\/www.appartement-construction.com\/content\/#website\",\"url\":\"https:\/\/www.appartement-construction.com\/content\/\",\"name\":\"Acheter un appartement neuf\",\"description\":\"Trouver votre Promoteur et Appartement Neuf en Ligne !\",\"publisher\":{\"@id\":\"https:\/\/www.appartement-construction.com\/content\/#organization\"},\"potentialAction\":[{\"@type\":\"SearchAction\",\"target\":{\"@type\":\"EntryPoint\",\"urlTemplate\":\"https:\/\/www.appartement-construction.com\/content\/?s={search_term_string}\"},\"query-input\":{\"@type\":\"PropertyValueSpecification\",\"valueRequired\":true,\"valueName\":\"search_term_string\"}}],\"inLanguage\":\"fr-FR\"},{\"@type\":\"Organization\",\"@id\":\"https:\/\/www.appartement-construction.com\/content\/#organization\",\"name\":\"Appartement-Construction.com\",\"url\":\"https:\/\/www.appartement-construction.com\/content\/\",\"logo\":{\"@type\":\"ImageObject\",\"inLanguage\":\"fr-FR\",\"@id\":\"https:\/\/www.appartement-construction.com\/content\/#\/schema\/logo\/image\/\",\"url\":\"https:\/\/www.appartement-construction.com\/content\/wp-content\/uploads\/2018\/07\/logo-AC.jpg\",\"contentUrl\":\"https:\/\/www.appartement-construction.com\/content\/wp-content\/uploads\/2018\/07\/logo-AC.jpg\",\"width\":794,\"height\":491,\"caption\":\"Appartement-Construction.com\"},\"image\":{\"@id\":\"https:\/\/www.appartement-construction.com\/content\/#\/schema\/logo\/image\/\"},\"sameAs\":[\"https:\/\/www.facebook.com\/AppartementConstructioncom\/\"]},{\"@type\":\"Person\",\"@id\":\"https:\/\/www.appartement-construction.com\/content\/#\/schema\/person\/06fddd1d3f937d2fd54200b32e3dee41\",\"name\":\"Laurence\",\"image\":{\"@type\":\"ImageObject\",\"inLanguage\":\"fr-FR\",\"@id\":\"https:\/\/www.appartement-construction.com\/content\/#\/schema\/person\/image\/\",\"url\":\"https:\/\/secure.gravatar.com\/avatar\/a3d78ca6bbeca68c34b2ca0bfda3ab3e0a6d919e37a32ff151594431fef523af?s=96&d=mm&r=g\",\"contentUrl\":\"https:\/\/secure.gravatar.com\/avatar\/a3d78ca6bbeca68c34b2ca0bfda3ab3e0a6d919e37a32ff151594431fef523af?s=96&d=mm&r=g\",\"caption\":\"Laurence\"},\"url\":\"https:\/\/www.appartement-construction.com\/content\/author\/laurence\"}]}<\/script>\n<!-- \/ Yoast SEO plugin. -->","yoast_head_json":{"title":"Le Groupe Cardinal, des constructions \u00e9tonnantes et innovantes","description":"Promoteur immobilier sur Lyon et dans toute la France, le Groupe Cardinal r\u00e9alise des programmes neufs innovants, agr\u00e9ables \u00e0 vivre et durables ! D\u00e9couvrez","robots":{"index":"index","follow":"follow","max-snippet":"max-snippet:-1","max-image-preview":"max-image-preview:large","max-video-preview":"max-video-preview:-1"},"canonical":"https:\/\/www.appartement-construction.com\/content\/promoteurs\/groupe-cardinal","og_locale":"fr_FR","og_type":"article","og_title":"Le Groupe Cardinal, des constructions \u00e9tonnantes et innovantes","og_description":"Promoteur immobilier sur Lyon et dans toute la France, le Groupe Cardinal r\u00e9alise des programmes neufs innovants, agr\u00e9ables \u00e0 vivre et durables ! D\u00e9couvrez","og_url":"https:\/\/www.appartement-construction.com\/content\/promoteurs\/groupe-cardinal","og_site_name":"Acheter un appartement neuf","article_publisher":"https:\/\/www.facebook.com\/AppartementConstructioncom\/","article_published_time":"2020-03-09T13:36:27+00:00","article_modified_time":"2020-07-21T14:49:38+00:00","og_image":[{"width":1134,"height":720,"url":"https:\/\/www.appartement-construction.com\/content\/wp-content\/uploads\/2020\/01\/ycone-groupe-cardinal-1.jpg","type":"image\/jpeg"}],"author":"Laurence","twitter_misc":{"\u00c9crit par":"Laurence","Dur\u00e9e de lecture estim\u00e9e":"8 minutes"},"schema":{"@context":"https:\/\/schema.org","@graph":[{"@type":"Article","@id":"https:\/\/www.appartement-construction.com\/content\/promoteurs\/groupe-cardinal#article","isPartOf":{"@id":"https:\/\/www.appartement-construction.com\/content\/promoteurs\/groupe-cardinal"},"author":{"name":"Laurence","@id":"https:\/\/www.appartement-construction.com\/content\/#\/schema\/person\/06fddd1d3f937d2fd54200b32e3dee41"},"headline":"Le Groupe Cardinal, des constructions \u00e9tonnantes et innovantes","datePublished":"2020-03-09T13:36:27+00:00","dateModified":"2020-07-21T14:49:38+00:00","mainEntityOfPage":{"@id":"https:\/\/www.appartement-construction.com\/content\/promoteurs\/groupe-cardinal"},"wordCount":1684,"commentCount":0,"publisher":{"@id":"https:\/\/www.appartement-construction.com\/content\/#organization"},"image":{"@id":"https:\/\/www.appartement-construction.com\/content\/promoteurs\/groupe-cardinal#primaryimage"},"thumbnailUrl":"https:\/\/www.appartement-construction.com\/content\/wp-content\/uploads\/2020\/01\/ycone-groupe-cardinal-1.jpg","articleSection":["Les promoteurs"],"inLanguage":"fr-FR","potentialAction":[{"@type":"CommentAction","name":"Comment","target":["https:\/\/www.appartement-construction.com\/content\/promoteurs\/groupe-cardinal#respond"]}]},{"@type":"WebPage","@id":"https:\/\/www.appartement-construction.com\/content\/promoteurs\/groupe-cardinal","url":"https:\/\/www.appartement-construction.com\/content\/promoteurs\/groupe-cardinal","name":"Le Groupe Cardinal, des constructions \u00e9tonnantes et innovantes","isPartOf":{"@id":"https:\/\/www.appartement-construction.com\/content\/#website"},"primaryImageOfPage":{"@id":"https:\/\/www.appartement-construction.com\/content\/promoteurs\/groupe-cardinal#primaryimage"},"image":{"@id":"https:\/\/www.appartement-construction.com\/content\/promoteurs\/groupe-cardinal#primaryimage"},"thumbnailUrl":"https:\/\/www.appartement-construction.com\/content\/wp-content\/uploads\/2020\/01\/ycone-groupe-cardinal-1.jpg","datePublished":"2020-03-09T13:36:27+00:00","dateModified":"2020-07-21T14:49:38+00:00","description":"Promoteur immobilier sur Lyon et dans toute la France, le Groupe Cardinal r\u00e9alise des programmes neufs innovants, agr\u00e9ables \u00e0 vivre et durables ! D\u00e9couvrez","breadcrumb":{"@id":"https:\/\/www.appartement-construction.com\/content\/promoteurs\/groupe-cardinal#breadcrumb"},"inLanguage":"fr-FR","potentialAction":[{"@type":"ReadAction","target":["https:\/\/www.appartement-construction.com\/content\/promoteurs\/groupe-cardinal"]}]},{"@type":"ImageObject","inLanguage":"fr-FR","@id":"https:\/\/www.appartement-construction.com\/content\/promoteurs\/groupe-cardinal#primaryimage","url":"https:\/\/www.appartement-construction.com\/content\/wp-content\/uploads\/2020\/01\/ycone-groupe-cardinal-1.jpg","contentUrl":"https:\/\/www.appartement-construction.com\/content\/wp-content\/uploads\/2020\/01\/ycone-groupe-cardinal-1.jpg","width":1134,"height":720,"caption":"groupe cardinal Ycone \u00e0 Lyon Confluence"},{"@type":"WebSite","@id":"https:\/\/www.appartement-construction.com\/content\/#website","url":"https:\/\/www.appartement-construction.com\/content\/","name":"Acheter un appartement neuf","description":"Trouver votre Promoteur et Appartement Neuf en Ligne !","publisher":{"@id":"https:\/\/www.appartement-construction.com\/content\/#organization"},"potentialAction":[{"@type":"SearchAction","target":{"@type":"EntryPoint","urlTemplate":"https:\/\/www.appartement-construction.com\/content\/?s={search_term_string}"},"query-input":{"@type":"PropertyValueSpecification","valueRequired":true,"valueName":"search_term_string"}}],"inLanguage":"fr-FR"},{"@type":"Organization","@id":"https:\/\/www.appartement-construction.com\/content\/#organization","name":"Appartement-Construction.com","url":"https:\/\/www.appartement-construction.com\/content\/","logo":{"@type":"ImageObject","inLanguage":"fr-FR","@id":"https:\/\/www.appartement-construction.com\/content\/#\/schema\/logo\/image\/","url":"https:\/\/www.appartement-construction.com\/content\/wp-content\/uploads\/2018\/07\/logo-AC.jpg","contentUrl":"https:\/\/www.appartement-construction.com\/content\/wp-content\/uploads\/2018\/07\/logo-AC.jpg","width":794,"height":491,"caption":"Appartement-Construction.com"},"image":{"@id":"https:\/\/www.appartement-construction.com\/content\/#\/schema\/logo\/image\/"},"sameAs":["https:\/\/www.facebook.com\/AppartementConstructioncom\/"]},{"@type":"Person","@id":"https:\/\/www.appartement-construction.com\/content\/#\/schema\/person\/06fddd1d3f937d2fd54200b32e3dee41","name":"Laurence","image":{"@type":"ImageObject","inLanguage":"fr-FR","@id":"https:\/\/www.appartement-construction.com\/content\/#\/schema\/person\/image\/","url":"https:\/\/secure.gravatar.com\/avatar\/a3d78ca6bbeca68c34b2ca0bfda3ab3e0a6d919e37a32ff151594431fef523af?s=96&d=mm&r=g","contentUrl":"https:\/\/secure.gravatar.com\/avatar\/a3d78ca6bbeca68c34b2ca0bfda3ab3e0a6d919e37a32ff151594431fef523af?s=96&d=mm&r=g","caption":"Laurence"},"url":"https:\/\/www.appartement-construction.com\/content\/author\/laurence"}]}},"_links":{"self":[{"href":"https:\/\/www.appartement-construction.com\/content\/wp-json\/wp\/v2\/posts\/5887","targetHints":{"allow":["GET"]}}],"collection":[{"href":"https:\/\/www.appartement-construction.com\/content\/wp-json\/wp\/v2\/posts"}],"about":[{"href":"https:\/\/www.appartement-construction.com\/content\/wp-json\/wp\/v2\/types\/post"}],"author":[{"embeddable":true,"href":"https:\/\/www.appartement-construction.com\/content\/wp-json\/wp\/v2\/users\/12"}],"replies":[{"embeddable":true,"href":"https:\/\/www.appartement-construction.com\/content\/wp-json\/wp\/v2\/comments?post=5887"}],"version-history":[{"count":18,"href":"https:\/\/www.appartement-construction.com\/content\/wp-json\/wp\/v2\/posts\/5887\/revisions"}],"predecessor-version":[{"id":7516,"href":"https:\/\/www.appartement-construction.com\/content\/wp-json\/wp\/v2\/posts\/5887\/revisions\/7516"}],"wp:featuredmedia":[{"embeddable":true,"href":"https:\/\/www.appartement-construction.com\/content\/wp-json\/wp\/v2\/media\/6144"}],"wp:attachment":[{"href":"https:\/\/www.appartement-construction.com\/content\/wp-json\/wp\/v2\/media?parent=5887"}],"wp:term":[{"taxonomy":"category","embeddable":true,"href":"https:\/\/www.appartement-construction.com\/content\/wp-json\/wp\/v2\/categories?post=5887"},{"taxonomy":"post_tag","embeddable":true,"href":"https:\/\/www.appartement-construction.com\/content\/wp-json\/wp\/v2\/tags?post=5887"}],"curies":[{"name":"wp","href":"https:\/\/api.w.org\/{rel}","templated":true}]}}