{"id":5905,"date":"2020-01-17T11:50:18","date_gmt":"2020-01-17T10:50:18","guid":{"rendered":"https:\/\/www.appartement-construction.com\/content\/?p=5905"},"modified":"2020-07-21T16:55:45","modified_gmt":"2020-07-21T14:55:45","slug":"grand-sud-developpement","status":"publish","type":"post","link":"https:\/\/www.appartement-construction.com\/content\/promoteurs\/grand-sud-developpement","title":{"rendered":"Grand Sud D\u00e9veloppement &#8211; Promoteur de Mixit\u00e9 \u00e0 Toulon et en PACA"},"content":{"rendered":"\n<p class=\"p1\"><span class=\"s1\">Vous souhaitez acheter un appartement neuf dans un charmant village proven\u00e7al du Var ou vous installer \u00e0 Toulon\u2009? Grand Sud D\u00e9veloppement, promoteur \u00e0 Toulon, r\u00e9alise <strong>des programmes immobiliers en r\u00e9gion PACA pour tous les go\u00fbts et tous les budgets<\/strong>. Tr\u00e8s bien implant\u00e9 dans le territoire, il met en avant de belles adresses. Par ailleurs, La plupart de ses r\u00e9sidences affichent <strong>le label NF Habitat<\/strong>, gage de qualit\u00e9 du logement propos\u00e9. Voici une s\u00e9lection de ses projets en cours ou d\u00e9j\u00e0 livr\u00e9s.<\/span><\/p>\n\n\n\n<!--more-->\n\n\n\n<h2 class=\"p1 wp-block-heading\"><span class=\"s1\"><b>Grand Sud D\u00e9veloppement en r\u00e9sum\u00e9<\/b><\/span><\/h2>\n\n\n\n<div style=\"height:40px\" aria-hidden=\"true\" class=\"wp-block-spacer\"><\/div>\n\n\n\n<figure class=\"wp-block-table t1\"><table><tbody><tr><td>\n<p class=\"p3\"><span class=\"s1\"><b>Date de cr\u00e9ation du groupe <\/b><\/span><\/p>\n<\/td><td>\n<p class=\"p3\"><span class=\"s1\">2011<\/span><\/p>\n<\/td><\/tr><tr><td>\n<p class=\"p3\"><span class=\"s1\"><b>Secteur d\u2019intervention<\/b><\/span><\/p>\n<\/td><td>\n<p class=\"p1\"><span class=\"s1\">r\u00e9gion PACA<\/span><\/p>\n<\/td><\/tr><tr><td>\n<p class=\"p3\"><span class=\"s1\"><b>Style de construction<\/b><\/span><\/p>\n<\/td><td> Contemporaine <\/td><\/tr><tr><td>\n<p class=\"p3\"><span class=\"s1\"><b>Prix de d\u00e9part <\/b><\/span><\/p>\n<\/td><td>\n<p class=\"p3\"><span class=\"s1\">T1 de 22 m2 en RDC \u00e0 105\u2009000&nbsp;\u20ac (R\u00e9sidence Sol&rsquo;Air, La Garde<\/span><span class=\"s2\"><b>)<\/b><\/span><\/p>\n<\/td><\/tr><tr><td>\n<p class=\"p3\"><span class=\"s1\"><b>Adresse du si\u00e8ge social <\/b><\/span><\/p>\n<\/td><td>\n<p class=\"p4\"><span class=\"s1\">Palais Libert\u00e9 \u2014 41, place de la libert\u00e9 \u2014 CS&nbsp;30414 &#8211; 83055 Toulon Cedex<\/span><\/p>\n<\/td><\/tr><tr><td> <p class=\"p3\"><span class=\"s1\"><b>Site web<\/b><\/span><span style=\"font-family: inherit;font-size: inherit;font-weight: inherit\"> <\/span><\/p><\/td><td><a href=\"https:\/\/www.grand-sud-developpement.fr\/\">https:\/\/www.grand-sud-developpement.fr\/<\/a> <\/td><\/tr><tr><td>\n<p class=\"p3\"><span class=\"s1\"><b>T\u00e9l\u00e9phone<\/b><\/span><\/p>\n<\/td><td>\n<p class=\"p3\"><span class=\"s1\">04&nbsp;83&nbsp;77&nbsp;03&nbsp;93<\/span><\/p>\n<\/td><\/tr><\/tbody><\/table><\/figure>\n\n\n\n<h2 class=\"p1 wp-block-heading\"><span class=\"s1\"><b>Pr\u00e9sentation de Grand Sud D\u00e9veloppement<\/b><\/span><\/h2>\n\n\n\n<div style=\"height:40px\" aria-hidden=\"true\" class=\"wp-block-spacer\"><\/div>\n\n\n\n<h3 class=\"p5 wp-block-heading\"><span class=\"s1\">Un bref historique<\/span><\/h3>\n\n\n\n<p class=\"p5\"><span class=\"s1\">Grand Sud D\u00e9veloppement a son si\u00e8ge \u00e0 Toulon. <strong>Fond\u00e9e en 2011<\/strong>, la soci\u00e9t\u00e9 est <strong>issue d\u2019un partenariat entre <a href=\"https:\/\/www.fdi.fr\/\"><span class=\"s3\">FDI Groupe<\/span><\/a> (Montpellier) et <a href=\"https:\/\/www.procivis-nord.com\/\"><span class=\"s3\">Procivis Nord<\/span><\/a> (Lille)<\/strong>. Son pr\u00e9sident actuel est M.&nbsp;Ludovic Montaudon. Ses activit\u00e9s se concentrent autour de la promotion immobili\u00e8re, de l\u2019am\u00e9nagement, mais aussi du lotissement. Depuis sa cr\u00e9ation, elle d\u00e9veloppe des op\u00e9rations dans toute la r\u00e9gion PACA et est devenue <strong>un acteur de r\u00e9f\u00e9rence du march\u00e9 de l\u2019immobilier d\u2019habitation dans le secteur<\/strong>. Son chiffre d\u2019affaires en 2018 est de pr\u00e8s de 12&nbsp;M\u20ac.<\/span><\/p>\n\n\n\n<h3 class=\"p5 wp-block-heading\"><span class=\"s1\">Une soci\u00e9t\u00e9 aux fondations solides<\/span><\/h3>\n\n\n\n<p class=\"p5\"><span class=\"s1\">L\u2019entreprise \u00e0 taille humaine men\u00e9e par une \u00e9quipe jeune et passionn\u00e9e s\u2019appuie sur la solidit\u00e9 financi\u00e8re et l\u2019exp\u00e9rience de ses actionnaires provenant de deux groupes centenaires. En effet, <a href=\"https:\/\/www.procivis-nord.com\/\"><span class=\"s3\">Procivis Nord<\/span><\/a> a \u00e9t\u00e9 cr\u00e9e en 1908 et <a href=\"https:\/\/www.fdi.fr\/\"><span class=\"s3\">FDI Groupe<\/span><\/a> en 1913. <\/span><\/p>\n\n\n\n<h3 class=\"p5 wp-block-heading\"><span class=\"s1\">Un acteur immobilier bien implant\u00e9 dans son territoire<\/span><\/h3>\n\n\n\n<p class=\"p5\"><span class=\"s1\">Grand Sud D\u00e9veloppement est ancr\u00e9 dans son territoire. <strong>Ses prestataires sont issus de la r\u00e9gion<\/strong>&nbsp;: maitres d\u2019\u0153uvre, architectes, artisans, fournisseurs, etc. Par ailleurs, <strong>ses programmes s\u2019adaptent aux politiques locales de l\u2019habitat<\/strong> et aux sp\u00e9cificit\u00e9s de chaque collectivit\u00e9 territoriale. L\u2019entreprise travaille de concert avec tous les acteurs locaux qu\u2019ils soient priv\u00e9s ou publics et en est le partenaire privil\u00e9gi\u00e9. <\/span><\/p>\n\n\n\n<h3 class=\"p5 wp-block-heading\">Une offre de<span class=\"s1\"> biens en accession aid\u00e9e<\/span><\/h3>\n\n\n\n<p class=\"p5\"><span class=\"s1\">Logements collectifs, maisons group\u00e9es, terrains \u00e0 b\u00e2tir, Grand Sud D\u00e9veloppement r\u00e9alise des programmes immobiliers diversifi\u00e9s pour tous les go\u00fbts et tous les budgets. Ses op\u00e9rations mixtes int\u00e8grent<strong> <\/strong>la plupart du temps <strong>des appartements sociaux en <a rel=\"noreferrer noopener\" aria-label=\" (opens in a new tab)\" href=\"https:\/\/www.anil.org\/psla\/\" target=\"_blank\"><span class=\"s3\">PSLA<\/span><\/a> (pr\u00eat social location-accession) en parall\u00e8le de l&rsquo;accession classique.<\/strong> <\/span>Il faut noter que le promoteur a \u00e9t\u00e9 <strong>le premier \u00e0 mettre en route un projet immobilier mont\u00e9 et financ\u00e9 en PSLA dans le Var<\/strong>. Il s\u2019agit du <a rel=\"noreferrer noopener\" href=\"https:\/\/www.grand-sud-developpement.fr\/bien-immobilier\/le-hameau-des-vignes-cuers\/\" target=\"_blank\">Hameau des Vignes<\/a> \u00e0 Cuers.<span class=\"s1\"> <\/span><\/p>\n\n\n\n<div class=\"wp-block-image\"><figure class=\"aligncenter size-large\"><img loading=\"lazy\" decoding=\"async\" width=\"567\" height=\"378\" src=\"https:\/\/www.appartement-construction.com\/content\/wp-content\/uploads\/2020\/01\/Grand-Sud-De\u0301veloppement-hameau-des-vignes.jpg\" alt=\"Grand Sud D\u00e9veloppement PSLA accession aid\u00e9e\" class=\"wp-image-5928\" \/><figcaption>Le Hameau des Vignes<\/figcaption><\/figure><\/div>\n\n\n\n<h3 class=\"p5 wp-block-heading\"><span class=\"s1\">Un engagement en mati\u00e8re de d\u00e9veloppement durable<\/span><\/h3>\n\n\n\n<p class=\"p5\"><span class=\"s1\">L\u2019entreprise s\u2019engage \u00e0 r\u00e9aliser <strong>des projets immobiliers durables<\/strong>. Ses constructions pr\u00e9sentent de bonnes performances \u00e9nerg\u00e9tiques et proposent des solutions innovantes qui r\u00e9pondent aux besoins actuels et futurs de leurs occupants. <\/span><\/p>\n\n\n\n<h2 class=\"p1 wp-block-heading\"><span class=\"s1\"><b>Zoom sur deux programmes en cours de Grand Sud D\u00e9veloppement<\/b><\/span><\/h2>\n\n\n\n<div style=\"height:40px\" aria-hidden=\"true\" class=\"wp-block-spacer\"><\/div>\n\n\n\n<h3 class=\"p5 wp-block-heading\"><span class=\"s1\">Terr&rsquo;adora, Cuers<\/span><\/h3>\n\n\n\n<div style=\"height:40px\" aria-hidden=\"true\" class=\"wp-block-spacer\"><\/div>\n\n\n\n<div class=\"wp-block-image\"><figure class=\"aligncenter size-large\"><img loading=\"lazy\" decoding=\"async\" width=\"567\" height=\"352\" src=\"https:\/\/www.appartement-construction.com\/content\/wp-content\/uploads\/2020\/01\/plan-cuers.jpg\" alt=\"plan Cuers pr\u00e8s Toulon\" class=\"wp-image-5925\" \/><figcaption>source : Google Maps<\/figcaption><\/figure><\/div>\n\n\n\n<h4 class=\"p5 wp-block-heading\"><span class=\"s1\">La ville<\/span><\/h4>\n\n\n\n<p class=\"p5\"><span class=\"s1\">Cuers est situ\u00e9e \u00e0 20&nbsp;min au nord-est de Toulon dans le Var en r\u00e9gion PACA. La commune affiche une population de plus de 10\u2009000 habitants. Construite entre les plaines et les collines verdoyantes en pleine campagne, elle jouit du charme des villages proven\u00e7aux. De plus, elle b\u00e9n\u00e9ficie de la dynamique \u00e9conomique de la M\u00e9tropole. Vie culturelle et associative riche, \u00e9tablissements scolaires, commerces, le cadre de vie est id\u00e9al.<\/span><\/p>\n\n\n\n<h4 class=\"p5 wp-block-heading\"><span class=\"s1\">La r\u00e9sidence <\/span><\/h4>\n\n\n\n<p class=\"p5\"><span class=\"s3\"><a rel=\"noreferrer noopener\" aria-label=\" (opens in a new tab)\" href=\"https:\/\/www.grand-sud-developpement.fr\/bien-immobilier\/terradora-a-cuers\/\" target=\"_blank\">Terr&rsquo;adora<\/a><\/span><span class=\"s1\"> est situ\u00e9e dans le quartier r\u00e9sidentiel du Pas Redon \u00e0 quelques minutes du centre-ville de Cuers. Nich\u00e9e dans un cadre verdoyant et calme, la r\u00e9sidence est cependant proche de toutes les commodit\u00e9s.<\/span><br><span class=\"s1\">Construite sur 3 \u00e9tages, elle se compose de <strong>54 appartements du T2 au T4 <\/strong>dont <strong>15 sont vendus dans le cadre du dispositif de location-accession (PSLA) <\/strong>et 39 en locatif conventionn\u00e9.<\/span><br><span class=\"s1\"><strong>Elle suit avec brio les codes architecturaux et les nuances du b\u00e2ti proven\u00e7al tout en affichant une ligne contemporaine<\/strong>. Toit en tuiles, fa\u00e7ades claires et cama\u00efeux de beige et de brun, jardin paysager aux essences m\u00e9diterran\u00e9ennes, <strong>le cabinet d\u2019architecture Artek<\/strong> (Toulon) l\u2019a voulu parfaitement int\u00e9gr\u00e9e \u00e0 son environnement. <\/span><\/p>\n\n\n\n<h4 class=\"p5 wp-block-heading\"><span class=\"s1\">Les prestations<\/span><\/h4>\n\n\n\n<p class=\"p5\"><span class=\"s1\">Terrasses, loggia, salles de bain \u00e9quip\u00e9es de s\u00e8che-serviettes, visiophone, carrelages grand format, chambres \u00e9quip\u00e9es de placards, volets roulants motoris\u00e9s dans le s\u00e9jour, <strong>les prestations sont de qualit\u00e9.<\/strong><\/span><br><span class=\"s1\">Par ailleurs, la r\u00e9sidence b\u00e9n\u00e9ficiera du <strong>label NF Habitat HQE<\/strong>. C\u2019est la garantie d\u2019acheter un appartement proposant une qualit\u00e9 de vie premium, (confort thermique, acoustique, luminosit\u00e9 naturelle, qualit\u00e9 de l\u2019air, etc.), respectueux de l\u2019environnement et \u00e9conomique. R\u00e9alis\u00e9e en brique et b\u00e9ton, la construction r\u00e9pond aux exigences de la RT&nbsp;2012. <\/span><\/p>\n\n\n\n<p class=\"p5\"><span class=\"s1\">Un T2 de 41,8&nbsp;m<\/span><span class=\"s4\"><sup>2<\/sup><\/span><span class=\"s1\"> est \u00e0 partir de 121\u2009500&nbsp;\u20ac. Un T3 de 60,6&nbsp;m<\/span><span class=\"s4\"><sup>2<\/sup><\/span><span class=\"s1\"> est \u00e0 partir 163\u2009000&nbsp;\u20ac. La livraison est pr\u00e9vue au 3e trimestre de 2021.<\/span><\/p>\n\n\n\n<figure class=\"wp-block-gallery aligncenter columns-2 is-cropped wp-block-gallery-1 is-layout-flex wp-block-gallery-is-layout-flex\"><ul class=\"blocks-gallery-grid\"><li class=\"blocks-gallery-item\"><figure><img loading=\"lazy\" decoding=\"async\" width=\"575\" height=\"428\" src=\"https:\/\/www.appartement-construction.com\/content\/wp-content\/uploads\/2020\/01\/Grand-Sud-De\u0301veloppement-residenceterradora1.jpg\" alt=\"\" data-id=\"5926\" data-link=\"https:\/\/www.appartement-construction.com\/content\/?attachment_id=5926\" class=\"wp-image-5926\" \/><\/figure><\/li><li class=\"blocks-gallery-item\"><figure><img loading=\"lazy\" decoding=\"async\" width=\"567\" height=\"419\" src=\"https:\/\/www.appartement-construction.com\/content\/wp-content\/uploads\/2020\/01\/Grand-Sud-De\u0301veloppement-residenceterradora-1.jpg\" alt=\"\" data-id=\"5927\" data-full-url=\"https:\/\/www.appartement-construction.com\/content\/wp-content\/uploads\/2020\/01\/Grand-Sud-De\u0301veloppement-residenceterradora-1.jpg\" data-link=\"https:\/\/www.appartement-construction.com\/content\/?attachment_id=5927\" class=\"wp-image-5927\" \/><\/figure><\/li><\/ul><\/figure>\n\n\n\n<h3 class=\"p5 wp-block-heading\"><span class=\"s1\">Bel&rsquo;Ombra, Toulon<\/span><\/h3>\n\n\n\n<div style=\"height:40px\" aria-hidden=\"true\" class=\"wp-block-spacer\"><\/div>\n\n\n\n<h4 class=\"p5 wp-block-heading\"><span class=\"s1\">Le quartier Vert Coteau \u00e0 Toulon<\/span><\/h4>\n\n\n\n<p class=\"p5\"><span class=\"s1\">Proche du centre-ville de Toulon et \u00e0 quelques minutes des plages, le quartier Vert Coteau est un secteur tranquille de la M\u00e9tropole. Disposant de tous les commerces et les infrastructures n\u00e9cessaires, il affiche les avantages de la vie citadine dans un cadre r\u00e9sidentiel privil\u00e9gi\u00e9.<\/span><\/p>\n\n\n\n<h4 class=\"p5 wp-block-heading\"><span class=\"s1\">La r\u00e9sidence <\/span><\/h4>\n\n\n\n<div style=\"height:40px\" aria-hidden=\"true\" class=\"wp-block-spacer\"><\/div>\n\n\n\n<figure class=\"wp-block-embed-youtube wp-block-embed is-type-video is-provider-youtube wp-embed-aspect-16-9 wp-has-aspect-ratio\"><div class=\"wp-block-embed__wrapper\">\n<iframe loading=\"lazy\" title=\"R\u00e9sidence Bel&#039;Ombra - Grand Sud D\u00e9veloppement\" width=\"500\" height=\"281\" src=\"https:\/\/www.youtube.com\/embed\/3nWGdDbemKA?feature=oembed\" frameborder=\"0\" allow=\"accelerometer; autoplay; clipboard-write; encrypted-media; gyroscope; picture-in-picture; web-share\" referrerpolicy=\"strict-origin-when-cross-origin\" allowfullscreen><\/iframe>\n<\/div><\/figure>\n\n\n\n<p class=\"p5\"><span class=\"s1\">Au 422 de l\u2019avenue Marceau, <a rel=\"noreferrer noopener\" aria-label=\" (opens in a new tab)\" href=\"https:\/\/www.grand-sud-developpement.fr\/bien-immobilier\/residence-belombra-a-toulon\/\" target=\"_blank\"><span class=\"s3\">la r\u00e9sidence Bel&rsquo;Ombra<\/span><\/a> de Grand Sud D\u00e9veloppement se compose de <strong>111 appartements du studio au 4 pi\u00e8ces, dont 29 logements sociaux<\/strong>. Elle tient son nom d\u2019un arbre centenaire sur la propri\u00e9t\u00e9. La nature d\u2019ailleurs occupe une belle place dans ce projet. En effet, les b\u00e2timents s\u2019\u00e9rigent de part et d\u2019autre d\u2019un joli jardin d\u2019agr\u00e9ment o\u00f9 citronniers, orangers, pins et autres grands arbres donnent le ton. <\/span><br><span class=\"s1\">La construction, dont la maitrise d\u2019\u0153uvre est prise en charge par MDR Architectes (Montpellier), se pare des couleurs proven\u00e7ales douces et chaudes qui mettent en valeur une ligne architecturale contemporaine. <\/span><br><span class=\"s1\">Les appartements sont \u00e9quip\u00e9s de balcons ou de terrasses id\u00e9alement orient\u00e9es et les attiques offrent un panorama exceptionnel sur la ville.<\/span><\/p>\n\n\n\n<h4 class=\"p5 wp-block-heading\"><span class=\"s1\">Les prestations<\/span><\/h4>\n\n\n\n<p class=\"p5\"><span class=\"s1\">Les int\u00e9rieurs proposent des volumes agr\u00e9ables et des agencements soign\u00e9s. Par ailleurs, la lumi\u00e8re naturelle baigne les appartements \u00e9quip\u00e9s d\u2019espaces ext\u00e9rieurs g\u00e9n\u00e9reux. La r\u00e9sidence va b\u00e9n\u00e9ficier <strong>du label NF Habitat et r\u00e9pond aux normes RT&nbsp;2012. <\/strong><\/span><\/p>\n\n\n\n<p class=\"p5\"><span class=\"s1\">Un T2 de 40 m2 est \u00e0 133\u2009000&nbsp;\u20ac. Un T4 de 76&nbsp;m<\/span><span class=\"s4\"><sup>2<\/sup><\/span><span class=\"s1\"> est \u00e0 210\u2009000&nbsp;\u20ac. La livraison est pr\u00e9vue \u00e0 partir du 1er trimestre&nbsp;2020.<\/span><\/p>\n\n\n\n<div class=\"wp-block-image\"><figure class=\"aligncenter size-large\"><img loading=\"lazy\" decoding=\"async\" width=\"567\" height=\"413\" src=\"https:\/\/www.appartement-construction.com\/content\/wp-content\/uploads\/2020\/01\/Grand-Sud-De\u0301veloppement-bel_ombra_toulon.jpg\" alt=\"Grand Sud D\u00e9veloppement r\u00e9sidence neuve Toulon\" class=\"wp-image-5924\" \/><\/figure><\/div>\n\n\n\n<h2 class=\"p1 wp-block-heading\"><span class=\"s1\"><b>Derniers programmes livr\u00e9s par Grand Sud D\u00e9veloppement<\/b><\/span><\/h2>\n\n\n\n<h3 class=\"p5 wp-block-heading\"><span class=\"s1\">Green Way, Toulon<\/span><\/h3>\n\n\n\n<div style=\"height:40px\" aria-hidden=\"true\" class=\"wp-block-spacer\"><\/div>\n\n\n\n<h4 class=\"p5 wp-block-heading\"><span class=\"s1\">Le quartier des Quatre-Chemins-des-Routes<\/span><\/h4>\n\n\n\n<p class=\"p5\"><span class=\"s1\">Install\u00e9 au nord-ouest de Toulon, le quartier a une ambiance de village proven\u00e7al avec ses terrasses \u00e0 l\u2019ombre des platanes, ses fontaines, lauriers roses et bougainvilliers. Le cadre de vie est paisible et authentique. Riche en commerces et en services, il est par ailleurs desservi par deux lignes de bus qui le relient au centre-ville.<\/span><\/p>\n\n\n\n<h4 class=\"p5 wp-block-heading\"><span class=\"s1\">La r\u00e9sidence <\/span><\/h4>\n\n\n\n<p class=\"p5\"><span class=\"s3\"><a rel=\"noopener noreferrer\" href=\"https:\/\/www.grand-sud-developpement.fr\/bien-immobilier\/appartements-neufs-toulon-green-way\/\" target=\"_blank\">La r\u00e9sidence Green Way<\/a><\/span><span class=\"s1\"> est construite sur l\u2019All\u00e9e des Acantes dans un cadre verdoyant et tr\u00e8s calme. <strong>Compos\u00e9e de 3 b\u00e2timents \u00e0 un seul \u00e9tage et respectant les codes architecturaux proven\u00e7aux, elle s\u2019harmonise avec son environnement<\/strong>. De plus, de beaux espaces verts sont am\u00e9nag\u00e9s autour d\u2019elle. Tous les appartements sont \u00e9quip\u00e9s d\u2019une grande terrasse ou d\u2019un jardin privatif. Sur les toits, des duplex disposent de volumes tr\u00e8s g\u00e9n\u00e9reux.<\/span><\/p>\n\n\n\n<h4 class=\"p5 wp-block-heading\"><span class=\"s1\">Les prestations<\/span><\/h4>\n\n\n\n<p class=\"p5\"><span class=\"s1\">Placards dans les chambres, volet roulant motoris\u00e9 dans le s\u00e9jour, chaudi\u00e8re gaz individuelle \u00e0 condensation, ascenseur, etc. <strong>Les prestations sont soign\u00e9es et surtout Grand Sud D\u00e9veloppement les a voulu personnalisables<\/strong>. La possibilit\u00e9 de choisir les couleurs et les mati\u00e8res des carrelages grand format et des fa\u00efences promet aux acqu\u00e9reurs des finitions sur mesure.<\/span><\/p>\n\n\n\n<figure class=\"wp-block-gallery aligncenter columns-2 is-cropped wp-block-gallery-2 is-layout-flex wp-block-gallery-is-layout-flex\"><ul class=\"blocks-gallery-grid\"><li class=\"blocks-gallery-item\"><figure><img loading=\"lazy\" decoding=\"async\" width=\"492\" height=\"291\" src=\"https:\/\/www.appartement-construction.com\/content\/wp-content\/uploads\/2020\/01\/Grand-Sud-De\u0301veloppement-GreenWay.jpg\" alt=\"\" data-id=\"5921\" data-link=\"https:\/\/www.appartement-construction.com\/content\/?attachment_id=5921\" class=\"wp-image-5921\" \/><\/figure><\/li><li class=\"blocks-gallery-item\"><figure><img loading=\"lazy\" decoding=\"async\" width=\"492\" height=\"409\" src=\"https:\/\/www.appartement-construction.com\/content\/wp-content\/uploads\/2020\/01\/Grand-Sud-De\u0301veloppement-GreenWay2.jpg\" alt=\"\" data-id=\"5922\" data-full-url=\"https:\/\/www.appartement-construction.com\/content\/wp-content\/uploads\/2020\/01\/Grand-Sud-De\u0301veloppement-GreenWay2.jpg\" data-link=\"https:\/\/www.appartement-construction.com\/content\/?attachment_id=5922\" class=\"wp-image-5922\" \/><\/figure><\/li><\/ul><\/figure>\n\n\n\n<h3 class=\"p5 wp-block-heading\"><span class=\"s1\">L\u2019\u00c9clat, La Valette-du-Var<\/span><\/h3>\n\n\n\n<div style=\"height:40px\" aria-hidden=\"true\" class=\"wp-block-spacer\"><\/div>\n\n\n\n<div class=\"wp-block-image\"><figure class=\"aligncenter size-large\"><img loading=\"lazy\" decoding=\"async\" width=\"567\" height=\"273\" src=\"https:\/\/www.appartement-construction.com\/content\/wp-content\/uploads\/2020\/01\/plan-valette-du-var-min.jpg\" alt=\"plan La-Valette-du-Var\" class=\"wp-image-5930\" \/><figcaption>source : Google Maps<\/figcaption><\/figure><\/div>\n\n\n\n<h4 class=\"p5 wp-block-heading\"><span class=\"s1\">Le quartier de Craus \u00e0 La Valette-du-Var<\/span><\/h4>\n\n\n\n<p class=\"p5\"><span class=\"s1\">Entour\u00e9e de vignes, vergers et pins, la ville offre un merveilleux cadre de vie proven\u00e7al authentique. Elle b\u00e9n\u00e9ficie par ailleurs de la proximit\u00e9 avec la M\u00e9tropole de Toulon-Provence-M\u00e9diterran\u00e9e. Son quartier r\u00e9sidentiel de la Craus est tr\u00e8s convoit\u00e9. Situ\u00e9 \u00e0 quelques minutes du centre-ville, il se niche au sein d\u2019un site naturel prot\u00e9g\u00e9.&nbsp;<\/span><\/p>\n\n\n\n<h4 class=\"p5 wp-block-heading\"><span class=\"s1\">La r\u00e9sidence <\/span><\/h4>\n\n\n\n<p class=\"p5\"><span class=\"s1\">Le programme immobilier intimiste <a rel=\"noopener noreferrer\" href=\"https:\/\/www.grand-sud-developpement.fr\/bien-immobilier\/appartements-neufs-la-valette-du-var-2\/\" target=\"_blank\"><span class=\"s3\">La Valette-du-Var<\/span><\/a> de Grand Sud D\u00e9veloppement propose <strong>26 appartements du T2 au T3 dont 12 sont des logements conventionn\u00e9s<\/strong>. Le b\u00e2timent est construit dans un secteur tr\u00e8s calme entre deux impasses&nbsp;: Estiennes d\u2019Orves et Louis Guiol. <\/span><br><span class=\"s1\">Tous disposent d\u2019une terrasse ou d\u2019un jardin privatif avec une belle vue sur les collines et le jardin paysager de la r\u00e9sidence. Couleurs pastels, ligne architecturale contemporaine jouant avec des traits typiquement proven\u00e7aux, espaces verts, l\u2019ensemble est tr\u00e8s s\u00e9duisant.<\/span><\/p>\n\n\n\n<p class=\"p5\"><span class=\"s1\">Un T2 est \u00e0 partir de 179\u2009000&nbsp;\u20ac. L\u2019inauguration de la r\u00e9sidence a eu lieu le 13 juin 2019. <\/span><\/p>\n\n\n\n<div class=\"wp-block-image\"><figure class=\"aligncenter size-large\"><img loading=\"lazy\" decoding=\"async\" width=\"636\" height=\"475\" src=\"https:\/\/www.appartement-construction.com\/content\/wp-content\/uploads\/2020\/01\/Grand-Sud-De\u0301veloppement-e\u0301clat.jpg\" alt=\"Grand Sud D\u00e9veloppement appartements neufs La vallette-du-Var\" class=\"wp-image-5920\" srcset=\"https:\/\/www.appartement-construction.com\/content\/wp-content\/uploads\/2020\/01\/Grand-Sud-De\u0301veloppement-e\u0301clat.jpg 636w, https:\/\/www.appartement-construction.com\/content\/wp-content\/uploads\/2020\/01\/Grand-Sud-De\u0301veloppement-e\u0301clat-600x448.jpg 600w\" sizes=\"auto, (max-width: 636px) 100vw, 636px\" \/><\/figure><\/div>\n\n\n\n<h2 class=\"p1 wp-block-heading\"><span class=\"s1\"><b>Les agences et espaces de vente de Grand Sud D\u00e9veloppement<\/b><\/span><\/h2>\n\n\n\n<p class=\"p7\"><span class=\"s2\">Les bureaux de Grand Sud D\u00e9veloppement se situent <\/span><span class=\"s1\">41, place de la libert\u00e9 \u00e0 Toulon. Pour la r\u00e9sidence Bel&rsquo;Ombra, la bulle de vente est place Bergonnier, avenue Van Loo \u00e0 Toulon. <\/span><\/p>\n\n\n\n<p class=\"p7\"><span class=\"s1\"><i>En quelques ann\u00e9es d\u2019existence, Grand Sud D\u00e9veloppement est devenu <strong>un acteur immobilier qui compte en r\u00e9gion PACA<\/strong>. Ses r\u00e9sidences, situ\u00e9es \u00e0 de belles adresses, <strong>privil\u00e9gient la mixit\u00e9 sociale en combinant des logements en accession aid\u00e9e et libre<\/strong>. La plupart des constructions b\u00e9n\u00e9ficient du label NF Habitat et les biens offrent des prestations de qualit\u00e9. Que vous cherchiez un appartement pour en faire votre r\u00e9sidence principale ou pour un investissement locatif, les projets de GSD sont une valeur sure. <\/i><\/span><\/p>\n","protected":false},"excerpt":{"rendered":"<p>Vous souhaitez acheter un appartement neuf dans un charmant village proven\u00e7al du Var ou vous installer \u00e0 Toulon\u2009? Grand Sud D\u00e9veloppement, promoteur \u00e0 Toulon, r\u00e9alise des programmes immobiliers en r\u00e9gion PACA pour tous les go\u00fbts et tous les budgets. Tr\u00e8s bien implant\u00e9 dans le territoire, il met en avant de belles adresses. Par ailleurs, La [&hellip;]<\/p>\n","protected":false},"author":12,"featured_media":5919,"comment_status":"open","ping_status":"open","sticky":false,"template":"","format":"standard","meta":{"footnotes":""},"categories":[5],"tags":[],"class_list":["post-5905","post","type-post","status-publish","format-standard","has-post-thumbnail","hentry","category-promoteurs"],"yoast_head":"<!-- This site is optimized with the Yoast SEO plugin v25.1 - https:\/\/yoast.com\/wordpress\/plugins\/seo\/ -->\n<title>Grand Sud D\u00e9veloppement - Promoteur de Mixit\u00e9 \u00e0 Toulon et en PACA<\/title>\n<meta name=\"description\" content=\"Grand Sud D\u00e9veloppement propose des Programmes Neufs \u00e0 Toulon et en r\u00e9gion PACA. Belles Adresses, Constructions Durables, Label NF Habitat, D\u00e9couvrez ...\" \/>\n<meta name=\"robots\" content=\"index, follow, max-snippet:-1, max-image-preview:large, max-video-preview:-1\" \/>\n<link rel=\"canonical\" href=\"https:\/\/www.appartement-construction.com\/content\/promoteurs\/grand-sud-developpement\" \/>\n<meta property=\"og:locale\" content=\"fr_FR\" \/>\n<meta property=\"og:type\" content=\"article\" \/>\n<meta property=\"og:title\" content=\"Grand Sud D\u00e9veloppement - Promoteur de Mixit\u00e9 \u00e0 Toulon et en PACA\" \/>\n<meta property=\"og:description\" content=\"Grand Sud D\u00e9veloppement propose des Programmes Neufs \u00e0 Toulon et en r\u00e9gion PACA. Belles Adresses, Constructions Durables, Label NF Habitat, D\u00e9couvrez ...\" \/>\n<meta property=\"og:url\" content=\"https:\/\/www.appartement-construction.com\/content\/promoteurs\/grand-sud-developpement\" \/>\n<meta property=\"og:site_name\" content=\"Acheter un appartement neuf\" \/>\n<meta property=\"article:publisher\" content=\"https:\/\/www.facebook.com\/AppartementConstructioncom\/\" \/>\n<meta property=\"article:published_time\" content=\"2020-01-17T10:50:18+00:00\" \/>\n<meta property=\"article:modified_time\" content=\"2020-07-21T14:55:45+00:00\" \/>\n<meta property=\"og:image\" content=\"https:\/\/www.appartement-construction.com\/content\/wp-content\/uploads\/2020\/01\/Grand-Sud-De\u0301veloppement-terrasse_bel_ombra_toulon-head.jpg\" \/>\n\t<meta property=\"og:image:width\" content=\"1000\" \/>\n\t<meta property=\"og:image:height\" content=\"563\" \/>\n\t<meta property=\"og:image:type\" content=\"image\/jpeg\" \/>\n<meta name=\"author\" content=\"Laurence\" \/>\n<meta name=\"twitter:label1\" content=\"\u00c9crit par\" \/>\n\t<meta name=\"twitter:data1\" content=\"Laurence\" \/>\n\t<meta name=\"twitter:label2\" content=\"Dur\u00e9e de lecture estim\u00e9e\" \/>\n\t<meta name=\"twitter:data2\" content=\"8 minutes\" \/>\n<script type=\"application\/ld+json\" class=\"yoast-schema-graph\">{\"@context\":\"https:\/\/schema.org\",\"@graph\":[{\"@type\":\"Article\",\"@id\":\"https:\/\/www.appartement-construction.com\/content\/promoteurs\/grand-sud-developpement#article\",\"isPartOf\":{\"@id\":\"https:\/\/www.appartement-construction.com\/content\/promoteurs\/grand-sud-developpement\"},\"author\":{\"name\":\"Laurence\",\"@id\":\"https:\/\/www.appartement-construction.com\/content\/#\/schema\/person\/06fddd1d3f937d2fd54200b32e3dee41\"},\"headline\":\"Grand Sud D\u00e9veloppement &#8211; Promoteur de Mixit\u00e9 \u00e0 Toulon et en PACA\",\"datePublished\":\"2020-01-17T10:50:18+00:00\",\"dateModified\":\"2020-07-21T14:55:45+00:00\",\"mainEntityOfPage\":{\"@id\":\"https:\/\/www.appartement-construction.com\/content\/promoteurs\/grand-sud-developpement\"},\"wordCount\":1706,\"commentCount\":0,\"publisher\":{\"@id\":\"https:\/\/www.appartement-construction.com\/content\/#organization\"},\"image\":{\"@id\":\"https:\/\/www.appartement-construction.com\/content\/promoteurs\/grand-sud-developpement#primaryimage\"},\"thumbnailUrl\":\"https:\/\/www.appartement-construction.com\/content\/wp-content\/uploads\/2020\/01\/Grand-Sud-De\u0301veloppement-terrasse_bel_ombra_toulon-head.jpg\",\"articleSection\":[\"Les promoteurs\"],\"inLanguage\":\"fr-FR\",\"potentialAction\":[{\"@type\":\"CommentAction\",\"name\":\"Comment\",\"target\":[\"https:\/\/www.appartement-construction.com\/content\/promoteurs\/grand-sud-developpement#respond\"]}]},{\"@type\":\"WebPage\",\"@id\":\"https:\/\/www.appartement-construction.com\/content\/promoteurs\/grand-sud-developpement\",\"url\":\"https:\/\/www.appartement-construction.com\/content\/promoteurs\/grand-sud-developpement\",\"name\":\"Grand Sud D\u00e9veloppement - Promoteur de Mixit\u00e9 \u00e0 Toulon et en PACA\",\"isPartOf\":{\"@id\":\"https:\/\/www.appartement-construction.com\/content\/#website\"},\"primaryImageOfPage\":{\"@id\":\"https:\/\/www.appartement-construction.com\/content\/promoteurs\/grand-sud-developpement#primaryimage\"},\"image\":{\"@id\":\"https:\/\/www.appartement-construction.com\/content\/promoteurs\/grand-sud-developpement#primaryimage\"},\"thumbnailUrl\":\"https:\/\/www.appartement-construction.com\/content\/wp-content\/uploads\/2020\/01\/Grand-Sud-De\u0301veloppement-terrasse_bel_ombra_toulon-head.jpg\",\"datePublished\":\"2020-01-17T10:50:18+00:00\",\"dateModified\":\"2020-07-21T14:55:45+00:00\",\"description\":\"Grand Sud D\u00e9veloppement propose des Programmes Neufs \u00e0 Toulon et en r\u00e9gion PACA. Belles Adresses, Constructions Durables, Label NF Habitat, D\u00e9couvrez ...\",\"breadcrumb\":{\"@id\":\"https:\/\/www.appartement-construction.com\/content\/promoteurs\/grand-sud-developpement#breadcrumb\"},\"inLanguage\":\"fr-FR\",\"potentialAction\":[{\"@type\":\"ReadAction\",\"target\":[\"https:\/\/www.appartement-construction.com\/content\/promoteurs\/grand-sud-developpement\"]}]},{\"@type\":\"ImageObject\",\"inLanguage\":\"fr-FR\",\"@id\":\"https:\/\/www.appartement-construction.com\/content\/promoteurs\/grand-sud-developpement#primaryimage\",\"url\":\"https:\/\/www.appartement-construction.com\/content\/wp-content\/uploads\/2020\/01\/Grand-Sud-De\u0301veloppement-terrasse_bel_ombra_toulon-head.jpg\",\"contentUrl\":\"https:\/\/www.appartement-construction.com\/content\/wp-content\/uploads\/2020\/01\/Grand-Sud-De\u0301veloppement-terrasse_bel_ombra_toulon-head.jpg\",\"width\":1000,\"height\":563,\"caption\":\"Grand Sud D\u00e9veloppement promoteur appartement neuf\"},{\"@type\":\"WebSite\",\"@id\":\"https:\/\/www.appartement-construction.com\/content\/#website\",\"url\":\"https:\/\/www.appartement-construction.com\/content\/\",\"name\":\"Acheter un appartement neuf\",\"description\":\"Trouver votre Promoteur et Appartement Neuf en Ligne !\",\"publisher\":{\"@id\":\"https:\/\/www.appartement-construction.com\/content\/#organization\"},\"potentialAction\":[{\"@type\":\"SearchAction\",\"target\":{\"@type\":\"EntryPoint\",\"urlTemplate\":\"https:\/\/www.appartement-construction.com\/content\/?s={search_term_string}\"},\"query-input\":{\"@type\":\"PropertyValueSpecification\",\"valueRequired\":true,\"valueName\":\"search_term_string\"}}],\"inLanguage\":\"fr-FR\"},{\"@type\":\"Organization\",\"@id\":\"https:\/\/www.appartement-construction.com\/content\/#organization\",\"name\":\"Appartement-Construction.com\",\"url\":\"https:\/\/www.appartement-construction.com\/content\/\",\"logo\":{\"@type\":\"ImageObject\",\"inLanguage\":\"fr-FR\",\"@id\":\"https:\/\/www.appartement-construction.com\/content\/#\/schema\/logo\/image\/\",\"url\":\"https:\/\/www.appartement-construction.com\/content\/wp-content\/uploads\/2018\/07\/logo-AC.jpg\",\"contentUrl\":\"https:\/\/www.appartement-construction.com\/content\/wp-content\/uploads\/2018\/07\/logo-AC.jpg\",\"width\":794,\"height\":491,\"caption\":\"Appartement-Construction.com\"},\"image\":{\"@id\":\"https:\/\/www.appartement-construction.com\/content\/#\/schema\/logo\/image\/\"},\"sameAs\":[\"https:\/\/www.facebook.com\/AppartementConstructioncom\/\"]},{\"@type\":\"Person\",\"@id\":\"https:\/\/www.appartement-construction.com\/content\/#\/schema\/person\/06fddd1d3f937d2fd54200b32e3dee41\",\"name\":\"Laurence\",\"image\":{\"@type\":\"ImageObject\",\"inLanguage\":\"fr-FR\",\"@id\":\"https:\/\/www.appartement-construction.com\/content\/#\/schema\/person\/image\/\",\"url\":\"https:\/\/secure.gravatar.com\/avatar\/a3d78ca6bbeca68c34b2ca0bfda3ab3e0a6d919e37a32ff151594431fef523af?s=96&d=mm&r=g\",\"contentUrl\":\"https:\/\/secure.gravatar.com\/avatar\/a3d78ca6bbeca68c34b2ca0bfda3ab3e0a6d919e37a32ff151594431fef523af?s=96&d=mm&r=g\",\"caption\":\"Laurence\"},\"url\":\"https:\/\/www.appartement-construction.com\/content\/author\/laurence\"}]}<\/script>\n<!-- \/ Yoast SEO plugin. -->","yoast_head_json":{"title":"Grand Sud D\u00e9veloppement - Promoteur de Mixit\u00e9 \u00e0 Toulon et en PACA","description":"Grand Sud D\u00e9veloppement propose des Programmes Neufs \u00e0 Toulon et en r\u00e9gion PACA. Belles Adresses, Constructions Durables, Label NF Habitat, D\u00e9couvrez ...","robots":{"index":"index","follow":"follow","max-snippet":"max-snippet:-1","max-image-preview":"max-image-preview:large","max-video-preview":"max-video-preview:-1"},"canonical":"https:\/\/www.appartement-construction.com\/content\/promoteurs\/grand-sud-developpement","og_locale":"fr_FR","og_type":"article","og_title":"Grand Sud D\u00e9veloppement - Promoteur de Mixit\u00e9 \u00e0 Toulon et en PACA","og_description":"Grand Sud D\u00e9veloppement propose des Programmes Neufs \u00e0 Toulon et en r\u00e9gion PACA. Belles Adresses, Constructions Durables, Label NF Habitat, D\u00e9couvrez ...","og_url":"https:\/\/www.appartement-construction.com\/content\/promoteurs\/grand-sud-developpement","og_site_name":"Acheter un appartement neuf","article_publisher":"https:\/\/www.facebook.com\/AppartementConstructioncom\/","article_published_time":"2020-01-17T10:50:18+00:00","article_modified_time":"2020-07-21T14:55:45+00:00","og_image":[{"width":1000,"height":563,"url":"https:\/\/www.appartement-construction.com\/content\/wp-content\/uploads\/2020\/01\/Grand-Sud-De\u0301veloppement-terrasse_bel_ombra_toulon-head.jpg","type":"image\/jpeg"}],"author":"Laurence","twitter_misc":{"\u00c9crit par":"Laurence","Dur\u00e9e de lecture estim\u00e9e":"8 minutes"},"schema":{"@context":"https:\/\/schema.org","@graph":[{"@type":"Article","@id":"https:\/\/www.appartement-construction.com\/content\/promoteurs\/grand-sud-developpement#article","isPartOf":{"@id":"https:\/\/www.appartement-construction.com\/content\/promoteurs\/grand-sud-developpement"},"author":{"name":"Laurence","@id":"https:\/\/www.appartement-construction.com\/content\/#\/schema\/person\/06fddd1d3f937d2fd54200b32e3dee41"},"headline":"Grand Sud D\u00e9veloppement &#8211; Promoteur de Mixit\u00e9 \u00e0 Toulon et en PACA","datePublished":"2020-01-17T10:50:18+00:00","dateModified":"2020-07-21T14:55:45+00:00","mainEntityOfPage":{"@id":"https:\/\/www.appartement-construction.com\/content\/promoteurs\/grand-sud-developpement"},"wordCount":1706,"commentCount":0,"publisher":{"@id":"https:\/\/www.appartement-construction.com\/content\/#organization"},"image":{"@id":"https:\/\/www.appartement-construction.com\/content\/promoteurs\/grand-sud-developpement#primaryimage"},"thumbnailUrl":"https:\/\/www.appartement-construction.com\/content\/wp-content\/uploads\/2020\/01\/Grand-Sud-De\u0301veloppement-terrasse_bel_ombra_toulon-head.jpg","articleSection":["Les promoteurs"],"inLanguage":"fr-FR","potentialAction":[{"@type":"CommentAction","name":"Comment","target":["https:\/\/www.appartement-construction.com\/content\/promoteurs\/grand-sud-developpement#respond"]}]},{"@type":"WebPage","@id":"https:\/\/www.appartement-construction.com\/content\/promoteurs\/grand-sud-developpement","url":"https:\/\/www.appartement-construction.com\/content\/promoteurs\/grand-sud-developpement","name":"Grand Sud D\u00e9veloppement - Promoteur de Mixit\u00e9 \u00e0 Toulon et en PACA","isPartOf":{"@id":"https:\/\/www.appartement-construction.com\/content\/#website"},"primaryImageOfPage":{"@id":"https:\/\/www.appartement-construction.com\/content\/promoteurs\/grand-sud-developpement#primaryimage"},"image":{"@id":"https:\/\/www.appartement-construction.com\/content\/promoteurs\/grand-sud-developpement#primaryimage"},"thumbnailUrl":"https:\/\/www.appartement-construction.com\/content\/wp-content\/uploads\/2020\/01\/Grand-Sud-De\u0301veloppement-terrasse_bel_ombra_toulon-head.jpg","datePublished":"2020-01-17T10:50:18+00:00","dateModified":"2020-07-21T14:55:45+00:00","description":"Grand Sud D\u00e9veloppement propose des Programmes Neufs \u00e0 Toulon et en r\u00e9gion PACA. Belles Adresses, Constructions Durables, Label NF Habitat, D\u00e9couvrez ...","breadcrumb":{"@id":"https:\/\/www.appartement-construction.com\/content\/promoteurs\/grand-sud-developpement#breadcrumb"},"inLanguage":"fr-FR","potentialAction":[{"@type":"ReadAction","target":["https:\/\/www.appartement-construction.com\/content\/promoteurs\/grand-sud-developpement"]}]},{"@type":"ImageObject","inLanguage":"fr-FR","@id":"https:\/\/www.appartement-construction.com\/content\/promoteurs\/grand-sud-developpement#primaryimage","url":"https:\/\/www.appartement-construction.com\/content\/wp-content\/uploads\/2020\/01\/Grand-Sud-De\u0301veloppement-terrasse_bel_ombra_toulon-head.jpg","contentUrl":"https:\/\/www.appartement-construction.com\/content\/wp-content\/uploads\/2020\/01\/Grand-Sud-De\u0301veloppement-terrasse_bel_ombra_toulon-head.jpg","width":1000,"height":563,"caption":"Grand Sud D\u00e9veloppement promoteur appartement neuf"},{"@type":"WebSite","@id":"https:\/\/www.appartement-construction.com\/content\/#website","url":"https:\/\/www.appartement-construction.com\/content\/","name":"Acheter un appartement neuf","description":"Trouver votre Promoteur et Appartement Neuf en Ligne !","publisher":{"@id":"https:\/\/www.appartement-construction.com\/content\/#organization"},"potentialAction":[{"@type":"SearchAction","target":{"@type":"EntryPoint","urlTemplate":"https:\/\/www.appartement-construction.com\/content\/?s={search_term_string}"},"query-input":{"@type":"PropertyValueSpecification","valueRequired":true,"valueName":"search_term_string"}}],"inLanguage":"fr-FR"},{"@type":"Organization","@id":"https:\/\/www.appartement-construction.com\/content\/#organization","name":"Appartement-Construction.com","url":"https:\/\/www.appartement-construction.com\/content\/","logo":{"@type":"ImageObject","inLanguage":"fr-FR","@id":"https:\/\/www.appartement-construction.com\/content\/#\/schema\/logo\/image\/","url":"https:\/\/www.appartement-construction.com\/content\/wp-content\/uploads\/2018\/07\/logo-AC.jpg","contentUrl":"https:\/\/www.appartement-construction.com\/content\/wp-content\/uploads\/2018\/07\/logo-AC.jpg","width":794,"height":491,"caption":"Appartement-Construction.com"},"image":{"@id":"https:\/\/www.appartement-construction.com\/content\/#\/schema\/logo\/image\/"},"sameAs":["https:\/\/www.facebook.com\/AppartementConstructioncom\/"]},{"@type":"Person","@id":"https:\/\/www.appartement-construction.com\/content\/#\/schema\/person\/06fddd1d3f937d2fd54200b32e3dee41","name":"Laurence","image":{"@type":"ImageObject","inLanguage":"fr-FR","@id":"https:\/\/www.appartement-construction.com\/content\/#\/schema\/person\/image\/","url":"https:\/\/secure.gravatar.com\/avatar\/a3d78ca6bbeca68c34b2ca0bfda3ab3e0a6d919e37a32ff151594431fef523af?s=96&d=mm&r=g","contentUrl":"https:\/\/secure.gravatar.com\/avatar\/a3d78ca6bbeca68c34b2ca0bfda3ab3e0a6d919e37a32ff151594431fef523af?s=96&d=mm&r=g","caption":"Laurence"},"url":"https:\/\/www.appartement-construction.com\/content\/author\/laurence"}]}},"_links":{"self":[{"href":"https:\/\/www.appartement-construction.com\/content\/wp-json\/wp\/v2\/posts\/5905","targetHints":{"allow":["GET"]}}],"collection":[{"href":"https:\/\/www.appartement-construction.com\/content\/wp-json\/wp\/v2\/posts"}],"about":[{"href":"https:\/\/www.appartement-construction.com\/content\/wp-json\/wp\/v2\/types\/post"}],"author":[{"embeddable":true,"href":"https:\/\/www.appartement-construction.com\/content\/wp-json\/wp\/v2\/users\/12"}],"replies":[{"embeddable":true,"href":"https:\/\/www.appartement-construction.com\/content\/wp-json\/wp\/v2\/comments?post=5905"}],"version-history":[{"count":13,"href":"https:\/\/www.appartement-construction.com\/content\/wp-json\/wp\/v2\/posts\/5905\/revisions"}],"predecessor-version":[{"id":7521,"href":"https:\/\/www.appartement-construction.com\/content\/wp-json\/wp\/v2\/posts\/5905\/revisions\/7521"}],"wp:featuredmedia":[{"embeddable":true,"href":"https:\/\/www.appartement-construction.com\/content\/wp-json\/wp\/v2\/media\/5919"}],"wp:attachment":[{"href":"https:\/\/www.appartement-construction.com\/content\/wp-json\/wp\/v2\/media?parent=5905"}],"wp:term":[{"taxonomy":"category","embeddable":true,"href":"https:\/\/www.appartement-construction.com\/content\/wp-json\/wp\/v2\/categories?post=5905"},{"taxonomy":"post_tag","embeddable":true,"href":"https:\/\/www.appartement-construction.com\/content\/wp-json\/wp\/v2\/tags?post=5905"}],"curies":[{"name":"wp","href":"https:\/\/api.w.org\/{rel}","templated":true}]}}