{"id":6395,"date":"2020-02-21T15:30:46","date_gmt":"2020-02-21T14:30:46","guid":{"rendered":"https:\/\/www.appartement-construction.com\/content\/?p=6395"},"modified":"2020-07-21T16:53:43","modified_gmt":"2020-07-21T14:53:43","slug":"groupe-carrere-promotion","status":"publish","type":"post","link":"https:\/\/www.appartement-construction.com\/content\/promoteurs\/groupe-carrere-promotion","title":{"rendered":"Groupe Carr\u00e8re, Promoteur Toulousain Ind\u00e9pendant"},"content":{"rendered":"\n<p class=\"p3\"><span class=\"s1\">Carr\u00e8re, promoteur familial et ind\u00e9pendant, <strong>r\u00e9alise des r\u00e9sidences neuves depuis 25 ans<\/strong>. <strong>Constructions responsables, mixit\u00e9 sociale et fonctionnelle, lieux de vie et de partage<\/strong>. Le groupe veille \u00e0 les concevoir en ad\u00e9quation avec les attentes des habitants et de l\u2019ensemble des acteurs locaux. Voici quelques exemples de leurs programmes immobiliers. <\/span><\/p>\n\n\n\n<!--more-->\n\n\n\n<h2 class=\"p1 wp-block-heading\"><span class=\"s1\"><b>Carr\u00e8re en r\u00e9sum\u00e9<\/b><\/span><\/h2>\n\n\n\n<div style=\"height:40px\" aria-hidden=\"true\" class=\"wp-block-spacer\"><\/div>\n\n\n\n<figure class=\"wp-block-table t1\"><table><tbody><tr><td>\n<p class=\"p5\"><span class=\"s1\"><b>Date de cr\u00e9ation de l\u2019entreprise <\/b><\/span><\/p>\n<\/td><td>\n<p class=\"p6\"><span class=\"s1\">1995<\/span><\/p>\n<\/td><\/tr><tr><td>\n<p class=\"p5\"><span class=\"s1\"><b>Secteur d\u2019intervention<\/b><\/span><\/p>\n<\/td><td>\n<p class=\"p1\"><span class=\"s1\">France<\/span><\/p>\n<\/td><\/tr><tr><td>\n<p class=\"p5\"><span class=\"s1\"><b>Style de construction<\/b><\/span><\/p>\n<\/td><td> <p class=\"p6\"><span class=\"s1\">Contemporaine<\/span><\/p> <\/td><\/tr><tr><td>\n<p class=\"p7\"><span class=\"s1\"><b>Nombre de logements par an<\/b><\/span><\/p>\n<\/td><td>\n<p class=\"p3\"><span class=\"s1\">1400 en 2018<\/span><\/p>\n<\/td><\/tr><tr><td>\n<p class=\"p5\"><span class=\"s1\"><b>Prix de d\u00e9part<\/b><\/span><\/p>\n<\/td><td>\n<p class=\"p8\"><span class=\"s1\">T2 de 41 m<\/span><span class=\"s2\"><sup>2<\/sup><\/span><span class=\"s1\"> \u00e0 partir de <\/span><span class=\"s3\">165\u2009700&nbsp;<\/span><span class=\"s1\">\u20ac (R\u00e9sidence La Clef d\u2019or, Pinsagueul)<\/span><\/p>\n<\/td><\/tr><tr><td>\n<p class=\"p5\"><span class=\"s1\"><b>Adresse du si\u00e8ge social<\/b><\/span><\/p>\n<\/td><td>\n<p class=\"p1\"><span class=\"s1\">83 avenue Charles de Gaulle&nbsp;92\u2009200 Neuilly-sur-Seine<\/span><\/p>\n<\/td><\/tr><tr><td>\n<p class=\"p5\"><span class=\"s1\"><b>Site web<\/b><\/span><\/p>\n<\/td><td>\n<p class=\"p6\"><a href=\"https:\/\/www.carrere-promotion.com\" target=\"_blank\" rel=\"noopener noreferrer\"><span class=\"s1\">https:\/\/www.carrere-promotion.com<\/span><\/a><\/p>\n<\/td><\/tr><tr><td>\n<p class=\"p5\"><span class=\"s1\"><b>T\u00e9l\u00e9phone<\/b><\/span><\/p>\n<\/td><td> 0800 97 88 88 <\/td><\/tr><\/tbody><\/table><\/figure>\n\n\n\n<div style=\"height:40px\" aria-hidden=\"true\" class=\"wp-block-spacer\"><\/div>\n\n\n\n<h2 class=\"p1 wp-block-heading\"><span class=\"s1\"><b>Pr\u00e9sentation de Carr\u00e8re <\/b><\/span><\/h2>\n\n\n\n<div style=\"height:40px\" aria-hidden=\"true\" class=\"wp-block-spacer\"><\/div>\n\n\n\n<h3 class=\"p10 wp-block-heading\"><span class=\"s1\">Bref historique<\/span><\/h3>\n\n\n\n<p class=\"p11\"><span class=\"s1\">Carr\u00e8re est fond\u00e9 en <strong>1995<\/strong> par Fr\u00e9d\u00e9ric Carr\u00e8re et son p\u00e8re. Son secteur d\u2019intervention est alors principalement la ville de Toulouse. Puis, il se d\u00e9veloppe rapidement dans toute la France. Actuellement, il dispose de<strong> 9 implantations<\/strong> dans tout le territoire et de <strong>350 collaborateurs<\/strong>. Il r\u00e9alise <strong>1500 logements neufs par an <\/strong>et <strong>en a livr\u00e9 plus de 25\u2009000 depuis sa cr\u00e9ation.<\/strong> Le groupe Carr\u00e8re con\u00e7oit des programmes pour les particuliers, les entreprises (h\u00f4tellerie, commerce, industriel, tertiaire) et des op\u00e9rations plus complexes en tant qu\u2019ensemblier urbain.<\/span><\/p>\n\n\n\n<h3 class=\"p11 wp-block-heading\"><span class=\"s1\">Un op\u00e9rateur immobilier global<\/span><\/h3>\n\n\n\n<p class=\"p11\"><span class=\"s1\"><strong>L\u2019entreprise maitrise toute la chaine immobili\u00e8re<\/strong>. En effet, la filiale Carr\u00e8re Promotion traite de la <strong>promotion immobili\u00e8re<\/strong>, <strong>l\u2019administration de biens<\/strong> rel\u00e8ve de la comp\u00e9tence de Loft One et <strong>sa fonci\u00e8re<\/strong> \u00ab\u2009Coeur Marchand\u2009\u00bb g\u00e8re actuellement plus de 15\u2009000&nbsp;m2 de surfaces locatives. Ces comp\u00e9tences transverses lui permettent d\u2019avoir <strong>une vision globale des projets<\/strong> et de proposer ses services pour tous types d\u2019op\u00e9rations, de la plus simple \u00e0 la plus complexe. <\/span><\/p>\n\n\n\n<h3 class=\"p10 wp-block-heading\"><span class=\"s1\">Le groupe Carr\u00e8re, un ensemblier urbain <\/span><\/h3>\n\n\n\n<p class=\"p10\"><span class=\"s1\">La multiplicit\u00e9 des savoir-faire du groupe lui permet d\u2019accompagner les collectivit\u00e9s et les am\u00e9nageurs lors d\u2019op\u00e9rations immobili\u00e8res complexes. Du conseil en passant par l\u2019am\u00e9nagement et l\u2019investissement, il leur <strong>apporte des solutions compl\u00e8tes et adapt\u00e9es \u00e0 chaque site.<\/strong> Les programmes r\u00e9alis\u00e9s veillent \u00e0 favoriser la mixit\u00e9 sociale et fonctionnelle (r\u00e9sidentiel, commerces, bureaux, \u00e9quipements publics, etc.). Les commerces et services qui y sont int\u00e9gr\u00e9s r\u00e9pondent de mani\u00e8re cibl\u00e9e aux besoins des habitants et leur assurent une qualit\u00e9 de vie optimum.<\/span><\/p>\n\n\n\n<p class=\"p10\"><span class=\"s1\">Ainsi, \u00e0 Toulouse, au c\u0153ur de la ZAC Empalot-Garonne, Carr\u00e8re a \u00e9t\u00e9 charg\u00e9 par la SEM immobili\u00e8re Oppid\u00e9a de concevoir l\u2019ilot central. Coeur Garonne se compose de128 logements du T1 au T5, d\u2019un parking et de commerces en rez-de-chauss\u00e9e. <\/span><\/p>\n\n\n\n<div class=\"wp-block-image\"><figure class=\"aligncenter size-large\"><img loading=\"lazy\" decoding=\"async\" width=\"567\" height=\"377\" src=\"https:\/\/www.appartement-construction.com\/content\/wp-content\/uploads\/2020\/02\/Carre\u0300re-CoeurGaronne-Toulouse.jpg\" alt=\"Coeur de Garonne, programme mixte Carr\u00e8re Toulouse\" class=\"wp-image-6414\" \/><\/figure><\/div>\n\n\n\n<h3 class=\"p10 wp-block-heading\"><span class=\"s1\">Un maillage fin du territoire pour plus de proximit\u00e9<\/span><\/h3>\n\n\n\n<p class=\"p11\"><span class=\"s1\">Pour pouvoir \u00eatre bien implant\u00e9 dans les territoires et en connaitre tous les enjeux, le Groupe Carr\u00e8re a <strong>d\u00e9velopp\u00e9 un maillage national autour de 3 directions r\u00e9gionales <\/strong>(Neuilly-sur-Seine pour l\u2019\u00cele-de-France, Bordeaux pour la Nouvelle-Aquitaine, Toulouse pour l\u2019Occitanie) <strong>et 5 agences<\/strong> (Le Havre, Annecy, Oignies, Le Tholonet, Nantes). Son \u00e9tablissement principal est situ\u00e9 \u00e0 Toulouse, sa ville historique. <\/span><\/p>\n\n\n\n<h2 class=\"p1 wp-block-heading\"><span class=\"s1\"><b>Zoom sur deux programmes en cours de Carr\u00e8re<\/b><\/span><\/h2>\n\n\n\n<div style=\"height:40px\" aria-hidden=\"true\" class=\"wp-block-spacer\"><\/div>\n\n\n\n<h3 class=\"p10 wp-block-heading\"><span class=\"s1\">La Clef d\u2019or, Pinsaguel (31)<\/span><\/h3>\n\n\n\n<div style=\"height:40px\" aria-hidden=\"true\" class=\"wp-block-spacer\"><\/div>\n\n\n\n<div class=\"wp-block-image\"><figure class=\"aligncenter size-large\"><img loading=\"lazy\" decoding=\"async\" width=\"567\" height=\"390\" src=\"https:\/\/www.appartement-construction.com\/content\/wp-content\/uploads\/2020\/02\/Carre\u0300re-pinsaguel.jpg\" alt=\"Carr\u00e8re plan Pinsagueul proche Toulouse r\u00e9sidence neuve\" class=\"wp-image-6415\" \/><figcaption>source : Google Maps<\/figcaption><\/figure><\/div>\n\n\n\n<h4 class=\"wp-block-heading\"><span class=\"s1\">La ville<\/span><\/h4>\n\n\n\n<p class=\"p11\"><span class=\"s1\">Pinsaguel, commune de 2769 habitants est situ\u00e9e \u00e0 8&nbsp;km au sud de Toulouse. Elle offre un cadre de vie paisible et verdoyant non loin des bassins d\u2019emploi du Muret ou de Portet-sur-Garonne\/Roques. Tr\u00e8s accessible et bien desservie par les transports en commun (bus et train), elle mise aussi sur le d\u00e9veloppement de la mobilit\u00e9 douce. <\/span><\/p>\n\n\n\n<h4 class=\"p10 wp-block-heading\"><span class=\"s1\">La r\u00e9sidence <\/span><\/h4>\n\n\n\n<p class=\"p14\"><span class=\"s1\">En plein c\u0153ur de ville, la place de la mairie accueille <a href=\"https:\/\/www.carrere-promotion.com\/occitanie\/haute-garonne\/pinsaguel\/la-clef-d-or\" target=\"_blank\" rel=\"noreferrer noopener\" aria-label=\" (opens in a new tab)\"><span class=\"s5\">la r\u00e9sidence La Clef d\u2019Or<\/span><\/a>. Celle-ci se compose de <strong>38 appartements du 2 au 3 pi\u00e8ces<\/strong> tous pourvus d\u2019un espace ext\u00e9rieur (balcon ou loggia). En rez-de-chauss\u00e9e, un cabinet m\u00e9dical est install\u00e9. Fa\u00e7ade en briquette rose, toit pentu en tuile ronde, <strong>l\u2019architecture traditionnelle joue avec des \u00e9l\u00e9ments contemporains <\/strong>tels que les garde-corps en serrurerie. En c\u0153ur d\u2019ilot, des espaces paysagers viennent donner une respiration verte \u00e0 l\u2019ensemble. <\/span><\/p>\n\n\n\n<h4 class=\"p10 wp-block-heading\"><span class=\"s1\">Les prestations<\/span><\/h4>\n\n\n\n<p class=\"p11\"><span class=\"s1\">Cuisines meubl\u00e9es et \u00e9quip\u00e9es, placards am\u00e9nag\u00e9s (compris dans l\u2019\u00e9quipement confort), carrelages grand format, parquets stratifi\u00e9s, volets roulants \u00e9lectriques, persiennes, jardins d\u2019hiver, acc\u00e8s s\u00e9curis\u00e9s, les logements sont fonctionnels et les prestations soign\u00e9es.<\/span><\/p>\n\n\n\n<p class=\"p10\"><strong><span class=\"s1\">Un T2 de 41 m<\/span><span class=\"s6\"><sup>2<\/sup><\/span><span class=\"s1\"> est \u00e0 partir de 165\u2009700&nbsp;\u20ac. Un T3 de 61&nbsp;m<\/span><span class=\"s6\"><sup>2<\/sup><\/span><\/strong><span class=\"s1\"><strong> est \u00e0 207\u2009500&nbsp;\u20ac.<\/strong> La livraison des appartements est pr\u00e9vue au 4e trimestre&nbsp;2021.<\/span><\/p>\n\n\n\n<figure class=\"wp-block-gallery aligncenter columns-2 is-cropped wp-block-gallery-1 is-layout-flex wp-block-gallery-is-layout-flex\"><ul class=\"blocks-gallery-grid\"><li class=\"blocks-gallery-item\"><figure><img loading=\"lazy\" decoding=\"async\" width=\"1024\" height=\"576\" src=\"https:\/\/www.appartement-construction.com\/content\/wp-content\/uploads\/2020\/02\/Carre\u0300re-clef-dor2-1024x576.jpg\" alt=\"\" data-id=\"6406\" data-full-url=\"https:\/\/www.appartement-construction.com\/content\/wp-content\/uploads\/2020\/02\/Carre\u0300re-clef-dor2.jpg\" data-link=\"https:\/\/www.appartement-construction.com\/content\/?attachment_id=6406\" class=\"wp-image-6406\" srcset=\"https:\/\/www.appartement-construction.com\/content\/wp-content\/uploads\/2020\/02\/Carre\u0300re-clef-dor2-1024x576.jpg 1024w, https:\/\/www.appartement-construction.com\/content\/wp-content\/uploads\/2020\/02\/Carre\u0300re-clef-dor2-900x506.jpg 900w, https:\/\/www.appartement-construction.com\/content\/wp-content\/uploads\/2020\/02\/Carre\u0300re-clef-dor2-768x432.jpg 768w, https:\/\/www.appartement-construction.com\/content\/wp-content\/uploads\/2020\/02\/Carre\u0300re-clef-dor2-600x338.jpg 600w, https:\/\/www.appartement-construction.com\/content\/wp-content\/uploads\/2020\/02\/Carre\u0300re-clef-dor2.jpg 1440w\" sizes=\"auto, (max-width: 1024px) 100vw, 1024px\" \/><\/figure><\/li><li class=\"blocks-gallery-item\"><figure><img loading=\"lazy\" decoding=\"async\" width=\"567\" height=\"324\" src=\"https:\/\/www.appartement-construction.com\/content\/wp-content\/uploads\/2020\/02\/Carre\u0300re-Clefs_dor.jpg\" alt=\"\" data-id=\"6407\" data-full-url=\"https:\/\/www.appartement-construction.com\/content\/wp-content\/uploads\/2020\/02\/Carre\u0300re-Clefs_dor.jpg\" data-link=\"https:\/\/www.appartement-construction.com\/content\/?attachment_id=6407\" class=\"wp-image-6407\" \/><\/figure><\/li><\/ul><\/figure>\n\n\n\n<figure class=\"wp-block-embed-youtube wp-block-embed is-type-video is-provider-youtube wp-embed-aspect-16-9 wp-has-aspect-ratio\"><div class=\"wp-block-embed__wrapper\">\n<iframe loading=\"lazy\" title=\"La Clef d&#039;Or \u00e0 Pinsaguel (31)\" width=\"500\" height=\"281\" src=\"https:\/\/www.youtube.com\/embed\/Lxddc2mk6Dg?feature=oembed\" frameborder=\"0\" allow=\"accelerometer; autoplay; clipboard-write; encrypted-media; gyroscope; picture-in-picture; web-share\" referrerpolicy=\"strict-origin-when-cross-origin\" allowfullscreen><\/iframe>\n<\/div><\/figure>\n\n\n\n<h3 class=\"p10 wp-block-heading\"><span class=\"s1\">Tree Bord, Saint-Nazaire (44)<\/span><\/h3>\n\n\n\n<div style=\"height:40px\" aria-hidden=\"true\" class=\"wp-block-spacer\"><\/div>\n\n\n\n<div class=\"wp-block-image\"><figure class=\"aligncenter size-large\"><img loading=\"lazy\" decoding=\"async\" width=\"567\" height=\"260\" src=\"https:\/\/www.appartement-construction.com\/content\/wp-content\/uploads\/2020\/02\/Carre\u0300re-plan-plessis-saint-nazaire.jpg\" alt=\"Carr\u00e8re plan quartier Le Plessis \u00e0 Saint-Nazaire r\u00e9sidence neuve\" class=\"wp-image-6416\" \/><figcaption>source : Google Maps<\/figcaption><\/figure><\/div>\n\n\n\n<h4 class=\"p16 wp-block-heading\"><span class=\"s1\">Le quartier du Plessis \u00e0 Saint-Nazaire<\/span><\/h4>\n\n\n\n<p class=\"p17\"><span class=\"s1\">Ancien v\u00e9lodrome puis stade de rugby, le complexe sportif du Plessis fait place progressivement \u00e0 un quartier r\u00e9sidentiel neuf. Mixit\u00e9 sociale, espaces paysagers, \u00e9quipement public, respect de l\u2019environnement, l\u2019ensemble se d\u00e9veloppe sur 4ha et pr\u00e9voit 367 logements. Le maitre d\u2019\u0153uvre est Sil\u00e8ne Am\u00e9nageur. <\/span><\/p>\n\n\n\n<h4 class=\"p10 wp-block-heading\"><span class=\"s1\">La r\u00e9sidence <\/span><\/h4>\n\n\n\n<p class=\"p11\"><span class=\"s1\">Situ\u00e9e seulement \u00e0 6&nbsp;min de la plage, le programme <\/span><span class=\"s7\"><a href=\"https:\/\/www.carrere-promotion.com\/pays-de-la-loire\/loire-atlantique\/saint-nazaire\/treebord\" target=\"_blank\" rel=\"noreferrer noopener\" aria-label=\" (opens in a new tab)\">Tree Bord<\/a><\/span><span class=\"s1\"> se compose de <strong>51 appartements du T1 au T4 <\/strong>disposant tous d\u2019une loggia ou d\u2019une terrasse. 5 grands logements ind\u00e9pendants&nbsp;T4 avec une entr\u00e9e individuelle sont \u00e9galement pr\u00e9vus. L\u2019architecture contemporaine est \u00e9l\u00e9gante avec son b\u00e9ton matric\u00e9 en rez-de-chauss\u00e9e et ses garde-corps m\u00e9talliques en \u00e9tage. En pied d\u2019immeuble, une cr\u00e8che est install\u00e9e. <\/span><\/p>\n\n\n\n<h4 class=\"p10 wp-block-heading\"><span class=\"s1\">Les prestations<\/span><\/h4>\n\n\n\n<p class=\"p11\"><span class=\"s1\">Cuisines meubl\u00e9es et pourvues de tout l\u2019\u00e9lectrom\u00e9nager n\u00e9cessaire (inclus dans l\u2019\u00e9quipement confort), salles de bain am\u00e9nag\u00e9es, carrelages grand format, peinture lisse, etc. L\u2019architecte Sophie Malric pr\u00e9voit des prestations r\u00e9pondant aux besoins les plus exigeants des r\u00e9sidants. <\/span><\/p>\n\n\n\n<p class=\"p10\"><strong><span class=\"s1\">Un T1 de 29 m<\/span><span class=\"s6\"><sup>2<\/sup><\/span><span class=\"s1\"> est \u00e0 133\u2009400&nbsp;\u20ac. Un T4 de 83&nbsp;m<\/span><span class=\"s6\"><sup>2<\/sup><\/span><\/strong><span class=\"s1\"><strong> est \u00e0 209\u2009500&nbsp;\u20ac<\/strong>. La livraison est pr\u00e9vue \u00e0 partir du 2e trimestre&nbsp;2021.<\/span><\/p>\n\n\n\n<div class=\"wp-block-image\"><figure class=\"aligncenter size-large\"><img loading=\"lazy\" decoding=\"async\" width=\"567\" height=\"340\" src=\"https:\/\/www.appartement-construction.com\/content\/wp-content\/uploads\/2020\/02\/Carre\u0300re-Treebord_Saint-Nazaire-1.jpg\" alt=\"Carr\u00e8re promoteur Tree Bord appartements neufs \u00e0 Saint-Nazaire\" class=\"wp-image-6409\" \/><\/figure><\/div>\n\n\n\n<figure class=\"wp-block-embed-youtube wp-block-embed is-type-video is-provider-youtube wp-embed-aspect-16-9 wp-has-aspect-ratio\"><div class=\"wp-block-embed__wrapper\">\n<iframe loading=\"lazy\" title=\"R\u00e9sidence Tree Bord \u00e0 Saint-Nazaire (44)\" width=\"500\" height=\"281\" src=\"https:\/\/www.youtube.com\/embed\/j14gaEBvgBk?feature=oembed\" frameborder=\"0\" allow=\"accelerometer; autoplay; clipboard-write; encrypted-media; gyroscope; picture-in-picture; web-share\" referrerpolicy=\"strict-origin-when-cross-origin\" allowfullscreen><\/iframe>\n<\/div><\/figure>\n\n\n\n<h2 class=\"p1 wp-block-heading\"><span class=\"s1\"><b>Derniers programmes livr\u00e9s par Carr\u00e8re<\/b><\/span><\/h2>\n\n\n\n<div style=\"height:40px\" aria-hidden=\"true\" class=\"wp-block-spacer\"><\/div>\n\n\n\n<h3 class=\"p10 wp-block-heading\"><span class=\"s1\">New Art, Cugnaux (31)<\/span><\/h3>\n\n\n\n<div style=\"height:40px\" aria-hidden=\"true\" class=\"wp-block-spacer\"><\/div>\n\n\n\n<div class=\"wp-block-image\"><figure class=\"aligncenter size-large\"><img loading=\"lazy\" decoding=\"async\" width=\"567\" height=\"323\" src=\"https:\/\/www.appartement-construction.com\/content\/wp-content\/uploads\/2020\/02\/Carre\u0300re-cugnaux2-1.jpg\" alt=\"plan Cugnaux proche Toulouse Carr\u00e8re promoteur r\u00e9sidence neuve\" class=\"wp-image-6417\" \/><figcaption>source : Google Maps<\/figcaption><\/figure><\/div>\n\n\n\n<h4 class=\"p10 wp-block-heading\"><span class=\"s1\">La ville<\/span><\/h4>\n\n\n\n<p class=\"p10\"><span class=\"s1\">Situ\u00e9e au sud-ouest de Toulouse, Cugnaux, commune de 17\u2009600 habitants, affiche un beau dynamisme \u00e9conomique et met \u00e0 disposition de ses r\u00e9sidants toutes les infrastructures n\u00e9cessaires. Le cadre est verdoyant et chaleureux. En effet, la ville jouit de la proximit\u00e9 avec la base de loisirs de la Ram\u00e9e.<\/span><\/p>\n\n\n\n<h4 class=\"p10 wp-block-heading\"><span class=\"s1\">La r\u00e9sidence <\/span><\/h4>\n\n\n\n<p class=\"p11\"><span class=\"s1\">La r\u00e9sidence New Art propose <strong>35 logements du 2 au 4 pi\u00e8ces r\u00e9partis sur 2 b\u00e2timents \u00e0 3 \u00e9tages<\/strong>. L\u2019architecte est <strong>Pierre-Luc Morel<\/strong>. Il a \u00e9galement r\u00e9alis\u00e9 <strong>le Quai des Arts<\/strong> (nouveau P\u00f4le culturel) situ\u00e9 juste de l\u2019autre c\u00f4t\u00e9 de la rue. Pour cr\u00e9er un ensemble harmonieux, le mat\u00e9riau du sol de ce dernier fait \u00e9cho au pignon de la nouvelle r\u00e9sidence et tous les b\u00e2timentsaiments sont sur\u00e9lev\u00e9s par rapport aux rez-de-chauss\u00e9e. L\u2019architecture est moderne et s\u2019int\u00e8gre harmonieusement \u00e0 son environnement. <\/span><\/p>\n\n\n\n<h4 class=\"p10 wp-block-heading\"><span class=\"s1\">Les prestations<\/span><\/h4>\n\n\n\n<p class=\"p11\"><span class=\"s1\">Chauffage individuel au gaz, carrelage grand format, parquet stratifi\u00e9, volets roulants \u00e9lectriques, etc. Les prestations sont de qualit\u00e9. Tr\u00e8s lumineux, les logements s\u2019ouvrent \u00e9galement tous sur une terrasse ou un balcon. La plupart b\u00e9n\u00e9ficient d\u2019une double exposition. De plus, \u00e9quip\u00e9s en domotique, leurs occupants peuvent mieux maitriser leurs consommations d\u2019\u00e9nergie.<\/span><\/p>\n\n\n\n<p class=\"p10\"><strong><span class=\"s1\">Un T2 de 39,95&nbsp;m<\/span><span class=\"s6\"><sup>2<\/sup><\/span><span class=\"s1\"> est \u00e0 partir de 152\u2009000&nbsp;\u20ac. Un T4 de 85,14&nbsp;m<\/span><span class=\"s6\"><sup>2<\/sup><\/span><\/strong><span class=\"s1\"><strong> est \u00e0 255\u2009000&nbsp;\u20ac.<\/strong> <\/span><\/p>\n\n\n\n<div class=\"wp-block-image\"><figure class=\"aligncenter\"><img loading=\"lazy\" decoding=\"async\" width=\"510\" height=\"288\" src=\"https:\/\/www.appartement-construction.com\/content\/wp-content\/uploads\/2020\/02\/Carre\u0300re-Cugnaux.jpg\" alt=\"Carr\u00e8re appartement neuf Cugnaux Toulouse\" class=\"wp-image-6410\" \/><\/figure><\/div>\n\n\n\n<figure class=\"wp-block-embed-youtube wp-block-embed is-type-video is-provider-youtube wp-embed-aspect-16-9 wp-has-aspect-ratio\"><div class=\"wp-block-embed__wrapper\">\n<iframe loading=\"lazy\" title=\"Livraison NEW ART \u00e0 Cugnaux (31) \u2013 16 et 17 octobre 2019\" width=\"500\" height=\"281\" src=\"https:\/\/www.youtube.com\/embed\/jpTOAN0zjV4?feature=oembed\" frameborder=\"0\" allow=\"accelerometer; autoplay; clipboard-write; encrypted-media; gyroscope; picture-in-picture; web-share\" referrerpolicy=\"strict-origin-when-cross-origin\" allowfullscreen><\/iframe>\n<\/div><\/figure>\n\n\n\n<h3 class=\"p10 wp-block-heading\"><span class=\"s1\">Les N\u00e9r\u00e9ides, La Rochelle (17)<\/span><\/h3>\n\n\n\n<div style=\"height:40px\" aria-hidden=\"true\" class=\"wp-block-spacer\"><\/div>\n\n\n\n<div class=\"wp-block-image\"><figure class=\"aligncenter size-large\"><img loading=\"lazy\" decoding=\"async\" width=\"567\" height=\"333\" src=\"https:\/\/www.appartement-construction.com\/content\/wp-content\/uploads\/2020\/02\/Carre\u0300re-plan-la-rochelle.jpg\" alt=\"plan La Rochelle Carr\u00e8re r\u00e9sidence neuve\" class=\"wp-image-6418\" \/><figcaption>source : Google Maps<\/figcaption><\/figure><\/div>\n\n\n\n<h4 class=\"wp-block-heading\"><span class=\"s1\">Le quartier<\/span><\/h4>\n\n\n\n<p><span class=\"s1\">Sur le Boulevard Sautel, le programme est construit en entr\u00e9e de la ville de La Rochelle entre la zone commerciale de Beaulieu-Puilboreau et le centre-ville. Ce dernier est situ\u00e9 \u00e0 10&nbsp;min en voiture de la r\u00e9sidence. Le secteur est tr\u00e8s dynamique et commer\u00e7ant et toutes les infrastructures publiques y sont pr\u00e9sentes. Pour admirer la mer, comptez 15 minutes \u00e0 v\u00e9lo ou en bus pour vous rendre sur les plages les plus proches.<span class=\"Apple-converted-space\">&nbsp; <\/span><\/span><\/p>\n\n\n\n<h4 class=\"wp-block-heading\"><span class=\"s3\"> La r\u00e9sidence <\/span><\/h4>\n\n\n\n<p><span class=\"s1\">La r\u00e9sidence Les N\u00e9r\u00e9ides est \u00e0 taille humaine. <strong>Un b\u00e2timent \u00e9rig\u00e9 sur 2 \u00e0 5 \u00e9tages propose 45 appartements, dont 11 logements sociaux<\/strong>. En pied d\u2019immeuble, des commerces sont ouverts. Son architecture s\u2019harmonise avec celles des constructions voisines. B\u00e9ton, bois, m\u00e9tal, l\u2019ensemble est tr\u00e8s contemporain, mais chaleureux. En c\u0153ur d\u2019ilot, des espaces paysagers sont am\u00e9nag\u00e9s. Le programme a \u00e9t\u00e9 dessin\u00e9 par GDV architectes. <\/span><\/p>\n\n\n\n<h4 class=\"p10 wp-block-heading\"><span class=\"s1\">Les prestations<\/span><\/h4>\n\n\n\n<p class=\"p11\"><span class=\"s1\">Volumes g\u00e9n\u00e9reux, rev\u00eatements de sols et muraux de qualit\u00e9, espaces ext\u00e9rieurs (jardins, loggias, balcons ou terrasses), cadre verdoyant, les prestations garantissent aux r\u00e9sidents un confort assur\u00e9.<\/span><\/p>\n\n\n\n<figure class=\"wp-block-gallery aligncenter columns-2 is-cropped wp-block-gallery-2 is-layout-flex wp-block-gallery-is-layout-flex\"><ul class=\"blocks-gallery-grid\"><li class=\"blocks-gallery-item\"><figure><img loading=\"lazy\" decoding=\"async\" width=\"510\" height=\"288\" src=\"https:\/\/www.appartement-construction.com\/content\/wp-content\/uploads\/2020\/02\/Carre\u0300re-nereides.jpg\" alt=\"\" data-id=\"6412\" data-full-url=\"https:\/\/www.appartement-construction.com\/content\/wp-content\/uploads\/2020\/02\/Carre\u0300re-nereides.jpg\" data-link=\"https:\/\/www.appartement-construction.com\/content\/?attachment_id=6412\" class=\"wp-image-6412\" \/><\/figure><\/li><li class=\"blocks-gallery-item\"><figure><img loading=\"lazy\" decoding=\"async\" width=\"567\" height=\"358\" src=\"https:\/\/www.appartement-construction.com\/content\/wp-content\/uploads\/2020\/02\/Carre\u0300re-ne\u0301re\u0301ides2.jpg\" alt=\"\" data-id=\"6413\" data-full-url=\"https:\/\/www.appartement-construction.com\/content\/wp-content\/uploads\/2020\/02\/Carre\u0300re-ne\u0301re\u0301ides2.jpg\" data-link=\"https:\/\/www.appartement-construction.com\/content\/?attachment_id=6413\" class=\"wp-image-6413\" \/><\/figure><\/li><\/ul><\/figure>\n\n\n\n<figure class=\"wp-block-embed-youtube wp-block-embed is-type-video is-provider-youtube wp-embed-aspect-16-9 wp-has-aspect-ratio\"><div class=\"wp-block-embed__wrapper\">\n<iframe loading=\"lazy\" title=\"R\u00e9sidence Les N\u00e9r\u00e9ides \u00e0 La Rochelle (17)\" width=\"500\" height=\"281\" src=\"https:\/\/www.youtube.com\/embed\/2jcxLwo8PFY?feature=oembed\" frameborder=\"0\" allow=\"accelerometer; autoplay; clipboard-write; encrypted-media; gyroscope; picture-in-picture; web-share\" referrerpolicy=\"strict-origin-when-cross-origin\" allowfullscreen><\/iframe>\n<\/div><\/figure>\n\n\n\n<h3 class=\"p10 wp-block-heading\"><span class=\"s1\">Kubic, Le Havre (76)<\/span><\/h3>\n\n\n\n<div style=\"height:40px\" aria-hidden=\"true\" class=\"wp-block-spacer\"><\/div>\n\n\n\n<div class=\"wp-block-image\"><figure class=\"aligncenter size-large\"><img loading=\"lazy\" decoding=\"async\" width=\"567\" height=\"243\" src=\"https:\/\/www.appartement-construction.com\/content\/wp-content\/uploads\/2020\/02\/carre\u0300re-saint-Nicolas-le-havre.jpg\" alt=\"plan quartier Saint Nicolas Le Havre Carr\u00e8re promoteur appartement neuf Kubic\" class=\"wp-image-6420\" \/><figcaption>source : Google Maps<\/figcaption><\/figure><\/div>\n\n\n\n<h4 class=\"p16 wp-block-heading\"><span class=\"s1\">Le quartier Saint-Nicolas<\/span><\/h4>\n\n\n\n<p class=\"p16\"><span class=\"s1\">Kubic s\u2019installe non loin du port du Havre dans le quartier Saint-Nicolas situ\u00e9 au sud de la ville. La r\u00e9sidence s\u2019adosse au Hangar O, lieu embl\u00e9matique du Havre. Le secteur est en plein d\u00e9veloppement. Il accueillera des bureaux, des logements, mais aussi des commerces et des services. Tr\u00e8s bien desservi par les transports en commun, il est \u00e9galement proche de l\u2019universit\u00e9, des grandes \u00e9coles et grands axes.<span class=\"Apple-converted-space\">&nbsp; <\/span><\/span><\/p>\n\n\n\n<h4 class=\"p10 wp-block-heading\"><span class=\"s1\">La r\u00e9sidence <\/span><\/h4>\n\n\n\n<p class=\"p11\"><span class=\"s1\">Fa\u00e7ades en briques color\u00e9es, formes g\u00e9om\u00e9triques, toits v\u00e9g\u00e9talis\u00e9s, <a href=\"https:\/\/www.carrere-promotion.com\/normandie\/seine-maritime\/le-havre\/kubic\" target=\"_blank\" rel=\"noreferrer noopener\" aria-label=\" (opens in a new tab)\"><span class=\"s5\">la r\u00e9sidence Kubic<\/span><\/a> r\u00e9alis\u00e9e par le promoteur Carr\u00e8re affiche de belles lignes contemporaines. <strong>54 appartements du T1 au T3 se r\u00e9partissent sur 3 b\u00e2timents de 4 \u00e0 5 \u00e9tages<\/strong>. Tous offrent une magnifique vue sur la mer. <\/span><\/p>\n\n\n\n<h4 class=\"p10 wp-block-heading\"><span class=\"s1\">Les prestations<\/span><\/h4>\n\n\n\n<p class=\"p11\"><span class=\"s1\">Grands volumes et ouvertures g\u00e9n\u00e9reuses, terrasses ou balcons, cuisines ouvertes et \u00e9quip\u00e9es, salles de bains am\u00e9nag\u00e9es et \u00e9quip\u00e9es, parquet stratifi\u00e9 dans les chambres, carrelage grand format dans le reste du logement, chaudi\u00e8re individuelle au gaz, etc. Les prestations sont de qualit\u00e9. L\u2019architecte d\u2019int\u00e9rieur Sophie Malric a con\u00e7u l\u2019ambiance des appartements pour ses occupants.<\/span><\/p>\n\n\n\n<div class=\"wp-block-image\"><figure class=\"aligncenter\"><img loading=\"lazy\" decoding=\"async\" width=\"567\" height=\"348\" src=\"https:\/\/www.appartement-construction.com\/content\/wp-content\/uploads\/2020\/02\/carre\u0300re-kubic.jpg\" alt=\"promoteur Carr\u00e8re r\u00e9sidence Kubic Le Havre\" class=\"wp-image-6419\" \/><\/figure><\/div>\n\n\n\n<figure class=\"wp-block-embed-youtube wp-block-embed is-type-video is-provider-youtube wp-embed-aspect-16-9 wp-has-aspect-ratio\"><div class=\"wp-block-embed__wrapper\">\n<iframe loading=\"lazy\" title=\"R\u00e9sidence Kubic au Havre (76) - Quartier Saint-Nicolas\" width=\"500\" height=\"281\" src=\"https:\/\/www.youtube.com\/embed\/T5c23bYz8pg?feature=oembed\" frameborder=\"0\" allow=\"accelerometer; autoplay; clipboard-write; encrypted-media; gyroscope; picture-in-picture; web-share\" referrerpolicy=\"strict-origin-when-cross-origin\" allowfullscreen><\/iframe>\n<\/div><\/figure>\n\n\n\n<h2 class=\"p1 wp-block-heading\"><span class=\"s1\"><b>Les agences du promoteur Carr\u00e8re<\/b><\/span><\/h2>\n\n\n\n<p class=\"p3\"><span class=\"s1\">Le groupe Carr\u00e8re dispose de <strong>9 implantations locales en France<\/strong>. Pour le programme La Clef d\u2019or \u00e0 Pinsaguel, rendez-vous dans l\u2019agence de Toulouse au 18 boulevard Lazare Carnot ou au 05 62\u2009576\u2009257. Pour Tree Bord \u00e0 Saint-Nazaire, l\u2019agence Bretagne-Pays-de-la-Loire vous accueille au 6 rue Ren\u00e9 Viviani \u00e0 Nantes et au 02 85\u2009522\u2009275 <\/span><\/p>\n\n\n\n<p class=\"p7\"><span class=\"s1\"><i>Les r\u00e9alisations du Groupe Carr\u00e8re s\u2019adressent aux particuliers en recherche de leur habitation principale, mais aussi aux investisseurs. En centre-ville ou dans des quartiers en plein d\u00e9veloppement, les programmes sont de qualit\u00e9. <strong>Architectures \u00e9l\u00e9gantes, mat\u00e9riaux nobles, prestations soign\u00e9es, les r\u00e9sidences sont pens\u00e9es pour assurer le bien-\u00eatre de leurs occupants pour longtemps.&nbsp;<\/strong><\/i><\/span><\/p>\n\n\n","protected":false},"excerpt":{"rendered":"<p>Carr\u00e8re, promoteur familial et ind\u00e9pendant, r\u00e9alise des r\u00e9sidences neuves depuis 25 ans. Constructions responsables, mixit\u00e9 sociale et fonctionnelle, lieux de vie et de partage. Le groupe veille \u00e0 les concevoir en ad\u00e9quation avec les attentes des habitants et de l\u2019ensemble des acteurs locaux. Voici quelques exemples de leurs programmes immobiliers.<\/p>\n","protected":false},"author":12,"featured_media":6405,"comment_status":"open","ping_status":"open","sticky":false,"template":"","format":"standard","meta":{"footnotes":""},"categories":[5],"tags":[],"class_list":["post-6395","post","type-post","status-publish","format-standard","has-post-thumbnail","hentry","category-promoteurs"],"yoast_head":"<!-- This site is optimized with the Yoast SEO plugin v25.1 - https:\/\/yoast.com\/wordpress\/plugins\/seo\/ -->\n<title>Groupe Carr\u00e8re, Promoteur Toulousain Ind\u00e9pendant<\/title>\n<meta name=\"description\" content=\"Carr\u00e8re, promoteur familial et ind\u00e9pendant n\u00e9 \u00e0 Toulouse, r\u00e9alise des r\u00e9sidences neuves de qualit\u00e9 depuis 1995. La mixit\u00e9 sociale y est mise \u00e0 l&#039;honneur\" \/>\n<meta name=\"robots\" content=\"index, follow, max-snippet:-1, max-image-preview:large, max-video-preview:-1\" \/>\n<link rel=\"canonical\" href=\"https:\/\/www.appartement-construction.com\/content\/promoteurs\/groupe-carrere-promotion\" \/>\n<meta property=\"og:locale\" content=\"fr_FR\" \/>\n<meta property=\"og:type\" content=\"article\" \/>\n<meta property=\"og:title\" content=\"Groupe Carr\u00e8re, Promoteur Toulousain Ind\u00e9pendant\" \/>\n<meta property=\"og:description\" content=\"Carr\u00e8re, promoteur familial et ind\u00e9pendant n\u00e9 \u00e0 Toulouse, r\u00e9alise des r\u00e9sidences neuves de qualit\u00e9 depuis 1995. La mixit\u00e9 sociale y est mise \u00e0 l&#039;honneur\" \/>\n<meta property=\"og:url\" content=\"https:\/\/www.appartement-construction.com\/content\/promoteurs\/groupe-carrere-promotion\" \/>\n<meta property=\"og:site_name\" content=\"Acheter un appartement neuf\" \/>\n<meta property=\"article:publisher\" content=\"https:\/\/www.facebook.com\/AppartementConstructioncom\/\" \/>\n<meta property=\"article:published_time\" content=\"2020-02-21T14:30:46+00:00\" \/>\n<meta property=\"article:modified_time\" content=\"2020-07-21T14:53:43+00:00\" \/>\n<meta property=\"og:image\" content=\"https:\/\/www.appartement-construction.com\/content\/wp-content\/uploads\/2020\/02\/Carre\u0300re-Meyreuil-Vendome-head.jpg\" \/>\n\t<meta property=\"og:image:width\" content=\"1134\" \/>\n\t<meta property=\"og:image:height\" content=\"702\" \/>\n\t<meta property=\"og:image:type\" content=\"image\/jpeg\" \/>\n<meta name=\"author\" content=\"Laurence\" \/>\n<meta name=\"twitter:label1\" content=\"\u00c9crit par\" \/>\n\t<meta name=\"twitter:data1\" content=\"Laurence\" \/>\n\t<meta name=\"twitter:label2\" content=\"Dur\u00e9e de lecture estim\u00e9e\" \/>\n\t<meta name=\"twitter:data2\" content=\"9 minutes\" \/>\n<script type=\"application\/ld+json\" class=\"yoast-schema-graph\">{\"@context\":\"https:\/\/schema.org\",\"@graph\":[{\"@type\":\"Article\",\"@id\":\"https:\/\/www.appartement-construction.com\/content\/promoteurs\/groupe-carrere-promotion#article\",\"isPartOf\":{\"@id\":\"https:\/\/www.appartement-construction.com\/content\/promoteurs\/groupe-carrere-promotion\"},\"author\":{\"name\":\"Laurence\",\"@id\":\"https:\/\/www.appartement-construction.com\/content\/#\/schema\/person\/06fddd1d3f937d2fd54200b32e3dee41\"},\"headline\":\"Groupe Carr\u00e8re, Promoteur Toulousain Ind\u00e9pendant\",\"datePublished\":\"2020-02-21T14:30:46+00:00\",\"dateModified\":\"2020-07-21T14:53:43+00:00\",\"mainEntityOfPage\":{\"@id\":\"https:\/\/www.appartement-construction.com\/content\/promoteurs\/groupe-carrere-promotion\"},\"wordCount\":1770,\"commentCount\":0,\"publisher\":{\"@id\":\"https:\/\/www.appartement-construction.com\/content\/#organization\"},\"image\":{\"@id\":\"https:\/\/www.appartement-construction.com\/content\/promoteurs\/groupe-carrere-promotion#primaryimage\"},\"thumbnailUrl\":\"https:\/\/www.appartement-construction.com\/content\/wp-content\/uploads\/2020\/02\/Carre\u0300re-Meyreuil-Vendome-head.jpg\",\"articleSection\":[\"Les promoteurs\"],\"inLanguage\":\"fr-FR\",\"potentialAction\":[{\"@type\":\"CommentAction\",\"name\":\"Comment\",\"target\":[\"https:\/\/www.appartement-construction.com\/content\/promoteurs\/groupe-carrere-promotion#respond\"]}]},{\"@type\":\"WebPage\",\"@id\":\"https:\/\/www.appartement-construction.com\/content\/promoteurs\/groupe-carrere-promotion\",\"url\":\"https:\/\/www.appartement-construction.com\/content\/promoteurs\/groupe-carrere-promotion\",\"name\":\"Groupe Carr\u00e8re, Promoteur Toulousain Ind\u00e9pendant\",\"isPartOf\":{\"@id\":\"https:\/\/www.appartement-construction.com\/content\/#website\"},\"primaryImageOfPage\":{\"@id\":\"https:\/\/www.appartement-construction.com\/content\/promoteurs\/groupe-carrere-promotion#primaryimage\"},\"image\":{\"@id\":\"https:\/\/www.appartement-construction.com\/content\/promoteurs\/groupe-carrere-promotion#primaryimage\"},\"thumbnailUrl\":\"https:\/\/www.appartement-construction.com\/content\/wp-content\/uploads\/2020\/02\/Carre\u0300re-Meyreuil-Vendome-head.jpg\",\"datePublished\":\"2020-02-21T14:30:46+00:00\",\"dateModified\":\"2020-07-21T14:53:43+00:00\",\"description\":\"Carr\u00e8re, promoteur familial et ind\u00e9pendant n\u00e9 \u00e0 Toulouse, r\u00e9alise des r\u00e9sidences neuves de qualit\u00e9 depuis 1995. La mixit\u00e9 sociale y est mise \u00e0 l'honneur\",\"breadcrumb\":{\"@id\":\"https:\/\/www.appartement-construction.com\/content\/promoteurs\/groupe-carrere-promotion#breadcrumb\"},\"inLanguage\":\"fr-FR\",\"potentialAction\":[{\"@type\":\"ReadAction\",\"target\":[\"https:\/\/www.appartement-construction.com\/content\/promoteurs\/groupe-carrere-promotion\"]}]},{\"@type\":\"ImageObject\",\"inLanguage\":\"fr-FR\",\"@id\":\"https:\/\/www.appartement-construction.com\/content\/promoteurs\/groupe-carrere-promotion#primaryimage\",\"url\":\"https:\/\/www.appartement-construction.com\/content\/wp-content\/uploads\/2020\/02\/Carre\u0300re-Meyreuil-Vendome-head.jpg\",\"contentUrl\":\"https:\/\/www.appartement-construction.com\/content\/wp-content\/uploads\/2020\/02\/Carre\u0300re-Meyreuil-Vendome-head.jpg\",\"width\":1134,\"height\":702,\"caption\":\"Carr\u00e8re r\u00e9sidence neuve Vendome\"},{\"@type\":\"WebSite\",\"@id\":\"https:\/\/www.appartement-construction.com\/content\/#website\",\"url\":\"https:\/\/www.appartement-construction.com\/content\/\",\"name\":\"Acheter un appartement neuf\",\"description\":\"Trouver votre Promoteur et Appartement Neuf en Ligne !\",\"publisher\":{\"@id\":\"https:\/\/www.appartement-construction.com\/content\/#organization\"},\"potentialAction\":[{\"@type\":\"SearchAction\",\"target\":{\"@type\":\"EntryPoint\",\"urlTemplate\":\"https:\/\/www.appartement-construction.com\/content\/?s={search_term_string}\"},\"query-input\":{\"@type\":\"PropertyValueSpecification\",\"valueRequired\":true,\"valueName\":\"search_term_string\"}}],\"inLanguage\":\"fr-FR\"},{\"@type\":\"Organization\",\"@id\":\"https:\/\/www.appartement-construction.com\/content\/#organization\",\"name\":\"Appartement-Construction.com\",\"url\":\"https:\/\/www.appartement-construction.com\/content\/\",\"logo\":{\"@type\":\"ImageObject\",\"inLanguage\":\"fr-FR\",\"@id\":\"https:\/\/www.appartement-construction.com\/content\/#\/schema\/logo\/image\/\",\"url\":\"https:\/\/www.appartement-construction.com\/content\/wp-content\/uploads\/2018\/07\/logo-AC.jpg\",\"contentUrl\":\"https:\/\/www.appartement-construction.com\/content\/wp-content\/uploads\/2018\/07\/logo-AC.jpg\",\"width\":794,\"height\":491,\"caption\":\"Appartement-Construction.com\"},\"image\":{\"@id\":\"https:\/\/www.appartement-construction.com\/content\/#\/schema\/logo\/image\/\"},\"sameAs\":[\"https:\/\/www.facebook.com\/AppartementConstructioncom\/\"]},{\"@type\":\"Person\",\"@id\":\"https:\/\/www.appartement-construction.com\/content\/#\/schema\/person\/06fddd1d3f937d2fd54200b32e3dee41\",\"name\":\"Laurence\",\"image\":{\"@type\":\"ImageObject\",\"inLanguage\":\"fr-FR\",\"@id\":\"https:\/\/www.appartement-construction.com\/content\/#\/schema\/person\/image\/\",\"url\":\"https:\/\/secure.gravatar.com\/avatar\/a3d78ca6bbeca68c34b2ca0bfda3ab3e0a6d919e37a32ff151594431fef523af?s=96&d=mm&r=g\",\"contentUrl\":\"https:\/\/secure.gravatar.com\/avatar\/a3d78ca6bbeca68c34b2ca0bfda3ab3e0a6d919e37a32ff151594431fef523af?s=96&d=mm&r=g\",\"caption\":\"Laurence\"},\"url\":\"https:\/\/www.appartement-construction.com\/content\/author\/laurence\"}]}<\/script>\n<!-- \/ Yoast SEO plugin. -->","yoast_head_json":{"title":"Groupe Carr\u00e8re, Promoteur Toulousain Ind\u00e9pendant","description":"Carr\u00e8re, promoteur familial et ind\u00e9pendant n\u00e9 \u00e0 Toulouse, r\u00e9alise des r\u00e9sidences neuves de qualit\u00e9 depuis 1995. La mixit\u00e9 sociale y est mise \u00e0 l'honneur","robots":{"index":"index","follow":"follow","max-snippet":"max-snippet:-1","max-image-preview":"max-image-preview:large","max-video-preview":"max-video-preview:-1"},"canonical":"https:\/\/www.appartement-construction.com\/content\/promoteurs\/groupe-carrere-promotion","og_locale":"fr_FR","og_type":"article","og_title":"Groupe Carr\u00e8re, Promoteur Toulousain Ind\u00e9pendant","og_description":"Carr\u00e8re, promoteur familial et ind\u00e9pendant n\u00e9 \u00e0 Toulouse, r\u00e9alise des r\u00e9sidences neuves de qualit\u00e9 depuis 1995. La mixit\u00e9 sociale y est mise \u00e0 l'honneur","og_url":"https:\/\/www.appartement-construction.com\/content\/promoteurs\/groupe-carrere-promotion","og_site_name":"Acheter un appartement neuf","article_publisher":"https:\/\/www.facebook.com\/AppartementConstructioncom\/","article_published_time":"2020-02-21T14:30:46+00:00","article_modified_time":"2020-07-21T14:53:43+00:00","og_image":[{"width":1134,"height":702,"url":"https:\/\/www.appartement-construction.com\/content\/wp-content\/uploads\/2020\/02\/Carre\u0300re-Meyreuil-Vendome-head.jpg","type":"image\/jpeg"}],"author":"Laurence","twitter_misc":{"\u00c9crit par":"Laurence","Dur\u00e9e de lecture estim\u00e9e":"9 minutes"},"schema":{"@context":"https:\/\/schema.org","@graph":[{"@type":"Article","@id":"https:\/\/www.appartement-construction.com\/content\/promoteurs\/groupe-carrere-promotion#article","isPartOf":{"@id":"https:\/\/www.appartement-construction.com\/content\/promoteurs\/groupe-carrere-promotion"},"author":{"name":"Laurence","@id":"https:\/\/www.appartement-construction.com\/content\/#\/schema\/person\/06fddd1d3f937d2fd54200b32e3dee41"},"headline":"Groupe Carr\u00e8re, Promoteur Toulousain Ind\u00e9pendant","datePublished":"2020-02-21T14:30:46+00:00","dateModified":"2020-07-21T14:53:43+00:00","mainEntityOfPage":{"@id":"https:\/\/www.appartement-construction.com\/content\/promoteurs\/groupe-carrere-promotion"},"wordCount":1770,"commentCount":0,"publisher":{"@id":"https:\/\/www.appartement-construction.com\/content\/#organization"},"image":{"@id":"https:\/\/www.appartement-construction.com\/content\/promoteurs\/groupe-carrere-promotion#primaryimage"},"thumbnailUrl":"https:\/\/www.appartement-construction.com\/content\/wp-content\/uploads\/2020\/02\/Carre\u0300re-Meyreuil-Vendome-head.jpg","articleSection":["Les promoteurs"],"inLanguage":"fr-FR","potentialAction":[{"@type":"CommentAction","name":"Comment","target":["https:\/\/www.appartement-construction.com\/content\/promoteurs\/groupe-carrere-promotion#respond"]}]},{"@type":"WebPage","@id":"https:\/\/www.appartement-construction.com\/content\/promoteurs\/groupe-carrere-promotion","url":"https:\/\/www.appartement-construction.com\/content\/promoteurs\/groupe-carrere-promotion","name":"Groupe Carr\u00e8re, Promoteur Toulousain Ind\u00e9pendant","isPartOf":{"@id":"https:\/\/www.appartement-construction.com\/content\/#website"},"primaryImageOfPage":{"@id":"https:\/\/www.appartement-construction.com\/content\/promoteurs\/groupe-carrere-promotion#primaryimage"},"image":{"@id":"https:\/\/www.appartement-construction.com\/content\/promoteurs\/groupe-carrere-promotion#primaryimage"},"thumbnailUrl":"https:\/\/www.appartement-construction.com\/content\/wp-content\/uploads\/2020\/02\/Carre\u0300re-Meyreuil-Vendome-head.jpg","datePublished":"2020-02-21T14:30:46+00:00","dateModified":"2020-07-21T14:53:43+00:00","description":"Carr\u00e8re, promoteur familial et ind\u00e9pendant n\u00e9 \u00e0 Toulouse, r\u00e9alise des r\u00e9sidences neuves de qualit\u00e9 depuis 1995. La mixit\u00e9 sociale y est mise \u00e0 l'honneur","breadcrumb":{"@id":"https:\/\/www.appartement-construction.com\/content\/promoteurs\/groupe-carrere-promotion#breadcrumb"},"inLanguage":"fr-FR","potentialAction":[{"@type":"ReadAction","target":["https:\/\/www.appartement-construction.com\/content\/promoteurs\/groupe-carrere-promotion"]}]},{"@type":"ImageObject","inLanguage":"fr-FR","@id":"https:\/\/www.appartement-construction.com\/content\/promoteurs\/groupe-carrere-promotion#primaryimage","url":"https:\/\/www.appartement-construction.com\/content\/wp-content\/uploads\/2020\/02\/Carre\u0300re-Meyreuil-Vendome-head.jpg","contentUrl":"https:\/\/www.appartement-construction.com\/content\/wp-content\/uploads\/2020\/02\/Carre\u0300re-Meyreuil-Vendome-head.jpg","width":1134,"height":702,"caption":"Carr\u00e8re r\u00e9sidence neuve Vendome"},{"@type":"WebSite","@id":"https:\/\/www.appartement-construction.com\/content\/#website","url":"https:\/\/www.appartement-construction.com\/content\/","name":"Acheter un appartement neuf","description":"Trouver votre Promoteur et Appartement Neuf en Ligne !","publisher":{"@id":"https:\/\/www.appartement-construction.com\/content\/#organization"},"potentialAction":[{"@type":"SearchAction","target":{"@type":"EntryPoint","urlTemplate":"https:\/\/www.appartement-construction.com\/content\/?s={search_term_string}"},"query-input":{"@type":"PropertyValueSpecification","valueRequired":true,"valueName":"search_term_string"}}],"inLanguage":"fr-FR"},{"@type":"Organization","@id":"https:\/\/www.appartement-construction.com\/content\/#organization","name":"Appartement-Construction.com","url":"https:\/\/www.appartement-construction.com\/content\/","logo":{"@type":"ImageObject","inLanguage":"fr-FR","@id":"https:\/\/www.appartement-construction.com\/content\/#\/schema\/logo\/image\/","url":"https:\/\/www.appartement-construction.com\/content\/wp-content\/uploads\/2018\/07\/logo-AC.jpg","contentUrl":"https:\/\/www.appartement-construction.com\/content\/wp-content\/uploads\/2018\/07\/logo-AC.jpg","width":794,"height":491,"caption":"Appartement-Construction.com"},"image":{"@id":"https:\/\/www.appartement-construction.com\/content\/#\/schema\/logo\/image\/"},"sameAs":["https:\/\/www.facebook.com\/AppartementConstructioncom\/"]},{"@type":"Person","@id":"https:\/\/www.appartement-construction.com\/content\/#\/schema\/person\/06fddd1d3f937d2fd54200b32e3dee41","name":"Laurence","image":{"@type":"ImageObject","inLanguage":"fr-FR","@id":"https:\/\/www.appartement-construction.com\/content\/#\/schema\/person\/image\/","url":"https:\/\/secure.gravatar.com\/avatar\/a3d78ca6bbeca68c34b2ca0bfda3ab3e0a6d919e37a32ff151594431fef523af?s=96&d=mm&r=g","contentUrl":"https:\/\/secure.gravatar.com\/avatar\/a3d78ca6bbeca68c34b2ca0bfda3ab3e0a6d919e37a32ff151594431fef523af?s=96&d=mm&r=g","caption":"Laurence"},"url":"https:\/\/www.appartement-construction.com\/content\/author\/laurence"}]}},"_links":{"self":[{"href":"https:\/\/www.appartement-construction.com\/content\/wp-json\/wp\/v2\/posts\/6395","targetHints":{"allow":["GET"]}}],"collection":[{"href":"https:\/\/www.appartement-construction.com\/content\/wp-json\/wp\/v2\/posts"}],"about":[{"href":"https:\/\/www.appartement-construction.com\/content\/wp-json\/wp\/v2\/types\/post"}],"author":[{"embeddable":true,"href":"https:\/\/www.appartement-construction.com\/content\/wp-json\/wp\/v2\/users\/12"}],"replies":[{"embeddable":true,"href":"https:\/\/www.appartement-construction.com\/content\/wp-json\/wp\/v2\/comments?post=6395"}],"version-history":[{"count":9,"href":"https:\/\/www.appartement-construction.com\/content\/wp-json\/wp\/v2\/posts\/6395\/revisions"}],"predecessor-version":[{"id":7519,"href":"https:\/\/www.appartement-construction.com\/content\/wp-json\/wp\/v2\/posts\/6395\/revisions\/7519"}],"wp:featuredmedia":[{"embeddable":true,"href":"https:\/\/www.appartement-construction.com\/content\/wp-json\/wp\/v2\/media\/6405"}],"wp:attachment":[{"href":"https:\/\/www.appartement-construction.com\/content\/wp-json\/wp\/v2\/media?parent=6395"}],"wp:term":[{"taxonomy":"category","embeddable":true,"href":"https:\/\/www.appartement-construction.com\/content\/wp-json\/wp\/v2\/categories?post=6395"},{"taxonomy":"post_tag","embeddable":true,"href":"https:\/\/www.appartement-construction.com\/content\/wp-json\/wp\/v2\/tags?post=6395"}],"curies":[{"name":"wp","href":"https:\/\/api.w.org\/{rel}","templated":true}]}}