{"id":6544,"date":"2020-03-25T08:27:01","date_gmt":"2020-03-25T07:27:01","guid":{"rendered":"https:\/\/www.appartement-construction.com\/content\/?p=6544"},"modified":"2020-08-07T15:12:30","modified_gmt":"2020-08-07T13:12:30","slug":"ideal-groupe","status":"publish","type":"post","link":"https:\/\/www.appartement-construction.com\/content\/promoteurs\/ideal-groupe","title":{"rendered":"IDEAL Groupe, le promoteur de proximit\u00e9 \u00e0 Lyon, Paris et Bordeaux"},"content":{"rendered":"\n<p class=\"p3\"><span class=\"s1\">Pour acheter un appartement neuf dans une r\u00e9sidence intimiste bien int\u00e9gr\u00e9e \u00e0 son environnement, vous pouvez jeter un \u0153il aux r\u00e9alisations du <strong>promoteur IDEAL Groupe<\/strong> (ou ID&amp;AL Groupe). Dans le Sud-Ouest, en r\u00e9gion parisienne ou dans les Pays de la Loire, il apporte une expertise de proximit\u00e9 et un accompagnement personnalis\u00e9 de qualit\u00e9. Voici une <strong>s\u00e9lection de programmes en cours et d\u00e9j\u00e0 livr\u00e9<\/strong>s.<\/span><\/p>\n\n\n\n<!--more-->\n\n\n\n<h2 class=\"p1 wp-block-heading\"><span class=\"s1\"><b>IDEAL Groupe<\/b><\/span> <span class=\"s1\"><b>en r\u00e9sum\u00e9<\/b><\/span><\/h2>\n\n\n\n<div style=\"height:40px\" aria-hidden=\"true\" class=\"wp-block-spacer\"><\/div>\n\n\n\n<figure class=\"wp-block-table t1\"><table><tbody><tr><td>\n<p class=\"p4\"><span class=\"s1\"><b>Date de cr\u00e9ation de l\u2019entreprise <\/b><\/span><\/p>\n<\/td><td>\n<p class=\"p5\"><span class=\"s1\">2011<\/span><\/p>\n<\/td><\/tr><tr><td>\n<p class=\"p4\"><span class=\"s1\"><b>Secteur d\u2019intervention<\/b><\/span><\/p>\n<\/td><td>\n<p class=\"p1\"><span class=\"s1\">Pays basque, Gironde, \u00cele-de-France, Rh\u00f4ne-Alpes, Pays de la Loire<\/span><\/p>\n<\/td><\/tr><tr><td>\n<p class=\"p4\"><span class=\"s1\"><b>Style de construction<\/b><\/span><\/p>\n<\/td><td>\n<p class=\"p5\"><span class=\"s1\">Contemporaine<\/span><\/p>\n<\/td><\/tr><tr><td>\n<p class=\"p6\"><span class=\"s1\"><b>Nombre de logements <\/b><\/span><\/p>\n<\/td><td>\n<p class=\"p3\"><span class=\"s1\">960 lots livr\u00e9s depuis 2011 (au 31 d\u00e9cembre 2019)<\/span><\/p>\n<\/td><\/tr><tr><td>\n<p class=\"p4\"><span class=\"s1\"><b>Prix de d\u00e9part<\/b><\/span><\/p>\n<\/td><td> <p class=\"p7\"><span class=\"s1\">Studio de 28&nbsp;min&nbsp;2&nbsp;s \u00e0 partir de 125\u2009000&nbsp;\u20ac (<a href=\"https:\/\/www.ideal-groupe.com\/bien\/residence-bel-air\/\" target=\"_blank\" rel=\"noreferrer noopener\" aria-label=\" (opens in a new tab)\"><span class=\"s3\">R\u00e9sidence Bel&rsquo;Air<\/span><\/a>, Villepinte)<\/span><\/p> <\/td><\/tr><tr><td>\n<p class=\"p4\"><span class=\"s1\"><b>Adresse du si\u00e8ge social<\/b><\/span><\/p>\n<\/td><td>\n<p class=\"p1\"><span class=\"s1\">7 rue Crozilhac&nbsp;33\u2009000 Bordeaux<\/span><\/p>\n<\/td><\/tr><tr><td>\n<p class=\"p4\"><span class=\"s1\"><b>Site web<\/b><\/span><\/p>\n<\/td><td> <p class=\"p5\"><span class=\"s1\"><a href=\"https:\/\/www.ideal-groupe.com\" target=\"_blank\" rel=\"noreferrer noopener\" aria-label=\" (opens in a new tab)\">https:\/\/www.ideal-groupe.com<\/a><\/span><\/p> <\/td><\/tr><tr><td>\n<p class=\"p4\"><span class=\"s1\"><b>T\u00e9l\u00e9phone<\/b><\/span><\/p>\n<\/td><td>\n<p class=\"p5\"><span class=\"s1\">05&nbsp;57&nbsp;83&nbsp;12&nbsp;35<\/span><\/p>\n<\/td><\/tr><\/tbody><\/table><\/figure>\n\n\n\n<div style=\"height:40px\" aria-hidden=\"true\" class=\"wp-block-spacer\"><\/div>\n\n\n\n<h2 class=\"p1 wp-block-heading\"><span class=\"s1\"><b>Pr\u00e9sentation d\u2019IDEAL Groupe<\/b><\/span><\/h2>\n\n\n\n<div style=\"height:40px\" aria-hidden=\"true\" class=\"wp-block-spacer\"><\/div>\n\n\n\n<h3 class=\"p10 wp-block-heading\"><span class=\"s1\">Qui est ID&amp;AL<b> <\/b>Groupe\u2009?<\/span><\/h3>\n\n\n\n<p class=\"p10\"><span class=\"s1\">IDEAL<b> <\/b>Groupe est cr\u00e9\u00e9 \u00e0 Bordeaux en <strong>2011<\/strong> par Pierre Vital et \u00c9douard Myon. <strong>Les deux fondateurs sont alors d\u00e9j\u00e0 forts d\u2019une grande expertise dans le domaine de la promotion immobili\u00e8re chez Nexity.<\/strong> L\u2019entreprise se d\u00e9veloppe tr\u00e8s rapidement. Elle dispose d\u00e9sormais de <strong>5 implantations r\u00e9gionales<\/strong> qui lui permettent de couvrir la Gironde, le Pays basque, l\u2019\u00cele-de-France, la r\u00e9gion Rh\u00f4ne-Alpes et les Pays de Loire. Actuellement, <strong>117 collaborateurs <\/strong>r\u00e9partis sur le territoire y travaillent et elle affiche <strong>960 lots livr\u00e9s depuis sa cr\u00e9ation<\/strong>. Le groupe r\u00e9alise aussi bien des programmes immobiliers r\u00e9sidentiels pour les particuliers que de grands projets d\u2019am\u00e9nagements, de l\u2019immobilier d\u2019entreprise, en neuf et en r\u00e9habilitation.<\/span><\/p>\n\n\n\n<figure class=\"wp-block-image size-large\"><img loading=\"lazy\" decoding=\"async\" width=\"1024\" height=\"448\" src=\"https:\/\/www.appartement-construction.com\/content\/wp-content\/uploads\/2020\/03\/IDEAL-GROUPE-Promoteur-Immobilier-Antony-1024x448.jpg\" alt=\"Programme Neuf \u00e0 Antony par IDEAL GROUPE\" class=\"wp-image-6680\" srcset=\"https:\/\/www.appartement-construction.com\/content\/wp-content\/uploads\/2020\/03\/IDEAL-GROUPE-Promoteur-Immobilier-Antony-1024x448.jpg 1024w, https:\/\/www.appartement-construction.com\/content\/wp-content\/uploads\/2020\/03\/IDEAL-GROUPE-Promoteur-Immobilier-Antony-900x394.jpg 900w, https:\/\/www.appartement-construction.com\/content\/wp-content\/uploads\/2020\/03\/IDEAL-GROUPE-Promoteur-Immobilier-Antony-768x336.jpg 768w, https:\/\/www.appartement-construction.com\/content\/wp-content\/uploads\/2020\/03\/IDEAL-GROUPE-Promoteur-Immobilier-Antony-600x263.jpg 600w, https:\/\/www.appartement-construction.com\/content\/wp-content\/uploads\/2020\/03\/IDEAL-GROUPE-Promoteur-Immobilier-Antony-1536x672.jpg 1536w, https:\/\/www.appartement-construction.com\/content\/wp-content\/uploads\/2020\/03\/IDEAL-GROUPE-Promoteur-Immobilier-Antony.jpg 1600w\" sizes=\"auto, (max-width: 1024px) 100vw, 1024px\" \/><\/figure>\n\n\n\n<h3 class=\"p12 wp-block-heading\"><span class=\"s1\">Un promoteur de proximit\u00e9<\/span><\/h3>\n\n\n\n<p class=\"p12\"><span class=\"s1\">Dans une interview de 2017 pour <a rel=\"noreferrer noopener\" aria-label=\" (opens in a new tab)\" href=\"https:\/\/www.sudouest.fr\/2017\/03\/08\/immobilier-le-groupe-ideal-double-son-chiffre-d-affaires-et-recrute-a-bordeaux-3259362-705.php\" target=\"_blank\"><span class=\"s4\">Sud-Ouest<\/span><\/a>, les deux fondateurs expliquent&nbsp;: \u00ab\u2009Nous avons cr\u00e9\u00e9 le groupe ID&amp;AL en partant du constat que les grands promoteurs ne sont pas en mesure aujourd\u2019hui d\u2019apporter la relation de proximit\u00e9, tant recherch\u00e9e d\u00e9sormais par le client\u2009\u00bb. De ce fait, <strong>le promoteur veille \u00e0 travailler au plus proche des territoires<\/strong>. Ses cinq implantations lui permettent de connaitre au mieux les enjeux respectifs de ceux-ci et de r\u00e9pondre aux besoins des collectivit\u00e9s et de leurs habitants. <strong>Le groupe con\u00e7oit ainsi des r\u00e9alisations qui ont du sens.<\/strong> Il se positionne notamment sur <strong>de petites op\u00e9rations proposant autour de 10 logements en centre-ville des grandes m\u00e9tropoles.<\/strong> <\/span><\/p>\n\n\n\n<h3 class=\"p12 wp-block-heading\"><span class=\"s5\">U<\/span><span class=\"s1\">n accompagnement complet du client et de nombreux services<\/span><\/h3>\n\n\n\n<p class=\"p10\"><span class=\"s1\">Dans sa volont\u00e9 de proposer des solutions \u00e0 360 \u00b0, le promoteur s\u2019est diversifi\u00e9 pour \u00eatre <strong>pr\u00e9sent sur la totalit\u00e9 de la chaine immobili\u00e8re<\/strong>. Ainsi, en plus de son expertise en mati\u00e8re de promotion immobili\u00e8re, il lance <strong>en 2015 le Club ID&amp;AL<\/strong><b>. <\/b>Celui-ci a pour objectif de suivre de mani\u00e8re personnalis\u00e9e les clients de la r\u00e9servation \u00e0 la livraison de leurs logements et bien au-del\u00e0. Choix du programme, des mat\u00e9riaux, de la d\u00e9coration, les futurs acqu\u00e9reurs b\u00e9n\u00e9ficient d\u2019un accompagnement sur-mesure. De plus, fort d\u2019un r\u00e9seau de partenaires de confiance, de nombreux services leur sont sugg\u00e9r\u00e9s tels que le courtage, l\u2019assurance habitation, la conciergerie, etc. <\/span><\/p>\n\n\n\n<p class=\"p10\"><span class=\"s1\"><b>Ces services sont propos\u00e9s aussi bien aux particuliers qu\u2019aux communes.<\/b> En effet, le groupe est en mesure d\u2019apporter du service au sein m\u00eame des op\u00e9rations qu\u2019il r\u00e9alise. Ainsi, \u00e0 B\u00e8gles, une cr\u00e8che priv\u00e9e est install\u00e9e dans la r\u00e9sidence \u00ab\u2009Instant B\u2009\u00bb \u00e0 B\u00e8gles. <\/span><\/p>\n\n\n\n<p class=\"p10\"><span class=\"s1\">Par ailleurs, le groupe propose \u00e9galement <strong>l\u2019administration des biens depuis 2016<\/strong> (en rachetant l\u2019entreprise Caryes \u00e0 Bordeaux) et la revente des biens anciens.<\/span><\/p>\n\n\n\n<figure class=\"wp-block-image size-large\"><img loading=\"lazy\" decoding=\"async\" width=\"1024\" height=\"576\" src=\"https:\/\/www.appartement-construction.com\/content\/wp-content\/uploads\/2020\/03\/IDEAL-GROUPE-LYON-1024x576.jpg\" alt=\"Programme Neuf \u00e0 Villeurbanne par Ideal Groupe\" class=\"wp-image-6681\" srcset=\"https:\/\/www.appartement-construction.com\/content\/wp-content\/uploads\/2020\/03\/IDEAL-GROUPE-LYON-1024x576.jpg 1024w, https:\/\/www.appartement-construction.com\/content\/wp-content\/uploads\/2020\/03\/IDEAL-GROUPE-LYON-900x506.jpg 900w, https:\/\/www.appartement-construction.com\/content\/wp-content\/uploads\/2020\/03\/IDEAL-GROUPE-LYON-768x432.jpg 768w, https:\/\/www.appartement-construction.com\/content\/wp-content\/uploads\/2020\/03\/IDEAL-GROUPE-LYON-600x338.jpg 600w, https:\/\/www.appartement-construction.com\/content\/wp-content\/uploads\/2020\/03\/IDEAL-GROUPE-LYON-1536x864.jpg 1536w, https:\/\/www.appartement-construction.com\/content\/wp-content\/uploads\/2020\/03\/IDEAL-GROUPE-LYON.jpg 1920w\" sizes=\"auto, (max-width: 1024px) 100vw, 1024px\" \/><\/figure>\n\n\n\n<h3 class=\"p10 wp-block-heading\"><span class=\"s1\">Construire maintenant l\u2019habitat de demain<\/span><\/h3>\n\n\n\n<p class=\"p10\"><span class=\"s1\">Le Lab d\u00e9veloppe <strong>la digitalisation des services du groupe<\/strong>. Celle-ci permet aux clients de disposer d\u2019un parcours d\u2019achat toujours plus fluide et transparent. Par ailleurs, pour proposer des solutions innovantes de la construction \u00e0 l\u2019am\u00e9nagement des logements, Le Lab travaille en permanence avec des entreprises prometteuses et reconnues. <\/span><\/p>\n\n\n\n<h3 class=\"p12 wp-block-heading\"><span class=\"s1\">Des programmes de qualit\u00e9 \u00e0 prix mod\u00e9r\u00e9s<\/span><\/h3>\n\n\n\n<p class=\"p12\"><span class=\"s1\">IDEAL Groupe s\u2019engage \u00e0 proposer des r\u00e9sidences de qualit\u00e9 \u00e0 prix accessibles. Pour cela, les co\u00fbts sont optimis\u00e9s \u00e0 chaque \u00e9tape des programmes. <\/span><\/p>\n\n\n\n<h2 class=\"p1 wp-block-heading\"><span class=\"s1\"><b>Zoom sur deux programmes en cours d\u2019ID&amp;AL Groupe<\/b><\/span><\/h2>\n\n\n\n<div style=\"height:40px\" aria-hidden=\"true\" class=\"wp-block-spacer\"><\/div>\n\n\n\n<h3 class=\"p10 wp-block-heading\"><span class=\"s1\">Artean, Boucau (64)<\/span><\/h3>\n\n\n\n<div style=\"height:40px\" aria-hidden=\"true\" class=\"wp-block-spacer\"><\/div>\n\n\n\n<figure class=\"wp-block-image size-large\"><img loading=\"lazy\" decoding=\"async\" width=\"1024\" height=\"576\" src=\"https:\/\/www.appartement-construction.com\/content\/wp-content\/uploads\/2020\/03\/IDEAL-GROUPE-BOUCAU-2-1024x576.jpg\" alt=\"Immobilier Neuf Boucau IDEAL GROUPE\" class=\"wp-image-6682\" srcset=\"https:\/\/www.appartement-construction.com\/content\/wp-content\/uploads\/2020\/03\/IDEAL-GROUPE-BOUCAU-2-1024x576.jpg 1024w, https:\/\/www.appartement-construction.com\/content\/wp-content\/uploads\/2020\/03\/IDEAL-GROUPE-BOUCAU-2-900x506.jpg 900w, https:\/\/www.appartement-construction.com\/content\/wp-content\/uploads\/2020\/03\/IDEAL-GROUPE-BOUCAU-2-768x432.jpg 768w, https:\/\/www.appartement-construction.com\/content\/wp-content\/uploads\/2020\/03\/IDEAL-GROUPE-BOUCAU-2-600x338.jpg 600w, https:\/\/www.appartement-construction.com\/content\/wp-content\/uploads\/2020\/03\/IDEAL-GROUPE-BOUCAU-2-1536x864.jpg 1536w, https:\/\/www.appartement-construction.com\/content\/wp-content\/uploads\/2020\/03\/IDEAL-GROUPE-BOUCAU-2.jpg 1920w\" sizes=\"auto, (max-width: 1024px) 100vw, 1024px\" \/><\/figure>\n\n\n\n<h4 class=\"p10 wp-block-heading\"><span class=\"s1\">La ville<\/span><\/h4>\n\n\n\n<p class=\"p12\"><span class=\"s1\">Au bord de l\u2019Adour, la ville de Boucau se situe dans le Pays basque \u00e0 4&nbsp;km de Bayonne et \u00e0 10&nbsp;min des plages. Commune de 8200 habitants, elle offre toutes les commodit\u00e9s n\u00e9cessaires. Elle est tr\u00e8s facile d\u2019acc\u00e8s gr\u00e2ce \u00e0 sa proximit\u00e9 avec l\u2019autoroute&nbsp;A63, l\u2019a\u00e9roport de Biarritz et la gare de Bayonne. <\/span><\/p>\n\n\n\n<div class=\"wp-block-image\"><figure class=\"aligncenter size-large\"><img loading=\"lazy\" decoding=\"async\" width=\"567\" height=\"203\" src=\"https:\/\/www.appartement-construction.com\/content\/wp-content\/uploads\/2020\/03\/ideal-groupe-boucau.jpg\" alt=\"ideal groupe appartements neufs Boucau\" class=\"wp-image-6550\"\/><figcaption>source : Google Maps<\/figcaption><\/figure><\/div>\n\n\n\n<h4 class=\"p10 wp-block-heading\"><span class=\"s1\">La r\u00e9sidence <\/span><\/h4>\n\n\n\n<p class=\"p12\"><span class=\"s1\">Situ\u00e9e au 31 avenue Charles de Gaulle, la r\u00e9sidence <a href=\"https:\/\/www.ideal-groupe.com\/bien\/artean\/\" target=\"_blank\" rel=\"noreferrer noopener\" aria-label=\" (opens in a new tab)\"><span class=\"s4\">Artean<\/span><\/a> est r\u00e9alis\u00e9e dans les hauteurs de la commune \u00e0 quelques pas des commerces. Elle b\u00e9n\u00e9ficie d\u2019un environnement tr\u00e8s verdoyant et est bien desservie par les transports en commun. Elle se compose de <strong>18 appartements du 2 au 5 pi\u00e8ces r\u00e9partis sur deux constructions basses en R+2<\/strong>. Certains sont en duplex. Fa\u00e7ades en enduit blanc et gris, toitures classiques, volumes a\u00e9riens, <strong>l\u2019architecture permet \u00e0 ses occupants de profiter du charme d\u2019un habitat individuel et des avantages du collectif<\/strong>. La r\u00e9sidence est r\u00e9alis\u00e9e par les architectes Fran\u00e7ois Hebrard et Alain Lacassagne (Biarritz).<\/span><\/p>\n\n\n\n<figure class=\"wp-block-gallery aligncenter columns-2 is-cropped wp-block-gallery-1 is-layout-flex wp-block-gallery-is-layout-flex\"><ul class=\"blocks-gallery-grid\"><li class=\"blocks-gallery-item\"><figure><img loading=\"lazy\" decoding=\"async\" width=\"567\" height=\"359\" src=\"https:\/\/www.appartement-construction.com\/content\/wp-content\/uploads\/2020\/03\/ideal-groupe-boucau1.jpg\" alt=\"\" data-id=\"6562\" data-full-url=\"https:\/\/www.appartement-construction.com\/content\/wp-content\/uploads\/2020\/03\/ideal-groupe-boucau1.jpg\" data-link=\"https:\/\/www.appartement-construction.com\/content\/?attachment_id=6562\" class=\"wp-image-6562\"\/><\/figure><\/li><li class=\"blocks-gallery-item\"><figure><img loading=\"lazy\" decoding=\"async\" width=\"567\" height=\"303\" src=\"https:\/\/www.appartement-construction.com\/content\/wp-content\/uploads\/2020\/03\/ideal-groupe-boucau2.jpg\" alt=\"\" data-id=\"6563\" data-full-url=\"https:\/\/www.appartement-construction.com\/content\/wp-content\/uploads\/2020\/03\/ideal-groupe-boucau2.jpg\" data-link=\"https:\/\/www.appartement-construction.com\/content\/?attachment_id=6563\" class=\"wp-image-6563\"\/><\/figure><\/li><\/ul><\/figure>\n\n\n\n<h4 class=\"p10 wp-block-heading\"><span class=\"s1\">Les prestations<\/span><\/h4>\n\n\n\n<p class=\"p12\"><span class=\"s1\">Tous les appartements sont traversants et disposent d\u2019un espace ext\u00e9rieur&nbsp;: balcon, terrasse ou jardin. Ils b\u00e9n\u00e9ficient d\u2019une exposition ouest sans vis-\u00e0-vis. Parquet stratifi\u00e9 et beau carrelage, murs recouverts de peinture lisse, jardin paysager, chauffage individuel au gaz, les prestations garantissent le confort des occupants.<\/span><\/p>\n\n\n\n<p class=\"p10\"><strong><span class=\"s1\">Un T2 de 45 m2 est \u00e0 partir 188\u2009000&nbsp;\u20ac. Un T5 de 96&nbsp;m<\/span><span class=\"s6\"><sup>2<\/sup><\/span><\/strong><span class=\"s1\"><strong> est \u00e0 339\u2009000&nbsp;\u20ac<\/strong>. La livraison est au 2e trimestre&nbsp;2021.<\/span><\/p>\n\n\n\n<h3 class=\"p10 wp-block-heading\"><span class=\"s1\">Grand Angle, Gujan-Mestras (33)<\/span><\/h3>\n\n\n\n<div style=\"height:40px\" aria-hidden=\"true\" class=\"wp-block-spacer\"><\/div>\n\n\n\n<div class=\"wp-block-image\"><figure class=\"aligncenter\"><img loading=\"lazy\" decoding=\"async\" width=\"567\" height=\"216\" src=\"https:\/\/www.appartement-construction.com\/content\/wp-content\/uploads\/2020\/03\/ideal-groupe-grand-angle.jpg\" alt=\"ideal groupe appartements neufs r\u00e9sidence Grand Angle Gujan-Mestras\" class=\"wp-image-6559\"\/><\/figure><\/div>\n\n\n\n<h4 class=\"p16 wp-block-heading\"><span class=\"s1\">La ville <\/span><\/h4>\n\n\n\n<p class=\"p17\"><span class=\"s1\">Gujan-Mestras est situ\u00e9e \u00e0 50 minutes en voiture de Bordeaux. Elle offre \u00e0 ses 20\u2009817 habitants un cadre de vie de qualit\u00e9 au sein du Bassin d\u2019Arcachon, un espace naturel pr\u00e9serv\u00e9. Infrastructures scolaires, sportives et culturelles, pistes cyclables, transports en commun, la ville ne manque de rien. <\/span><\/p>\n\n\n\n<div class=\"wp-block-image\"><figure class=\"aligncenter size-large\"><img loading=\"lazy\" decoding=\"async\" width=\"567\" height=\"285\" src=\"https:\/\/www.appartement-construction.com\/content\/wp-content\/uploads\/2020\/03\/ideal-groupe-gujan-mestras.jpg\" alt=\"ideal groupe appartements neufs Gujan-Mestras\" class=\"wp-image-6551\"\/><figcaption>source : Google Maps<\/figcaption><\/figure><\/div>\n\n\n\n<h4 class=\"p16 wp-block-heading\"><span class=\"s1\">La r\u00e9sidence <\/span><\/h4>\n\n\n\n<p class=\"p12\"><span class=\"s1\">Au 1 all\u00e9e des Gla\u00efeuls dans le quartier de La Hume, <a href=\"https:\/\/www.ideal-groupe.com\/bien\/grand-angle\/\" target=\"_blank\" rel=\"noreferrer noopener\" aria-label=\" (opens in a new tab)\"><span class=\"s4\">la r\u00e9sidence Grand Angle<\/span><\/a> de ID&amp;EAL Groupe est situ\u00e9e \u00e0 5&nbsp;min du centre-ville et \u00e0 7&nbsp;min de la plage. Elle se compose de <strong>13 logements du 2 au 4 pi\u00e8ces<\/strong>. Bardage bois, teintes naturelles, toiture en tuile canal, etc. Son architecture contemporaine inspir\u00e9e du style local s\u2019int\u00e8gre parfaitement \u00e0 son environnement.<\/span><\/p>\n\n\n\n<figure class=\"wp-block-image size-large\"><img loading=\"lazy\" decoding=\"async\" width=\"1024\" height=\"576\" src=\"https:\/\/www.appartement-construction.com\/content\/wp-content\/uploads\/2020\/03\/IDEAL-GROUPE-BORDEAUX-1024x576.jpg\" alt=\"Appartement Neuf Ideal Groupe Bordeaux\" class=\"wp-image-6683\" srcset=\"https:\/\/www.appartement-construction.com\/content\/wp-content\/uploads\/2020\/03\/IDEAL-GROUPE-BORDEAUX-1024x576.jpg 1024w, https:\/\/www.appartement-construction.com\/content\/wp-content\/uploads\/2020\/03\/IDEAL-GROUPE-BORDEAUX-900x506.jpg 900w, https:\/\/www.appartement-construction.com\/content\/wp-content\/uploads\/2020\/03\/IDEAL-GROUPE-BORDEAUX-768x432.jpg 768w, https:\/\/www.appartement-construction.com\/content\/wp-content\/uploads\/2020\/03\/IDEAL-GROUPE-BORDEAUX-600x338.jpg 600w, https:\/\/www.appartement-construction.com\/content\/wp-content\/uploads\/2020\/03\/IDEAL-GROUPE-BORDEAUX-1536x864.jpg 1536w, https:\/\/www.appartement-construction.com\/content\/wp-content\/uploads\/2020\/03\/IDEAL-GROUPE-BORDEAUX.jpg 1920w\" sizes=\"auto, (max-width: 1024px) 100vw, 1024px\" \/><\/figure>\n\n\n\n<h4 class=\"p10 wp-block-heading\"><span class=\"s1\">Les prestations<\/span><\/h4>\n\n\n\n<p class=\"p12\"><span class=\"s1\">Les appartements sont tr\u00e8s lumineux et les volumes sont vastes. Les salles de bains et cuisines sont \u00e9quip\u00e9es, les placards sont am\u00e9nag\u00e9s, du parquet stratifi\u00e9 rev\u00eat les pi\u00e8ces s\u00e8ches et du carrelage les pi\u00e8ces humides. Tous les biens b\u00e9n\u00e9ficient d\u2019un espace ext\u00e9rieur.<\/span><\/p>\n\n\n\n<p class=\"p10\"><strong><span class=\"s1\">Un T2 de 42 m2 + 8 m2 est \u00e0 193\u2009000&nbsp;\u20ac. Un T5 duplex de 146&nbsp;m<\/span><span class=\"s6\"><sup>2<\/sup><\/span><span class=\"s1\"> +&nbsp;81&nbsp;m<\/span><span class=\"s6\"><sup>2<\/sup><\/span><\/strong><span class=\"s1\"><strong> est \u00e0 581\u2009000&nbsp;\u20ac<\/strong>. La livraison est pr\u00e9vue \u00e0 partir du 3e trimestre&nbsp;2021.&nbsp;<\/span><\/p>\n\n\n\n<h2 class=\"p1 wp-block-heading\"><span class=\"s1\"><b>Derniers programmes livr\u00e9s par ID&amp;AL Groupe<\/b><\/span><\/h2>\n\n\n\n<div style=\"height:40px\" aria-hidden=\"true\" class=\"wp-block-spacer\"><\/div>\n\n\n\n<h3 class=\"p10 wp-block-heading\"><span class=\"s1\">H\u00e9ritage Saint-Michel, Bordeaux (33)<\/span><\/h3>\n\n\n\n<div style=\"height:40px\" aria-hidden=\"true\" class=\"wp-block-spacer\"><\/div>\n\n\n\n<figure class=\"wp-block-image size-large\"><img loading=\"lazy\" decoding=\"async\" width=\"1024\" height=\"768\" src=\"https:\/\/www.appartement-construction.com\/content\/wp-content\/uploads\/2020\/03\/Ideal-Groupe-Programme-Bordeaux-Saint-Michel-1024x768.jpg\" alt=\" IDEAL GROUPE Immobilier Neuf Bordeaux Centre\" class=\"wp-image-6684\" srcset=\"https:\/\/www.appartement-construction.com\/content\/wp-content\/uploads\/2020\/03\/Ideal-Groupe-Programme-Bordeaux-Saint-Michel-1024x768.jpg 1024w, https:\/\/www.appartement-construction.com\/content\/wp-content\/uploads\/2020\/03\/Ideal-Groupe-Programme-Bordeaux-Saint-Michel-900x675.jpg 900w, https:\/\/www.appartement-construction.com\/content\/wp-content\/uploads\/2020\/03\/Ideal-Groupe-Programme-Bordeaux-Saint-Michel-768x576.jpg 768w, https:\/\/www.appartement-construction.com\/content\/wp-content\/uploads\/2020\/03\/Ideal-Groupe-Programme-Bordeaux-Saint-Michel-600x450.jpg 600w, https:\/\/www.appartement-construction.com\/content\/wp-content\/uploads\/2020\/03\/Ideal-Groupe-Programme-Bordeaux-Saint-Michel-1536x1152.jpg 1536w, https:\/\/www.appartement-construction.com\/content\/wp-content\/uploads\/2020\/03\/Ideal-Groupe-Programme-Bordeaux-Saint-Michel.jpg 1600w\" sizes=\"auto, (max-width: 1024px) 100vw, 1024px\" \/><\/figure>\n\n\n\n<h4 class=\"p10 wp-block-heading\"><span class=\"s1\">Le quartier<\/span><\/h4>\n\n\n\n<p class=\"p3\"><span class=\"s1\">Situ\u00e9 \u00e0 deux pas de l\u2019hypercentre et des quais, le quartier Saint-Michel fait partie du centre historique de Bordeaux. Populaire et cosmopolite, il est vivant avec ses petits commerces et ses caf\u00e9s, mais calme le soir. Vous trouverez non loin le beau march\u00e9 des Capucins. Le secteur est en plein d\u00e9veloppement, et le prix de l\u2019immobilier y grimpe all\u00e8grement. <\/span><\/p>\n\n\n\n<div class=\"wp-block-image\"><figure class=\"aligncenter size-large\"><img loading=\"lazy\" decoding=\"async\" width=\"567\" height=\"239\" src=\"https:\/\/www.appartement-construction.com\/content\/wp-content\/uploads\/2020\/03\/ideal-groupe-bordeaux-saint-michel.jpg\" alt=\"ideal groupe appartements neufs quartier Saint-Michel Bordeaux\" class=\"wp-image-6552\"\/><figcaption>source : Google Maps<\/figcaption><\/figure><\/div>\n\n\n\n<h4 class=\"p10 wp-block-heading\"><span class=\"s1\">La r\u00e9sidence <\/span><\/h4>\n\n\n\n<p class=\"p3\"><span class=\"s8\"><a href=\"https:\/\/www.ideal-groupe.com\/nos-realisations\/heritage-saint-michel\/\" target=\"_blank\" rel=\"noreferrer noopener\" aria-label=\" (opens in a new tab)\">La r\u00e9sidence H\u00e9ritage Saint-Michel<\/a><\/span><span class=\"s1\"> est construite en plein c\u0153ur historique de Bordeaux. Son architecture pens\u00e9e par Thierry Morin fait la part belle aux mat\u00e9riaux locaux telle que la pierre bordelaise. Une partie des <strong>22 appartements du studio au 5 pi\u00e8ces <\/strong>ont vue sur la Garonne et la basilique Saint-Michel. <strong>En 20 ans, ce programme est seulement le 3e b\u00e2timent neuf r\u00e9alis\u00e9 dans ce secteur sauvegard\u00e9.<\/strong><\/span><\/p>\n\n\n\n<p class=\"p3\"><span class=\"s1\">Le programme est livr\u00e9 tout d\u00e9but&nbsp;2020. <\/span><\/p>\n\n\n\n<figure class=\"wp-block-gallery aligncenter columns-2 is-cropped wp-block-gallery-2 is-layout-flex wp-block-gallery-is-layout-flex\"><ul class=\"blocks-gallery-grid\"><li class=\"blocks-gallery-item\"><figure><img loading=\"lazy\" decoding=\"async\" width=\"567\" height=\"378\" src=\"https:\/\/www.appartement-construction.com\/content\/wp-content\/uploads\/2020\/03\/ideal-groupe-heritage.jpg\" alt=\"\" data-id=\"6556\" data-full-url=\"https:\/\/www.appartement-construction.com\/content\/wp-content\/uploads\/2020\/03\/ideal-groupe-heritage.jpg\" data-link=\"https:\/\/www.appartement-construction.com\/content\/?attachment_id=6556\" class=\"wp-image-6556\"\/><\/figure><\/li><li class=\"blocks-gallery-item\"><figure><img loading=\"lazy\" decoding=\"async\" width=\"567\" height=\"377\" src=\"https:\/\/www.appartement-construction.com\/content\/wp-content\/uploads\/2020\/03\/ideal-groupe-heritage2.jpg\" alt=\"\" data-id=\"6557\" data-full-url=\"https:\/\/www.appartement-construction.com\/content\/wp-content\/uploads\/2020\/03\/ideal-groupe-heritage2.jpg\" data-link=\"https:\/\/www.appartement-construction.com\/content\/?attachment_id=6557\" class=\"wp-image-6557\"\/><\/figure><\/li><\/ul><\/figure>\n\n\n\n<h3 class=\"p10 wp-block-heading\"><span class=\"s1\">Lands&rsquo;cap, Seignosse (40)<\/span><\/h3>\n\n\n\n<div style=\"height:40px\" aria-hidden=\"true\" class=\"wp-block-spacer\"><\/div>\n\n\n\n<figure class=\"wp-block-image size-large\"><img loading=\"lazy\" decoding=\"async\" width=\"900\" height=\"600\" src=\"https:\/\/www.appartement-construction.com\/content\/wp-content\/uploads\/2020\/03\/IDEAL-GROUPE-SEIGNOSSE-1.jpg\" alt=\"Programme Neuf Seignosse par Id\u00e9al Groupe\" class=\"wp-image-6685\" srcset=\"https:\/\/www.appartement-construction.com\/content\/wp-content\/uploads\/2020\/03\/IDEAL-GROUPE-SEIGNOSSE-1.jpg 900w, https:\/\/www.appartement-construction.com\/content\/wp-content\/uploads\/2020\/03\/IDEAL-GROUPE-SEIGNOSSE-1-768x512.jpg 768w, https:\/\/www.appartement-construction.com\/content\/wp-content\/uploads\/2020\/03\/IDEAL-GROUPE-SEIGNOSSE-1-600x400.jpg 600w\" sizes=\"auto, (max-width: 900px) 100vw, 900px\" \/><\/figure>\n\n\n\n<h4 class=\"p10 wp-block-heading\"><span class=\"s1\">La ville<\/span><\/h4>\n\n\n\n<p class=\"p12\"><span class=\"s1\">Seignosse, commune de 3843 habitants, est une station baln\u00e9aire dans les Landes situ\u00e9e \u00e0 35 minutes de Bayonne et voisine de Hossegor, Tosse ou Saint-Vincent-de-Tyrosse. Nich\u00e9e dans une for\u00eat de pins, b\u00e9n\u00e9ficiant de grands espaces naturels, de plages et d\u2019\u00e9tangs, elle propose un cadre de vie exceptionnel. Les commerces et services ne sont pas en reste. <\/span><\/p>\n\n\n\n<div class=\"wp-block-image\"><figure class=\"aligncenter size-large\"><img loading=\"lazy\" decoding=\"async\" width=\"567\" height=\"229\" src=\"https:\/\/www.appartement-construction.com\/content\/wp-content\/uploads\/2020\/03\/ideal-groupe-seignosse.jpg\" alt=\"ideal groupe appartements neufs Seignosse\" class=\"wp-image-6553\"\/><figcaption>source : Google Maps<\/figcaption><\/figure><\/div>\n\n\n\n<h4 class=\"p10 wp-block-heading\"><span class=\"s1\">La r\u00e9sidence <\/span><\/h4>\n\n\n\n<p class=\"p10\"><span class=\"s8\"><a rel=\"noreferrer noopener\" aria-label=\" (opens in a new tab)\" href=\"https:\/\/www.ideal-groupe.com\/nos-realisations\/landscap\/\" target=\"_blank\">Lands&rsquo;cap<\/a><\/span><span class=\"s1\"> est un programme immobilier neuf original. En effet, les <strong>76 appartements du T2 au T4 se r\u00e9partissent sur 16 petits ilots \u00e0 un seul \u00e9tage<\/strong>. De ce fait, chaque logement dispose de son entr\u00e9e priv\u00e9e. <strong>L\u2019ambiance est comparable \u00e0 celle d\u2019un village paisible<\/strong> o\u00f9 chacun jouit de son intimit\u00e9 tout en profitant des avantages de lieux de partages conviviaux. Tous les appartements sont traversants et b\u00e9n\u00e9ficient d\u2019un espace ext\u00e9rieur. La vue donne sur une belle nature environnante et un terrain paysager.<\/span><\/p>\n\n\n\n<figure class=\"wp-block-gallery aligncenter columns-2 is-cropped wp-block-gallery-3 is-layout-flex wp-block-gallery-is-layout-flex\"><ul class=\"blocks-gallery-grid\"><li class=\"blocks-gallery-item\"><figure><img loading=\"lazy\" decoding=\"async\" width=\"567\" height=\"425\" src=\"https:\/\/www.appartement-construction.com\/content\/wp-content\/uploads\/2020\/03\/ideal-groupe-landscap.jpg\" alt=\"\" data-id=\"6554\" data-full-url=\"https:\/\/www.appartement-construction.com\/content\/wp-content\/uploads\/2020\/03\/ideal-groupe-landscap.jpg\" data-link=\"https:\/\/www.appartement-construction.com\/content\/?attachment_id=6554\" class=\"wp-image-6554\"\/><\/figure><\/li><li class=\"blocks-gallery-item\"><figure><img loading=\"lazy\" decoding=\"async\" width=\"567\" height=\"425\" src=\"https:\/\/www.appartement-construction.com\/content\/wp-content\/uploads\/2020\/03\/ideal-groupe-lanscap2.jpg\" alt=\"\" data-id=\"6555\" data-full-url=\"https:\/\/www.appartement-construction.com\/content\/wp-content\/uploads\/2020\/03\/ideal-groupe-lanscap2.jpg\" data-link=\"https:\/\/www.appartement-construction.com\/content\/?attachment_id=6555\" class=\"wp-image-6555\"\/><\/figure><\/li><\/ul><\/figure>\n\n\n\n<p class=\"p10\"><span class=\"s1\">L\u2019architecture des constructions est contemporaine, mais tr\u00e8s en phase avec le style local. Toitures en m\u00e9tal cuivr\u00e9, bardages bois, fa\u00e7ades aux couleurs naturelles, cl\u00f4tures en ganivelle, l\u2019ensemble est chaleureux, \u00e9l\u00e9gant et \u00e9voque l\u2019oc\u00e9an\u2009! \u00c0 l\u2019int\u00e9rieur, les logements offrent des prestations soign\u00e9es&nbsp;: salles de bain meubl\u00e9es, carrelage&nbsp;40&#215;40 cm Porcelanosa dans les pi\u00e8ces humides, parquet dans le reste de l\u2019appartement, placards am\u00e9nag\u00e9s, chauffage individuel au gaz, cellier, etc.<\/span><\/p>\n\n\n\n<p class=\"p3\"><span class=\"s1\">Le programme a \u00e9t\u00e9 livr\u00e9 en juillet 2019.<\/span><\/p>\n\n\n\n<h2 class=\"p1 wp-block-heading\"><span class=\"s1\"><b>Les agences et espaces de vente du promoteur ID&amp;AL Groupe<\/b><\/span><\/h2>\n\n\n\n<p class=\"p1\"><span class=\"s7\">ID&amp;AL Groupe dispose de 5 agences sur le territoire&nbsp;: <\/span><span class=\"s1\">\u00e0 Bordeaux, Biarritz, Levallois-Perret, Lyon et Saint-Herblain. Si vous \u00eates int\u00e9ress\u00e9s par le programme r\u00e9alis\u00e9 \u00e0 Gujan-Mestras, vous pouvez obtenir des renseignements au <\/span><span class=\"s7\">05&nbsp;56&nbsp;47&nbsp;00&nbsp;00 du lundi au dimanche de 9h \u00e0 19h. Pour la r\u00e9sidence Artean, rendez-vous au 05&nbsp;35&nbsp;32&nbsp;00&nbsp;00. <\/span><\/p>\n\n\n\n<p class=\"p6\"><span class=\"s1\"><i><strong>ID&amp;AL Groupe est un promoteur de proximit\u00e9<\/strong> qui maitrise toute la chaine immobili\u00e8re. Ses r\u00e9sidences sont situ\u00e9es \u00e0 de tr\u00e8s belles adresses et r\u00e9pondent aux besoins de leurs occupants et des collectivit\u00e9s. Acheter un appartement chez eux vous <strong>garantit un accompagnement personnalis\u00e9<\/strong>. Du choix de votre programme \u00e0 la livraison de votre bien et au-del\u00e0, des experts passionn\u00e9s vous conseillent.<span class=\"Apple-converted-space\">&nbsp; &nbsp;<\/span><\/i><\/span><\/p>\n","protected":false},"excerpt":{"rendered":"<p>Pour acheter un appartement neuf dans une r\u00e9sidence intimiste bien int\u00e9gr\u00e9e \u00e0 son environnement, vous pouvez jeter un \u0153il aux r\u00e9alisations du promoteur IDEAL Groupe (ou ID&amp;AL Groupe). Dans le Sud-Ouest, en r\u00e9gion parisienne ou dans les Pays de la Loire, il apporte une expertise de proximit\u00e9 et un accompagnement personnalis\u00e9 de qualit\u00e9. Voici une [&hellip;]<\/p>\n","protected":false},"author":12,"featured_media":6549,"comment_status":"open","ping_status":"open","sticky":false,"template":"","format":"standard","meta":{"footnotes":""},"categories":[5],"tags":[],"class_list":["post-6544","post","type-post","status-publish","format-standard","has-post-thumbnail","hentry","category-promoteurs"],"yoast_head":"<!-- This site is optimized with the Yoast SEO plugin v25.1 - https:\/\/yoast.com\/wordpress\/plugins\/seo\/ -->\n<title>IDEAL Groupe, Promoteur de Proximit\u00e9 \u00e0 Lyon, Paris et Bordeaux<\/title>\n<meta name=\"description\" content=\"IDEAL Groupe r\u00e9alise des logements neufs pour les particuliers mais aussi de grands projets d\u2019am\u00e9nagements, de l\u2019immobilier d\u2019entreprise, en neuf et ...\" \/>\n<meta name=\"robots\" content=\"index, follow, max-snippet:-1, max-image-preview:large, max-video-preview:-1\" \/>\n<link rel=\"canonical\" href=\"https:\/\/www.appartement-construction.com\/content\/promoteurs\/ideal-groupe\" \/>\n<meta property=\"og:locale\" content=\"fr_FR\" \/>\n<meta property=\"og:type\" content=\"article\" \/>\n<meta property=\"og:title\" content=\"IDEAL Groupe, Promoteur de Proximit\u00e9 \u00e0 Lyon, Paris et Bordeaux\" \/>\n<meta property=\"og:description\" content=\"IDEAL Groupe r\u00e9alise des logements neufs pour les particuliers mais aussi de grands projets d\u2019am\u00e9nagements, de l\u2019immobilier d\u2019entreprise, en neuf et ...\" \/>\n<meta property=\"og:url\" content=\"https:\/\/www.appartement-construction.com\/content\/promoteurs\/ideal-groupe\" \/>\n<meta property=\"og:site_name\" content=\"Acheter un appartement neuf\" \/>\n<meta property=\"article:publisher\" content=\"https:\/\/www.facebook.com\/AppartementConstructioncom\/\" \/>\n<meta property=\"article:published_time\" content=\"2020-03-25T07:27:01+00:00\" \/>\n<meta property=\"article:modified_time\" content=\"2020-08-07T13:12:30+00:00\" \/>\n<meta property=\"og:image\" content=\"https:\/\/www.appartement-construction.com\/content\/wp-content\/uploads\/2020\/03\/idal-groupe-boucau-head.jpg\" \/>\n\t<meta property=\"og:image:width\" content=\"1018\" \/>\n\t<meta property=\"og:image:height\" content=\"542\" \/>\n\t<meta property=\"og:image:type\" content=\"image\/jpeg\" \/>\n<meta name=\"author\" content=\"Laurence\" \/>\n<meta name=\"twitter:label1\" content=\"\u00c9crit par\" \/>\n\t<meta name=\"twitter:data1\" content=\"Laurence\" \/>\n\t<meta name=\"twitter:label2\" content=\"Dur\u00e9e de lecture estim\u00e9e\" \/>\n\t<meta name=\"twitter:data2\" content=\"9 minutes\" \/>\n<script type=\"application\/ld+json\" class=\"yoast-schema-graph\">{\"@context\":\"https:\/\/schema.org\",\"@graph\":[{\"@type\":\"Article\",\"@id\":\"https:\/\/www.appartement-construction.com\/content\/promoteurs\/ideal-groupe#article\",\"isPartOf\":{\"@id\":\"https:\/\/www.appartement-construction.com\/content\/promoteurs\/ideal-groupe\"},\"author\":{\"name\":\"Laurence\",\"@id\":\"https:\/\/www.appartement-construction.com\/content\/#\/schema\/person\/06fddd1d3f937d2fd54200b32e3dee41\"},\"headline\":\"IDEAL Groupe, le promoteur de proximit\u00e9 \u00e0 Lyon, Paris et Bordeaux\",\"datePublished\":\"2020-03-25T07:27:01+00:00\",\"dateModified\":\"2020-08-07T13:12:30+00:00\",\"mainEntityOfPage\":{\"@id\":\"https:\/\/www.appartement-construction.com\/content\/promoteurs\/ideal-groupe\"},\"wordCount\":1743,\"commentCount\":0,\"publisher\":{\"@id\":\"https:\/\/www.appartement-construction.com\/content\/#organization\"},\"image\":{\"@id\":\"https:\/\/www.appartement-construction.com\/content\/promoteurs\/ideal-groupe#primaryimage\"},\"thumbnailUrl\":\"https:\/\/www.appartement-construction.com\/content\/wp-content\/uploads\/2020\/03\/idal-groupe-boucau-head.jpg\",\"articleSection\":[\"Les promoteurs\"],\"inLanguage\":\"fr-FR\",\"potentialAction\":[{\"@type\":\"CommentAction\",\"name\":\"Comment\",\"target\":[\"https:\/\/www.appartement-construction.com\/content\/promoteurs\/ideal-groupe#respond\"]}]},{\"@type\":\"WebPage\",\"@id\":\"https:\/\/www.appartement-construction.com\/content\/promoteurs\/ideal-groupe\",\"url\":\"https:\/\/www.appartement-construction.com\/content\/promoteurs\/ideal-groupe\",\"name\":\"IDEAL Groupe, Promoteur de Proximit\u00e9 \u00e0 Lyon, Paris et Bordeaux\",\"isPartOf\":{\"@id\":\"https:\/\/www.appartement-construction.com\/content\/#website\"},\"primaryImageOfPage\":{\"@id\":\"https:\/\/www.appartement-construction.com\/content\/promoteurs\/ideal-groupe#primaryimage\"},\"image\":{\"@id\":\"https:\/\/www.appartement-construction.com\/content\/promoteurs\/ideal-groupe#primaryimage\"},\"thumbnailUrl\":\"https:\/\/www.appartement-construction.com\/content\/wp-content\/uploads\/2020\/03\/idal-groupe-boucau-head.jpg\",\"datePublished\":\"2020-03-25T07:27:01+00:00\",\"dateModified\":\"2020-08-07T13:12:30+00:00\",\"description\":\"IDEAL Groupe r\u00e9alise des logements neufs pour les particuliers mais aussi de grands projets d\u2019am\u00e9nagements, de l\u2019immobilier d\u2019entreprise, en neuf et ...\",\"breadcrumb\":{\"@id\":\"https:\/\/www.appartement-construction.com\/content\/promoteurs\/ideal-groupe#breadcrumb\"},\"inLanguage\":\"fr-FR\",\"potentialAction\":[{\"@type\":\"ReadAction\",\"target\":[\"https:\/\/www.appartement-construction.com\/content\/promoteurs\/ideal-groupe\"]}]},{\"@type\":\"ImageObject\",\"inLanguage\":\"fr-FR\",\"@id\":\"https:\/\/www.appartement-construction.com\/content\/promoteurs\/ideal-groupe#primaryimage\",\"url\":\"https:\/\/www.appartement-construction.com\/content\/wp-content\/uploads\/2020\/03\/idal-groupe-boucau-head.jpg\",\"contentUrl\":\"https:\/\/www.appartement-construction.com\/content\/wp-content\/uploads\/2020\/03\/idal-groupe-boucau-head.jpg\",\"width\":1018,\"height\":542,\"caption\":\"ideal Groupe appartements neufs \u00e0 Boucau\"},{\"@type\":\"WebSite\",\"@id\":\"https:\/\/www.appartement-construction.com\/content\/#website\",\"url\":\"https:\/\/www.appartement-construction.com\/content\/\",\"name\":\"Acheter un appartement neuf\",\"description\":\"Trouver votre Promoteur et Appartement Neuf en Ligne !\",\"publisher\":{\"@id\":\"https:\/\/www.appartement-construction.com\/content\/#organization\"},\"potentialAction\":[{\"@type\":\"SearchAction\",\"target\":{\"@type\":\"EntryPoint\",\"urlTemplate\":\"https:\/\/www.appartement-construction.com\/content\/?s={search_term_string}\"},\"query-input\":{\"@type\":\"PropertyValueSpecification\",\"valueRequired\":true,\"valueName\":\"search_term_string\"}}],\"inLanguage\":\"fr-FR\"},{\"@type\":\"Organization\",\"@id\":\"https:\/\/www.appartement-construction.com\/content\/#organization\",\"name\":\"Appartement-Construction.com\",\"url\":\"https:\/\/www.appartement-construction.com\/content\/\",\"logo\":{\"@type\":\"ImageObject\",\"inLanguage\":\"fr-FR\",\"@id\":\"https:\/\/www.appartement-construction.com\/content\/#\/schema\/logo\/image\/\",\"url\":\"https:\/\/www.appartement-construction.com\/content\/wp-content\/uploads\/2018\/07\/logo-AC.jpg\",\"contentUrl\":\"https:\/\/www.appartement-construction.com\/content\/wp-content\/uploads\/2018\/07\/logo-AC.jpg\",\"width\":794,\"height\":491,\"caption\":\"Appartement-Construction.com\"},\"image\":{\"@id\":\"https:\/\/www.appartement-construction.com\/content\/#\/schema\/logo\/image\/\"},\"sameAs\":[\"https:\/\/www.facebook.com\/AppartementConstructioncom\/\"]},{\"@type\":\"Person\",\"@id\":\"https:\/\/www.appartement-construction.com\/content\/#\/schema\/person\/06fddd1d3f937d2fd54200b32e3dee41\",\"name\":\"Laurence\",\"image\":{\"@type\":\"ImageObject\",\"inLanguage\":\"fr-FR\",\"@id\":\"https:\/\/www.appartement-construction.com\/content\/#\/schema\/person\/image\/\",\"url\":\"https:\/\/secure.gravatar.com\/avatar\/a3d78ca6bbeca68c34b2ca0bfda3ab3e0a6d919e37a32ff151594431fef523af?s=96&d=mm&r=g\",\"contentUrl\":\"https:\/\/secure.gravatar.com\/avatar\/a3d78ca6bbeca68c34b2ca0bfda3ab3e0a6d919e37a32ff151594431fef523af?s=96&d=mm&r=g\",\"caption\":\"Laurence\"},\"url\":\"https:\/\/www.appartement-construction.com\/content\/author\/laurence\"}]}<\/script>\n<!-- \/ Yoast SEO plugin. -->","yoast_head_json":{"title":"IDEAL Groupe, Promoteur de Proximit\u00e9 \u00e0 Lyon, Paris et Bordeaux","description":"IDEAL Groupe r\u00e9alise des logements neufs pour les particuliers mais aussi de grands projets d\u2019am\u00e9nagements, de l\u2019immobilier d\u2019entreprise, en neuf et ...","robots":{"index":"index","follow":"follow","max-snippet":"max-snippet:-1","max-image-preview":"max-image-preview:large","max-video-preview":"max-video-preview:-1"},"canonical":"https:\/\/www.appartement-construction.com\/content\/promoteurs\/ideal-groupe","og_locale":"fr_FR","og_type":"article","og_title":"IDEAL Groupe, Promoteur de Proximit\u00e9 \u00e0 Lyon, Paris et Bordeaux","og_description":"IDEAL Groupe r\u00e9alise des logements neufs pour les particuliers mais aussi de grands projets d\u2019am\u00e9nagements, de l\u2019immobilier d\u2019entreprise, en neuf et ...","og_url":"https:\/\/www.appartement-construction.com\/content\/promoteurs\/ideal-groupe","og_site_name":"Acheter un appartement neuf","article_publisher":"https:\/\/www.facebook.com\/AppartementConstructioncom\/","article_published_time":"2020-03-25T07:27:01+00:00","article_modified_time":"2020-08-07T13:12:30+00:00","og_image":[{"width":1018,"height":542,"url":"https:\/\/www.appartement-construction.com\/content\/wp-content\/uploads\/2020\/03\/idal-groupe-boucau-head.jpg","type":"image\/jpeg"}],"author":"Laurence","twitter_misc":{"\u00c9crit par":"Laurence","Dur\u00e9e de lecture estim\u00e9e":"9 minutes"},"schema":{"@context":"https:\/\/schema.org","@graph":[{"@type":"Article","@id":"https:\/\/www.appartement-construction.com\/content\/promoteurs\/ideal-groupe#article","isPartOf":{"@id":"https:\/\/www.appartement-construction.com\/content\/promoteurs\/ideal-groupe"},"author":{"name":"Laurence","@id":"https:\/\/www.appartement-construction.com\/content\/#\/schema\/person\/06fddd1d3f937d2fd54200b32e3dee41"},"headline":"IDEAL Groupe, le promoteur de proximit\u00e9 \u00e0 Lyon, Paris et Bordeaux","datePublished":"2020-03-25T07:27:01+00:00","dateModified":"2020-08-07T13:12:30+00:00","mainEntityOfPage":{"@id":"https:\/\/www.appartement-construction.com\/content\/promoteurs\/ideal-groupe"},"wordCount":1743,"commentCount":0,"publisher":{"@id":"https:\/\/www.appartement-construction.com\/content\/#organization"},"image":{"@id":"https:\/\/www.appartement-construction.com\/content\/promoteurs\/ideal-groupe#primaryimage"},"thumbnailUrl":"https:\/\/www.appartement-construction.com\/content\/wp-content\/uploads\/2020\/03\/idal-groupe-boucau-head.jpg","articleSection":["Les promoteurs"],"inLanguage":"fr-FR","potentialAction":[{"@type":"CommentAction","name":"Comment","target":["https:\/\/www.appartement-construction.com\/content\/promoteurs\/ideal-groupe#respond"]}]},{"@type":"WebPage","@id":"https:\/\/www.appartement-construction.com\/content\/promoteurs\/ideal-groupe","url":"https:\/\/www.appartement-construction.com\/content\/promoteurs\/ideal-groupe","name":"IDEAL Groupe, Promoteur de Proximit\u00e9 \u00e0 Lyon, Paris et Bordeaux","isPartOf":{"@id":"https:\/\/www.appartement-construction.com\/content\/#website"},"primaryImageOfPage":{"@id":"https:\/\/www.appartement-construction.com\/content\/promoteurs\/ideal-groupe#primaryimage"},"image":{"@id":"https:\/\/www.appartement-construction.com\/content\/promoteurs\/ideal-groupe#primaryimage"},"thumbnailUrl":"https:\/\/www.appartement-construction.com\/content\/wp-content\/uploads\/2020\/03\/idal-groupe-boucau-head.jpg","datePublished":"2020-03-25T07:27:01+00:00","dateModified":"2020-08-07T13:12:30+00:00","description":"IDEAL Groupe r\u00e9alise des logements neufs pour les particuliers mais aussi de grands projets d\u2019am\u00e9nagements, de l\u2019immobilier d\u2019entreprise, en neuf et ...","breadcrumb":{"@id":"https:\/\/www.appartement-construction.com\/content\/promoteurs\/ideal-groupe#breadcrumb"},"inLanguage":"fr-FR","potentialAction":[{"@type":"ReadAction","target":["https:\/\/www.appartement-construction.com\/content\/promoteurs\/ideal-groupe"]}]},{"@type":"ImageObject","inLanguage":"fr-FR","@id":"https:\/\/www.appartement-construction.com\/content\/promoteurs\/ideal-groupe#primaryimage","url":"https:\/\/www.appartement-construction.com\/content\/wp-content\/uploads\/2020\/03\/idal-groupe-boucau-head.jpg","contentUrl":"https:\/\/www.appartement-construction.com\/content\/wp-content\/uploads\/2020\/03\/idal-groupe-boucau-head.jpg","width":1018,"height":542,"caption":"ideal Groupe appartements neufs \u00e0 Boucau"},{"@type":"WebSite","@id":"https:\/\/www.appartement-construction.com\/content\/#website","url":"https:\/\/www.appartement-construction.com\/content\/","name":"Acheter un appartement neuf","description":"Trouver votre Promoteur et Appartement Neuf en Ligne !","publisher":{"@id":"https:\/\/www.appartement-construction.com\/content\/#organization"},"potentialAction":[{"@type":"SearchAction","target":{"@type":"EntryPoint","urlTemplate":"https:\/\/www.appartement-construction.com\/content\/?s={search_term_string}"},"query-input":{"@type":"PropertyValueSpecification","valueRequired":true,"valueName":"search_term_string"}}],"inLanguage":"fr-FR"},{"@type":"Organization","@id":"https:\/\/www.appartement-construction.com\/content\/#organization","name":"Appartement-Construction.com","url":"https:\/\/www.appartement-construction.com\/content\/","logo":{"@type":"ImageObject","inLanguage":"fr-FR","@id":"https:\/\/www.appartement-construction.com\/content\/#\/schema\/logo\/image\/","url":"https:\/\/www.appartement-construction.com\/content\/wp-content\/uploads\/2018\/07\/logo-AC.jpg","contentUrl":"https:\/\/www.appartement-construction.com\/content\/wp-content\/uploads\/2018\/07\/logo-AC.jpg","width":794,"height":491,"caption":"Appartement-Construction.com"},"image":{"@id":"https:\/\/www.appartement-construction.com\/content\/#\/schema\/logo\/image\/"},"sameAs":["https:\/\/www.facebook.com\/AppartementConstructioncom\/"]},{"@type":"Person","@id":"https:\/\/www.appartement-construction.com\/content\/#\/schema\/person\/06fddd1d3f937d2fd54200b32e3dee41","name":"Laurence","image":{"@type":"ImageObject","inLanguage":"fr-FR","@id":"https:\/\/www.appartement-construction.com\/content\/#\/schema\/person\/image\/","url":"https:\/\/secure.gravatar.com\/avatar\/a3d78ca6bbeca68c34b2ca0bfda3ab3e0a6d919e37a32ff151594431fef523af?s=96&d=mm&r=g","contentUrl":"https:\/\/secure.gravatar.com\/avatar\/a3d78ca6bbeca68c34b2ca0bfda3ab3e0a6d919e37a32ff151594431fef523af?s=96&d=mm&r=g","caption":"Laurence"},"url":"https:\/\/www.appartement-construction.com\/content\/author\/laurence"}]}},"_links":{"self":[{"href":"https:\/\/www.appartement-construction.com\/content\/wp-json\/wp\/v2\/posts\/6544","targetHints":{"allow":["GET"]}}],"collection":[{"href":"https:\/\/www.appartement-construction.com\/content\/wp-json\/wp\/v2\/posts"}],"about":[{"href":"https:\/\/www.appartement-construction.com\/content\/wp-json\/wp\/v2\/types\/post"}],"author":[{"embeddable":true,"href":"https:\/\/www.appartement-construction.com\/content\/wp-json\/wp\/v2\/users\/12"}],"replies":[{"embeddable":true,"href":"https:\/\/www.appartement-construction.com\/content\/wp-json\/wp\/v2\/comments?post=6544"}],"version-history":[{"count":10,"href":"https:\/\/www.appartement-construction.com\/content\/wp-json\/wp\/v2\/posts\/6544\/revisions"}],"predecessor-version":[{"id":7640,"href":"https:\/\/www.appartement-construction.com\/content\/wp-json\/wp\/v2\/posts\/6544\/revisions\/7640"}],"wp:featuredmedia":[{"embeddable":true,"href":"https:\/\/www.appartement-construction.com\/content\/wp-json\/wp\/v2\/media\/6549"}],"wp:attachment":[{"href":"https:\/\/www.appartement-construction.com\/content\/wp-json\/wp\/v2\/media?parent=6544"}],"wp:term":[{"taxonomy":"category","embeddable":true,"href":"https:\/\/www.appartement-construction.com\/content\/wp-json\/wp\/v2\/categories?post=6544"},{"taxonomy":"post_tag","embeddable":true,"href":"https:\/\/www.appartement-construction.com\/content\/wp-json\/wp\/v2\/tags?post=6544"}],"curies":[{"name":"wp","href":"https:\/\/api.w.org\/{rel}","templated":true}]}}