{"id":6622,"date":"2020-04-20T14:26:00","date_gmt":"2020-04-20T12:26:00","guid":{"rendered":"https:\/\/www.appartement-construction.com\/content\/?p=6622"},"modified":"2020-07-21T16:44:17","modified_gmt":"2020-07-21T14:44:17","slug":"groupe-pichet","status":"publish","type":"post","link":"https:\/\/www.appartement-construction.com\/content\/promoteurs\/groupe-pichet","title":{"rendered":"Le Groupe Pichet, des programmes qui font vivre les villes"},"content":{"rendered":"\n<p class=\"p1\"><span class=\"s1\">Dans toute la France, <strong>Groupe Pichet<\/strong> r\u00e9alise des programmes immobiliers neufs qui sont de vrais outils de d\u00e9veloppement des territoires. Les r\u00e9sidences r\u00e9pondent aux besoins de ses occupants, mais aussi de l\u2019ensemble des acteurs locaux. <strong>Engag\u00e9s, \u00e9coresponsables, innovants<\/strong>, les projets sont de qualit\u00e9 et participent \u00e0 la cr\u00e9ation de la ville de demain. En voici une s\u00e9lection. <\/span><\/p>\n\n\n\n<!--more-->\n\n\n\n<h2 class=\"wp-block-heading\"><span class=\"s1\"><b>Le Groupe Pichet en r\u00e9sum\u00e9<\/b><\/span><\/h2>\n\n\n\n<div style=\"height:40px\" aria-hidden=\"true\" class=\"wp-block-spacer\"><\/div>\n\n\n\n<figure class=\"wp-block-table t1\"><table><tbody><tr><td>\n<p class=\"p4\"><span class=\"s1\"><b>Date de cr\u00e9ation de l\u2019entreprise <\/b><\/span><\/p>\n<\/td><td>\n<p class=\"p4\"><span class=\"s1\">1988<\/span><\/p>\n<\/td><\/tr><tr><td>\n<p class=\"p4\"><span class=\"s1\"><b>Secteur d\u2019intervention<\/b><\/span><\/p>\n<\/td><td>\n<p class=\"p3\"><span class=\"s1\">France<\/span><\/p>\n<\/td><\/tr><tr><td>\n<p class=\"p4\"><span class=\"s1\"><b>Style de construction<\/b><\/span><\/p>\n<\/td><td>\n<p class=\"p4\"><span class=\"s1\">Contemporaine<\/span><\/p>\n<\/td><\/tr><tr><td>\n<p class=\"p4\"><span class=\"s1\"><b>Prix de d\u00e9part<\/b><\/span><\/p>\n<\/td><td> <p class=\"p6\"><span class=\"s1\">T1 de 26 m<\/span><span class=\"s2\"><sup>2<\/sup><\/span><span class=\"s1\"> \u00e0 partir de 109 016 \u20ac \/ TVA 5,5 % (<a rel=\"noreferrer noopener\" aria-label=\"Un Jardin en Ville (opens in a new tab)\" href=\"https:\/\/www.pichet.fr\/programme-neuf\/appartement-neuf-villepinte-2223\" target=\"_blank\">Un Jardin en Ville<\/a>, Villepinte)<\/span><\/p> <\/td><\/tr><tr><td>\n<p class=\"p4\"><span class=\"s1\"><b>Adresse du si\u00e8ge social<\/b><\/span><\/p>\n<\/td><td>\n<p class=\"p3\"><span class=\"s1\">20 avenue de Canteranne 33600 Pessac&nbsp;<\/span><\/p>\n<\/td><\/tr><tr><td>\n<p class=\"p4\"><span class=\"s1\"><b>Site web<\/b><\/span><\/p>\n<\/td><td> <p class=\"p4\"><span class=\"s1\"><a href=\"https:\/\/www.pichet.fr\/\" target=\"_blank\" rel=\"noreferrer noopener\" aria-label=\" (opens in a new tab)\">https:\/\/www.pichet.fr\/<\/a><\/span><\/p> <\/td><\/tr><tr><td>\n<p class=\"p4\"><span class=\"s1\"><b>T\u00e9l\u00e9phone<\/b><\/span><\/p>\n<\/td><td>\n<p class=\"p4\"><span class=\"s1\">05&nbsp;56&nbsp;07&nbsp;47&nbsp;00 <\/span><\/p>\n<\/td><\/tr><\/tbody><\/table><\/figure>\n\n\n\n<div style=\"height:40px\" aria-hidden=\"true\" class=\"wp-block-spacer\"><\/div>\n\n\n\n<h2 class=\"p3 wp-block-heading\"><span class=\"s1\"><b>Pr\u00e9sentation du Groupe Pichet<\/b><\/span><\/h2>\n\n\n\n<div style=\"height:40px\" aria-hidden=\"true\" class=\"wp-block-spacer\"><\/div>\n\n\n\n<p class=\"has-medium-font-size\"><span class=\"s1\"><strong>Plus de 30 ans d\u2019exp\u00e9rience<\/strong><\/span><\/p>\n\n\n\n<p class=\"p10\"><span class=\"s1\">En 1988, Patrice Pichet r\u00e9alise sa premi\u00e8re op\u00e9ration immobili\u00e8re en achetant un terrain \u00e0 vendre \u00e0 Bordeaux et cr\u00e9e sa soci\u00e9t\u00e9&nbsp;: Eurobat. En 1990, il ouvre une agence au Cap Ferret. Benoit Pichet, son fr\u00e8re, le rejoint en 1996 pour l\u2019aider \u00e0 d\u00e9velopper l\u2019entreprise. <strong>Eurobat devient le Groupe Pichet en 2004<\/strong> et implante alors son si\u00e8ge social \u00e0 Pessac, commune limitrophe de Bordeaux. L\u2019organisation compte d\u00e9sormais <strong>1400 collaborateurs<\/strong>, con\u00e7oit des projets dans toute la France (et tout particuli\u00e8rement en \u00cele-de-France), affiche <strong>5173 r\u00e9servations<\/strong> et <strong>un capital social de 504&nbsp;M\u20ac.<\/strong><\/span><\/p>\n\n\n\n<p class=\"has-medium-font-size\"><span class=\"s1\"><strong>5 m\u00e9tiers pour une totale maitrise des projets immobiliers<\/strong><\/span><\/p>\n\n\n\n<p class=\"p10\"><span class=\"s1\">Le Groupe Pichet a 5 m\u00e9tiers&nbsp;: la promotion immobili\u00e8re, l\u2019administration de biens, l\u2019activit\u00e9 de fonci\u00e8re patrimoniale et l\u2019exploitation h\u00f4teli\u00e8re. Il est aussi propri\u00e9taire et exploitant d\u2019un domaine viticole depuis 2010&nbsp;: le Ch\u00e2teau Les Carmes Haut-Brion. <\/span><\/p>\n\n\n\n<p class=\"p10\"><span class=\"s1\">Ces nombreuses expertises lui permettent de <strong>maitriser toute la chaine immobili\u00e8re, de r\u00e9pondre aux diff\u00e9rents besoins de ses clients et de respecter ses engagements. <\/strong><\/span><\/p>\n\n\n\n<div class=\"wp-block-image\"><figure class=\"aligncenter size-large\"><img loading=\"lazy\" decoding=\"async\" width=\"1024\" height=\"606\" src=\"https:\/\/www.appartement-construction.com\/content\/wp-content\/uploads\/2020\/03\/pichet-appartement-neuf-1024x606.jpg\" alt=\"Pichet appartements neufs\" class=\"wp-image-6648\" srcset=\"https:\/\/www.appartement-construction.com\/content\/wp-content\/uploads\/2020\/03\/pichet-appartement-neuf-1024x606.jpg 1024w, https:\/\/www.appartement-construction.com\/content\/wp-content\/uploads\/2020\/03\/pichet-appartement-neuf-900x532.jpg 900w, https:\/\/www.appartement-construction.com\/content\/wp-content\/uploads\/2020\/03\/pichet-appartement-neuf-768x454.jpg 768w, https:\/\/www.appartement-construction.com\/content\/wp-content\/uploads\/2020\/03\/pichet-appartement-neuf-600x355.jpg 600w, https:\/\/www.appartement-construction.com\/content\/wp-content\/uploads\/2020\/03\/pichet-appartement-neuf-1536x908.jpg 1536w, https:\/\/www.appartement-construction.com\/content\/wp-content\/uploads\/2020\/03\/pichet-appartement-neuf-2048x1211.jpg 2048w\" sizes=\"auto, (max-width: 1024px) 100vw, 1024px\" \/><\/figure><\/div>\n\n\n\n<p class=\"has-medium-font-size\"><span class=\"s1\"><strong>Une approche \u00e9coresponsable de la construction<\/strong><\/span><\/p>\n\n\n\n<p class=\"p10\"><span class=\"s1\">L\u2019entreprise est engag\u00e9e en mati\u00e8re de protection de l\u2019environnement et ses fournisseurs et partenaires doivent l\u2019\u00eatre \u00e9galement. <strong>Elle suit et m\u00eame devance les normes environnementales et les r\u00e9glementations thermiques. <\/strong>Ainsi, ses constructions respectent la RT&nbsp;2012 depuis juillet 2013. Elle a sign\u00e9 par ailleurs <strong>une Charte de Chantiers Propres<\/strong> avec une partie de ses partenaires-am\u00e9nageurs. L\u2019objectif est de limiter les nuisances, les risques et les d\u00e9chets li\u00e9s aux chantiers concern\u00e9s. <\/span><\/p>\n\n\n\n<p class=\"p10\"><span class=\"s1\">Ses projets engag\u00e9s lui ont permis d\u2019obtenir <strong>de nombreuses r\u00e9compenses <\/strong>telles que le premier Prix National du D\u00e9veloppement Durable Palm&rsquo;Elec en 2007 ou plusieurs Prix Bas Carbone des Troph\u00e9es Habitat Bleu Ciel EDF.<\/span><\/p>\n\n\n\n<p class=\"has-medium-font-size\"><span class=\"s1\"><strong>Un bureau d\u2019\u00e9tude pour l\u2019innovation<\/strong><\/span><\/p>\n\n\n\n<p class=\"p10\"><span class=\"s1\">Ing\u00e9nierie de la construction, choix de mat\u00e9riaux d\u2019avenir, int\u00e9gration pouss\u00e9e des r\u00e9alisations \u00e0 leur environnement, concepts pour am\u00e9liorer le quotidien des salari\u00e9s, l\u2019entreprise Pichet dispose d\u2019un bureau d\u2019\u00e9tude qui regroupe une 20 aines de personnes. <strong>Elles travaillent en permanence \u00e0 l\u2019\u00e9laboration de solutions innovantes et toujours plus responsables<\/strong>. Le Groupe collabore avec de nombreuses start-up en ce sens. <\/span><\/p>\n\n\n\n<p class=\"p10\"><span class=\"s1\">On peut citer pour exemple l\u2019immeuble en bois \u00ab\u2009<a href=\"https:\/\/www.pichet.com\/Nos-realisations-emblematiques\/perspectives-bordeaux-euratlantique\" target=\"_blank\" rel=\"noreferrer noopener\" aria-label=\" (opens in a new tab)\"><span class=\"s3\">Perspective<\/span><\/a><\/span><span class=\"s3\">\u2009\u00bb<\/span><span class=\"s1\"> \u00e0 Bordeaux Euratlantique con\u00e7u par l\u2019architecte Nicolas Laisn\u00e9. Avec pr\u00e8s de 30 m\u00e8tres et \u00e9tages, il est le plus haut de France. Il affiche une structure 7 fois plus l\u00e9g\u00e8re qu\u2019en b\u00e9ton, mais 12 fois plus isolant\u2009! C\u2019et une vraie prouesse technique. Il faut noter qu\u2019\u00e0 cette occasion, le groupe a d\u00e9velopp\u00e9 une fili\u00e8re bois r\u00e9gionale. <\/span><\/p>\n\n\n\n<p class=\"has-medium-font-size\"><span class=\"s1\"><strong>Des projets adapt\u00e9s aux sp\u00e9cificit\u00e9s des territoires<\/strong><\/span><\/p>\n\n\n\n<p class=\"p10\"><span class=\"s1\">Pichet est un acteur immobilier de proximit\u00e9. <strong>Il dispose d\u2019un maillage fin du territoire fran\u00e7ais<\/strong> gr\u00e2ce \u00e0 9 directions g\u00e9n\u00e9rales (Paris, Bordeaux, Bayonne, Lille, Nantes, Lyon, Marseille, Toulouse) et tout un r\u00e9seau national d\u2019agences avec 78 points de vente. Par ailleurs, <strong>le contenu de ses projets r\u00e9pond aux sp\u00e9cificit\u00e9s de chaque collectivit\u00e9 et aux besoins des acteurs locaux.<\/strong> En effet, il veille \u00e0 concevoir des programmes qui font vivre les villes notamment gr\u00e2ce \u00e0 l\u2019installation de commerces. En ce sens, il privil\u00e9gie \u00e9galement les appels d\u2019offres pr\u00e9sentant des op\u00e9rations de promotions immobili\u00e8res mixtes. <br><strong>Son activit\u00e9 de syndicat de copropri\u00e9t\u00e9<\/strong> l\u2019am\u00e8ne aussi \u00e0 travailler au plus proche des territoires.<\/span><\/p>\n\n\n\n<p class=\"has-medium-font-size\"><span class=\"s1\"><strong>Un groupe impliqu\u00e9 et engag\u00e9<\/strong><\/span><\/p>\n\n\n\n<p class=\"p10\"><span class=\"s1\">Le Groupe Pichet s\u2019investit et s\u2019implique dans la vie du tissu associatif, sportif et culturel des territoires qu\u2019il couvre. Sponsoring, m\u00e9c\u00e9nat, la fondation d\u2019entreprise Pichet est par exemple le partenaire historique des Restos du C\u0153ur. Elle met \u00e0 disposition de leurs b\u00e9n\u00e9voles des locaux sur le bassin d\u2019Arcachon. Il en est de m\u00eame pour l\u2019association Neuf de Coeur. <\/span><\/p>\n\n\n\n<h2 class=\"p3 wp-block-heading\"><span class=\"s1\"><b>Zoom sur deux programmes en cours du Groupe Pichet<\/b><\/span><\/h2>\n\n\n\n<div style=\"height:40px\" aria-hidden=\"true\" class=\"wp-block-spacer\"><\/div>\n\n\n\n<p class=\"has-medium-font-size\"><span class=\"s1\"><strong>Dock Freycinet, Dunkerque (59)<\/strong><\/span><\/p>\n\n\n\n<div style=\"height:40px\" aria-hidden=\"true\" class=\"wp-block-spacer\"><\/div>\n\n\n\n<div class=\"wp-block-image\"><figure class=\"aligncenter size-large\"><img loading=\"lazy\" decoding=\"async\" width=\"567\" height=\"334\" src=\"https:\/\/www.appartement-construction.com\/content\/wp-content\/uploads\/2020\/03\/Pichet-plan-dunkerque.jpg\" alt=\"Pichet appartements neufs Dunkerque Freycinet\" class=\"wp-image-6646\" \/><figcaption>source : Google Maps<\/figcaption><\/figure><\/div>\n\n\n\n<p><span class=\"s1\"><strong>Le quartier de la Citadelle<\/strong><\/span><\/p>\n\n\n\n<p class=\"p10\"><span class=\"s1\">Il est situ\u00e9 en face du centre-ville autour des bassins portuaires. Accueillant le mus\u00e9e portuaire, et de nombreux commerces et restaurants, le secteur a \u00e9t\u00e9 compl\u00e8tement transform\u00e9 et l\u2019ambiance y est typique et conviviale.<\/span><\/p>\n\n\n\n<p><span class=\"s1\"><strong>La r\u00e9sidence <\/strong><\/span><\/p>\n\n\n\n<p class=\"p13\"><span class=\"s1\">Construite avenue de l\u2019universit\u00e9 en face de la future place de l\u2019Yser, <a href=\"https:\/\/www.pichet.fr\/programme-neuf\/appartement-neuf-dunkerque\" target=\"_blank\" rel=\"noreferrer noopener\" aria-label=\" (opens in a new tab)\"><span class=\"s3\">la r\u00e9sidence Dock Freycinet<\/span><\/a> s\u2019int\u00e8gre dans le projet d\u2019am\u00e9nagement de l\u2019espace Freycinet. Ce quartier mixe des bureaux, des commerces, des logements et une r\u00e9sidence h\u00f4teli\u00e8re, le tout initi\u00e9 par le groupe Pichet en 2011. Il s\u2019agit d\u2019un des secteurs les plus attractifs de Dunkerque. La r\u00e9sidence mixte Dock Freycinet se compose d\u2019<strong>appartements du studio au 4 pi\u00e8ces<\/strong>. Son architecture, con\u00e7ue par Jean-Fran\u00e7ois Le Gal pour Advento, est contemporaine, simple et monolithique. <strong>Couleurs, formes et mat\u00e9riaux, elle s\u2019harmonise avec les r\u00e9alisations pr\u00e9c\u00e9dentes construites sur le quai Freycinet.<\/strong><\/span><\/p>\n\n\n\n<p><span class=\"s1\"><strong>Les prestations<\/strong><\/span><\/p>\n\n\n\n<p class=\"p9\"><span class=\"s1\">Tous les appartements b\u00e9n\u00e9ficient d\u2019espaces ext\u00e9rieurs. Un magnifique panorama s\u2019y offre&nbsp;: la vue sur la ville et sur le canal de Bourbourg. Par ailleurs, les finitions sont totalement personnalisables&nbsp;: rev\u00eatements, peintures, etc. Les futurs propri\u00e9taires peuvent choisir parmi une large s\u00e9lection de mat\u00e9riaux de qualit\u00e9&nbsp;: Porcelanosa, Teissa, AC Bois, Id\u00e9al Standard et Grohe. <\/span><\/p>\n\n\n\n<p class=\"p9\"><strong><span class=\"s1\">Un T1 de 34 m<\/span><span class=\"s4\"><sup>2<\/sup><\/span><span class=\"s1\"> est \u00e0 113\u2009000&nbsp;\u20ac. Un T4 de 84,50&nbsp;m<\/span><span class=\"s4\"><sup>2<\/sup><\/span><\/strong><span class=\"s1\"><strong> est \u00e0 partir de 303\u2009000&nbsp;\u20ac.<\/strong> La livraison est pr\u00e9vue au 1er trimestre&nbsp;2022.<\/span><\/p>\n\n\n\n<figure class=\"wp-block-gallery aligncenter columns-3 is-cropped wp-block-gallery-1 is-layout-flex wp-block-gallery-is-layout-flex\"><ul class=\"blocks-gallery-grid\"><li class=\"blocks-gallery-item\"><figure><img loading=\"lazy\" decoding=\"async\" width=\"567\" height=\"609\" src=\"https:\/\/www.appartement-construction.com\/content\/wp-content\/uploads\/2020\/03\/Pichet-freycinet-3.jpg\" alt=\"\" data-id=\"6642\" data-link=\"https:\/\/www.appartement-construction.com\/content\/?attachment_id=6642\" class=\"wp-image-6642\" \/><\/figure><\/li><li class=\"blocks-gallery-item\"><figure><img loading=\"lazy\" decoding=\"async\" width=\"567\" height=\"266\" src=\"https:\/\/www.appartement-construction.com\/content\/wp-content\/uploads\/2020\/03\/Pichet-Espace-Freycinet-Dunkerque.jpg\" alt=\"\" data-id=\"6644\" data-link=\"https:\/\/www.appartement-construction.com\/content\/?attachment_id=6644\" class=\"wp-image-6644\" \/><\/figure><\/li><li class=\"blocks-gallery-item\"><figure><img loading=\"lazy\" decoding=\"async\" width=\"567\" height=\"319\" src=\"https:\/\/www.appartement-construction.com\/content\/wp-content\/uploads\/2020\/03\/Pichet-freycinet-2.jpg\" alt=\"\" data-id=\"6645\" data-full-url=\"https:\/\/www.appartement-construction.com\/content\/wp-content\/uploads\/2020\/03\/Pichet-freycinet-2.jpg\" data-link=\"https:\/\/www.appartement-construction.com\/content\/?attachment_id=6645\" class=\"wp-image-6645\" \/><\/figure><\/li><\/ul><\/figure>\n\n\n\n<figure class=\"wp-block-embed-youtube wp-block-embed is-type-video is-provider-youtube wp-embed-aspect-16-9 wp-has-aspect-ratio\"><div class=\"wp-block-embed__wrapper\">\n<iframe loading=\"lazy\" title=\"Groupe Pichet - Dock Freycinet - Dunkerque\" width=\"500\" height=\"281\" src=\"https:\/\/www.youtube.com\/embed\/ytVnAz-UI3M?feature=oembed\" frameborder=\"0\" allow=\"accelerometer; autoplay; clipboard-write; encrypted-media; gyroscope; picture-in-picture; web-share\" referrerpolicy=\"strict-origin-when-cross-origin\" allowfullscreen><\/iframe>\n<\/div><\/figure>\n\n\n\n<p class=\"has-medium-font-size\"><span class=\"s1\"><strong>Les patios d\u2019Asni\u00e8res, Asni\u00e8res-sur-Seine (92)<\/strong><\/span><\/p>\n\n\n\n<div style=\"height:40px\" aria-hidden=\"true\" class=\"wp-block-spacer\"><\/div>\n\n\n\n<div class=\"wp-block-image\"><figure class=\"aligncenter size-large\"><img loading=\"lazy\" decoding=\"async\" width=\"567\" height=\"300\" src=\"https:\/\/www.appartement-construction.com\/content\/wp-content\/uploads\/2020\/03\/Pichet-plan-asnie\u0300re.jpg\" alt=\"Pichet appartements neufs Asni\u00e8res-sur-Seine\" class=\"wp-image-6641\" \/><figcaption>source : Google Maps<\/figcaption><\/figure><\/div>\n\n\n\n<p><span style=\"font-size: inherit\"><strong>La ville<\/strong><\/span><\/p>\n\n\n\n<p class=\"p18\"><span class=\"s1\">Asni\u00e8res-sur-Seine, commune de 86\u2009000 habitants, est limitrophe de Paris au nord via la Porte de Clichy. R\u00e9sidentielle, dynamique, proche des principaux bassins d\u2019emplois de la r\u00e9gion \u00cele-de-France (La D\u00e9fense, port de Gennevilliers, etc.), elle est aussi tr\u00e8s bien desservie par les transports en commun. De plus, le projet du Grand Paris va lui permettre d\u2019\u00eatre reli\u00e9e \u00e0 la ligne&nbsp;15 du m\u00e9tro. Par ailleurs, elle dispose de beaux espaces verts (jardins, squares, parc Robinson, etc.) et d\u2019un beau patrimoine architectural. <\/span><\/p>\n\n\n\n<p><span class=\"s1\"><strong>La r\u00e9sidence<\/strong><\/span><\/p>\n\n\n\n<p class=\"p9\"><span class=\"s1\">Au 16 rue Louise, <a href=\"https:\/\/www.pichet.fr\/programme-neuf\/appartement-neuf-asnieres-sur-seine-gabriel-peri\" target=\"_blank\" rel=\"noreferrer noopener\" aria-label=\" (opens in a new tab)\"><span class=\"s3\">la r\u00e9sidence neuve Le Patio d\u2019Asni\u00e8res <\/span><\/a>est situ\u00e9e dans le quartier Gr\u00e9sillons-Voltaire qui est sur la ligne&nbsp;13 du m\u00e9tro (station Gabriel P\u00e9ri). Le secteur est commer\u00e7ant et dispose de toutes les commodit\u00e9s et infrastructures n\u00e9cessaires. <\/span><br><span class=\"s1\">B\u00e9ton poli, teintes kaki et blanches, <strong>l\u2019architecture \u00e9l\u00e9gante en gradins s\u2019int\u00e8gre parfaitement \u00e0 son environnement<\/strong>. Au rez-de-chauss\u00e9e de la r\u00e9sidence, <strong>des commerces sont pr\u00e9vus<\/strong>. Le tout a \u00e9t\u00e9 pens\u00e9 par St\u00e9phane Bauche pour l\u2019Atelier Senzu. Le programme propose des logements du studio au 5 pi\u00e8ces. <\/span><\/p>\n\n\n\n<p><span class=\"s1\"><strong>Les prestations<\/strong><\/span><\/p>\n\n\n\n<p class=\"p9\"><span class=\"s6\">La forme en gradins de la construction permet d\u2019y am\u00e9nager <\/span><span class=\"s1\">de vastes espaces ext\u00e9rieurs pour chaque appartement. Propices \u00e0 la convivialit\u00e9, mais pr\u00e9servant l\u2019intimit\u00e9 de ses occupants, les balcons et terrasses font entrer beaucoup de lumi\u00e8re naturelle dans les logements. Dans ce programme \u00e9galement, les finitions sont largement personnalisables.<\/span><\/p>\n\n\n\n<p class=\"p9\"><strong><span class=\"s1\">Un T1 de 25,5&nbsp;m<\/span><span class=\"s4\"><sup>2<\/sup><\/span><span class=\"s1\"> en rez-de-chauss\u00e9e est \u00e0 161\u2009767&nbsp;\u20ac. Un T4 de 79&nbsp;m<\/span><span class=\"s4\"><sup>2<\/sup><\/span><\/strong><span class=\"s1\"><strong> en rez-de-chauss\u00e9e est \u00e0 420\u2009242&nbsp;\u20ac.<\/strong> La livraison est pr\u00e9vue \u00e0 partir du 4e trimestre&nbsp;2022.&nbsp;<\/span><\/p>\n\n\n\n<figure class=\"wp-block-gallery aligncenter columns-2 is-cropped wp-block-gallery-2 is-layout-flex wp-block-gallery-is-layout-flex\"><ul class=\"blocks-gallery-grid\"><li class=\"blocks-gallery-item\"><figure><img loading=\"lazy\" decoding=\"async\" width=\"567\" height=\"377\" src=\"https:\/\/www.appartement-construction.com\/content\/wp-content\/uploads\/2020\/03\/Pichet-les-patios-d-asnieres-sur-seine2jpg.jpg\" alt=\"\" data-id=\"6638\" data-link=\"https:\/\/www.appartement-construction.com\/content\/?attachment_id=6638\" class=\"wp-image-6638\" \/><\/figure><\/li><li class=\"blocks-gallery-item\"><figure><img loading=\"lazy\" decoding=\"async\" width=\"567\" height=\"439\" src=\"https:\/\/www.appartement-construction.com\/content\/wp-content\/uploads\/2020\/03\/Pichet-patios-dasnie\u0300res.jpg\" alt=\"\" data-id=\"6640\" data-full-url=\"https:\/\/www.appartement-construction.com\/content\/wp-content\/uploads\/2020\/03\/Pichet-patios-dasnie\u0300res.jpg\" data-link=\"https:\/\/www.appartement-construction.com\/content\/?attachment_id=6640\" class=\"wp-image-6640\" \/><\/figure><\/li><\/ul><\/figure>\n\n\n\n<h2 class=\"p3 wp-block-heading\"><span class=\"s1\"><b>Derniers programmes livr\u00e9s par le Groupe Pichet<\/b><\/span><\/h2>\n\n\n\n<div style=\"height:40px\" aria-hidden=\"true\" class=\"wp-block-spacer\"><\/div>\n\n\n\n<p class=\"has-medium-font-size\"><span class=\"s1\"><strong>R\u00e9siden\u2019Ciel, Bordeaux (33)<\/strong><\/span><\/p>\n\n\n\n<div style=\"height:40px\" aria-hidden=\"true\" class=\"wp-block-spacer\"><\/div>\n\n\n\n<div class=\"wp-block-image\"><figure class=\"aligncenter size-large\"><img loading=\"lazy\" decoding=\"async\" width=\"567\" height=\"239\" src=\"https:\/\/www.appartement-construction.com\/content\/wp-content\/uploads\/2020\/03\/Pichet-bordeaux.png\" alt=\"Pichet appartements neufs Bordeaux\" class=\"wp-image-6637\" \/><figcaption>source : Google Maps<\/figcaption><\/figure><\/div>\n\n\n\n<p><span class=\"s1\"><strong>Le quartier Bordeaux-Atlantique<\/strong><\/span><\/p>\n\n\n\n<p class=\"p10\"><span class=\"s1\">Bordeaux-Atlantique est une vaste op\u00e9ration d\u2019am\u00e9nagement mixte qui s\u2019\u00e9tend sur 738 hectares. Elle a pour objectif de r\u00e9pondre \u00e0 une demande de pr\u00e8s de 50\u2009000 logements d\u2019ici 2030 et de localiser pas moins de 30\u2009000 emplois. Un nouveau centre d\u2019affaires \u00e0 vocation internationale y voit le jour. Plus de 50 ha d\u2019espaces verts y seront r\u00e9alis\u00e9s.<\/span><\/p>\n\n\n\n<p><span class=\"s1\"><strong>La r\u00e9sidence <\/strong><\/span><\/p>\n\n\n\n<p class=\"p10\"><span class=\"s1\">Quai de Brienne, dans le quartier Saint-Jean Belcier,<a href=\"https:\/\/www.pichet.com\/Nos-realisations-emblematiques\/perspectives-bordeaux-euratlantique\" target=\"_blank\" rel=\"noreferrer noopener\" aria-label=\" (opens in a new tab)\"><span class=\"s3\"> R\u00e9siden\u2019Ciel<\/span><\/a>, programme immobilier r\u00e9sidentiel fait partie d\u2019un projet plus vaste qui inclut \u00ab\u2009Perspective\u2009\u00bb, un immeuble de bureaux \u00e0 ossature bois. L\u2019ensemble s\u2019installe au pied du pont Jean-Jacques Bosc sur les bords de la Garonne et \u00e0 deux pas de la gare. La r\u00e9sidence, proposant <strong>80 logements du T1 au T5 et dont le toit est con\u00e7u en belv\u00e9d\u00e8re,<\/strong> offre \u00e0 ses habitants une vue panoramique. Balcons et terrasses permettent d\u2019en profiter \u00e0 l\u2019envi. Les fa\u00e7ades contemporaines sont compos\u00e9es de structures m\u00e9talliques et de bardages en bois. Elles sont rythm\u00e9es par les balcons et les brise-soleil. <br>L\u2019environnement est tr\u00e8s vert et offre une vraie bulle de s\u00e9r\u00e9nit\u00e9.<\/span><\/p>\n\n\n\n<p class=\"p1\"><span class=\"s1\">Le programme a \u00e9t\u00e9 livr\u00e9 au 4e trimestre&nbsp;2017.<\/span><\/p>\n\n\n\n<figure class=\"wp-block-gallery aligncenter columns-2 is-cropped wp-block-gallery-3 is-layout-flex wp-block-gallery-is-layout-flex\"><ul class=\"blocks-gallery-grid\"><li class=\"blocks-gallery-item\"><figure><img loading=\"lazy\" decoding=\"async\" width=\"567\" height=\"386\" src=\"https:\/\/www.appartement-construction.com\/content\/wp-content\/uploads\/2020\/03\/Pichet-re\u0301sidenciel2.jpg\" alt=\"\" data-id=\"6635\" data-full-url=\"https:\/\/www.appartement-construction.com\/content\/wp-content\/uploads\/2020\/03\/Pichet-re\u0301sidenciel2.jpg\" data-link=\"https:\/\/www.appartement-construction.com\/content\/?attachment_id=6635\" class=\"wp-image-6635\" \/><\/figure><\/li><li class=\"blocks-gallery-item\"><figure><img loading=\"lazy\" decoding=\"async\" width=\"567\" height=\"355\" src=\"https:\/\/www.appartement-construction.com\/content\/wp-content\/uploads\/2020\/03\/Pichet-residenciel-Bordeaux.jpg\" alt=\"\" data-id=\"6636\" data-full-url=\"https:\/\/www.appartement-construction.com\/content\/wp-content\/uploads\/2020\/03\/Pichet-residenciel-Bordeaux.jpg\" data-link=\"https:\/\/www.appartement-construction.com\/content\/?attachment_id=6636\" class=\"wp-image-6636\" \/><\/figure><\/li><\/ul><\/figure>\n\n\n\n<p class=\"has-medium-font-size\"><span class=\"s1\"><strong>Baiona Bihotza, Bayonne (64)<\/strong><\/span><\/p>\n\n\n\n<div style=\"height:40px\" aria-hidden=\"true\" class=\"wp-block-spacer\"><\/div>\n\n\n\n<div class=\"wp-block-image\"><figure class=\"aligncenter size-large\"><img loading=\"lazy\" decoding=\"async\" width=\"567\" height=\"258\" src=\"https:\/\/www.appartement-construction.com\/content\/wp-content\/uploads\/2020\/03\/Pichet-plan-bayonne.jpg\" alt=\"Pichet r\u00e9sidence neuve Bayonne\" class=\"wp-image-6649\" \/><figcaption>source : Google Maps<\/figcaption><\/figure><\/div>\n\n\n\n<p><span class=\"s1\"><strong>Le quartier<\/strong><\/span><\/p>\n\n\n\n<p class=\"p9\"><span class=\"s1\">La r\u00e9sidence est construite dans le quartier des Ar\u00e8nes, \u00e0 5 minutes \u00e0 pieds du centre-ville de Bayonne. Jardin botanique, march\u00e9 gastronomique des Halles, berges de l\u2019Adour, commerces, \u00e9coles, le secteur est proche de tout et b\u00e9n\u00e9ficie d\u2019un r\u00e9seau de transport en commun riche. Il propose un cadre de vie tr\u00e8s agr\u00e9able. <\/span><\/p>\n\n\n\n<p><span class=\"s1\"><strong>La r\u00e9sidence <\/strong><\/span><\/p>\n\n\n\n<p class=\"p1\"><span class=\"s1\">All\u00e9es Paulmy, la r\u00e9sidence Baoina Bihotza se compose d\u2019appartements de standing du 2 au 5 pi\u00e8ces. La construction contemporaine de J.F. Le Gal (Cabinet Advento) s\u2019inspire de l\u2019architecture locale traditionnelle. Elle offre des fa\u00e7ades aux couleurs claires qui deviennent plus soutenues vers l\u2019attique. Le soubassement est en pierre. L\u2019ensemble se niche dans un environnement verdoyant. Les volumes int\u00e9rieurs des appartements sont g\u00e9n\u00e9reux et ceux-ci disposent tous d\u2019un espace ext\u00e9rieur. Parquets, carrelages, les mat\u00e9riaux utilis\u00e9s sont de qualit\u00e9 et personnalisables. <\/span><\/p>\n\n\n\n<p class=\"p1\"><span class=\"s1\">Le programme a \u00e9t\u00e9 livr\u00e9 au 4e trimestre&nbsp;2019.<\/span><\/p>\n\n\n\n<figure class=\"wp-block-gallery aligncenter columns-2 is-cropped wp-block-gallery-4 is-layout-flex wp-block-gallery-is-layout-flex\"><ul class=\"blocks-gallery-grid\"><li class=\"blocks-gallery-item\"><figure><img loading=\"lazy\" decoding=\"async\" width=\"567\" height=\"331\" src=\"https:\/\/www.appartement-construction.com\/content\/wp-content\/uploads\/2020\/03\/Pichet-baiona2.jpg\" alt=\"\" data-id=\"6633\" data-link=\"https:\/\/www.appartement-construction.com\/content\/?attachment_id=6633\" class=\"wp-image-6633\" \/><\/figure><\/li><li class=\"blocks-gallery-item\"><figure><img loading=\"lazy\" decoding=\"async\" width=\"567\" height=\"271\" src=\"https:\/\/www.appartement-construction.com\/content\/wp-content\/uploads\/2020\/03\/Pichet-biaona-Bayonne.jpg\" alt=\"\" data-id=\"6634\" data-full-url=\"https:\/\/www.appartement-construction.com\/content\/wp-content\/uploads\/2020\/03\/Pichet-biaona-Bayonne.jpg\" data-link=\"https:\/\/www.appartement-construction.com\/content\/?attachment_id=6634\" class=\"wp-image-6634\" \/><\/figure><\/li><\/ul><\/figure>\n\n\n\n<h2 class=\"p3 wp-block-heading\"><span class=\"s1\"><b>Les agences et espaces de vente du promoteur Pichet <\/b><\/span><\/h2>\n\n\n\n<p class=\"p1\"><span class=\"s1\">En plus des 9 directions r\u00e9gionales, le groupe dispose d\u2019agences dans toute la France. Pour le programme Dock Freycinet \u00e0 Dunkerque ou celui situ\u00e9 \u00e0 Asni\u00e8res-sur-Seine, vous pouvez contacter un num\u00e9ro client unique&nbsp;: <strong>0 806\u2009806\u2009400<\/strong>. Il est disponible du lundi au vendredi de 9h00 \u00e0 19h00.<\/span><\/p>\n\n\n\n<p class=\"p1\"><em><span class=\"s1\">Pour une habitation principale ou de l\u2019investissement locatif, les <strong>appartements neufs r\u00e9alis\u00e9s par le groupe Pichet sont une valeur sure<\/strong>. Les r\u00e9sidences sont construites \u00e0 de belles adresses et les constructions sont soign\u00e9es. Proches des centres-ville ou dans des secteurs en plein d\u00e9veloppement et plein d\u2019avenir, vous ne pouvez pas vous tromper.<strong> <\/strong><\/span><\/em><\/p>\n","protected":false},"excerpt":{"rendered":"<p>Dans toute la France, Groupe Pichet r\u00e9alise des programmes immobiliers neufs qui sont de vrais outils de d\u00e9veloppement des territoires. Les r\u00e9sidences r\u00e9pondent aux besoins de ses occupants, mais aussi de l\u2019ensemble des acteurs locaux. Engag\u00e9s, \u00e9coresponsables, innovants, les projets sont de qualit\u00e9 et participent \u00e0 la cr\u00e9ation de la ville de demain. En voici [&hellip;]<\/p>\n","protected":false},"author":12,"featured_media":6632,"comment_status":"open","ping_status":"open","sticky":false,"template":"","format":"standard","meta":{"footnotes":""},"categories":[5],"tags":[],"class_list":["post-6622","post","type-post","status-publish","format-standard","has-post-thumbnail","hentry","category-promoteurs"],"yoast_head":"<!-- This site is optimized with the Yoast SEO plugin v25.1 - https:\/\/yoast.com\/wordpress\/plugins\/seo\/ -->\n<title>Groupe PICHET : Pr\u00e9sentat\u00b0, Programmes Neufs, Agences et Infos Cl\u00e9s !<\/title>\n<meta name=\"description\" content=\"Dans toute la France, le Groupe Pichet r\u00e9alise des programmes neufs de qualit\u00e9. Ils sont vecteurs d&#039;attractivit\u00e9 pour les villes d&#039;aujourd&#039;hui et de demain.\" \/>\n<meta name=\"robots\" content=\"index, follow, max-snippet:-1, max-image-preview:large, max-video-preview:-1\" \/>\n<link rel=\"canonical\" href=\"https:\/\/www.appartement-construction.com\/content\/promoteurs\/groupe-pichet\" \/>\n<meta property=\"og:locale\" content=\"fr_FR\" \/>\n<meta property=\"og:type\" content=\"article\" \/>\n<meta property=\"og:title\" content=\"Groupe PICHET : Pr\u00e9sentat\u00b0, Programmes Neufs, Agences et Infos Cl\u00e9s !\" \/>\n<meta property=\"og:description\" content=\"Dans toute la France, le Groupe Pichet r\u00e9alise des programmes neufs de qualit\u00e9. Ils sont vecteurs d&#039;attractivit\u00e9 pour les villes d&#039;aujourd&#039;hui et de demain.\" \/>\n<meta property=\"og:url\" content=\"https:\/\/www.appartement-construction.com\/content\/promoteurs\/groupe-pichet\" \/>\n<meta property=\"og:site_name\" content=\"Acheter un appartement neuf\" \/>\n<meta property=\"article:publisher\" content=\"https:\/\/www.facebook.com\/AppartementConstructioncom\/\" \/>\n<meta property=\"article:published_time\" content=\"2020-04-20T12:26:00+00:00\" \/>\n<meta property=\"article:modified_time\" content=\"2020-07-21T14:44:17+00:00\" \/>\n<meta property=\"og:image\" content=\"https:\/\/www.appartement-construction.com\/content\/wp-content\/uploads\/2020\/03\/Pichet-Freycinet-home.jpg\" \/>\n\t<meta property=\"og:image:width\" content=\"1134\" \/>\n\t<meta property=\"og:image:height\" content=\"354\" \/>\n\t<meta property=\"og:image:type\" content=\"image\/jpeg\" \/>\n<meta name=\"author\" content=\"Laurence\" \/>\n<meta name=\"twitter:label1\" content=\"\u00c9crit par\" \/>\n\t<meta name=\"twitter:data1\" content=\"Laurence\" \/>\n\t<meta name=\"twitter:label2\" content=\"Dur\u00e9e de lecture estim\u00e9e\" \/>\n\t<meta name=\"twitter:data2\" content=\"9 minutes\" \/>\n<script type=\"application\/ld+json\" class=\"yoast-schema-graph\">{\"@context\":\"https:\/\/schema.org\",\"@graph\":[{\"@type\":\"Article\",\"@id\":\"https:\/\/www.appartement-construction.com\/content\/promoteurs\/groupe-pichet#article\",\"isPartOf\":{\"@id\":\"https:\/\/www.appartement-construction.com\/content\/promoteurs\/groupe-pichet\"},\"author\":{\"name\":\"Laurence\",\"@id\":\"https:\/\/www.appartement-construction.com\/content\/#\/schema\/person\/06fddd1d3f937d2fd54200b32e3dee41\"},\"headline\":\"Le Groupe Pichet, des programmes qui font vivre les villes\",\"datePublished\":\"2020-04-20T12:26:00+00:00\",\"dateModified\":\"2020-07-21T14:44:17+00:00\",\"mainEntityOfPage\":{\"@id\":\"https:\/\/www.appartement-construction.com\/content\/promoteurs\/groupe-pichet\"},\"wordCount\":1877,\"commentCount\":0,\"publisher\":{\"@id\":\"https:\/\/www.appartement-construction.com\/content\/#organization\"},\"image\":{\"@id\":\"https:\/\/www.appartement-construction.com\/content\/promoteurs\/groupe-pichet#primaryimage\"},\"thumbnailUrl\":\"https:\/\/www.appartement-construction.com\/content\/wp-content\/uploads\/2020\/03\/Pichet-Freycinet-home.jpg\",\"articleSection\":[\"Les promoteurs\"],\"inLanguage\":\"fr-FR\",\"potentialAction\":[{\"@type\":\"CommentAction\",\"name\":\"Comment\",\"target\":[\"https:\/\/www.appartement-construction.com\/content\/promoteurs\/groupe-pichet#respond\"]}]},{\"@type\":\"WebPage\",\"@id\":\"https:\/\/www.appartement-construction.com\/content\/promoteurs\/groupe-pichet\",\"url\":\"https:\/\/www.appartement-construction.com\/content\/promoteurs\/groupe-pichet\",\"name\":\"Groupe PICHET : Pr\u00e9sentat\u00b0, Programmes Neufs, Agences et Infos Cl\u00e9s !\",\"isPartOf\":{\"@id\":\"https:\/\/www.appartement-construction.com\/content\/#website\"},\"primaryImageOfPage\":{\"@id\":\"https:\/\/www.appartement-construction.com\/content\/promoteurs\/groupe-pichet#primaryimage\"},\"image\":{\"@id\":\"https:\/\/www.appartement-construction.com\/content\/promoteurs\/groupe-pichet#primaryimage\"},\"thumbnailUrl\":\"https:\/\/www.appartement-construction.com\/content\/wp-content\/uploads\/2020\/03\/Pichet-Freycinet-home.jpg\",\"datePublished\":\"2020-04-20T12:26:00+00:00\",\"dateModified\":\"2020-07-21T14:44:17+00:00\",\"description\":\"Dans toute la France, le Groupe Pichet r\u00e9alise des programmes neufs de qualit\u00e9. Ils sont vecteurs d'attractivit\u00e9 pour les villes d'aujourd'hui et de demain.\",\"breadcrumb\":{\"@id\":\"https:\/\/www.appartement-construction.com\/content\/promoteurs\/groupe-pichet#breadcrumb\"},\"inLanguage\":\"fr-FR\",\"potentialAction\":[{\"@type\":\"ReadAction\",\"target\":[\"https:\/\/www.appartement-construction.com\/content\/promoteurs\/groupe-pichet\"]}]},{\"@type\":\"ImageObject\",\"inLanguage\":\"fr-FR\",\"@id\":\"https:\/\/www.appartement-construction.com\/content\/promoteurs\/groupe-pichet#primaryimage\",\"url\":\"https:\/\/www.appartement-construction.com\/content\/wp-content\/uploads\/2020\/03\/Pichet-Freycinet-home.jpg\",\"contentUrl\":\"https:\/\/www.appartement-construction.com\/content\/wp-content\/uploads\/2020\/03\/Pichet-Freycinet-home.jpg\",\"width\":1134,\"height\":354,\"caption\":\"Pichet espace Freycinet Bordeaux appartements neufs\"},{\"@type\":\"WebSite\",\"@id\":\"https:\/\/www.appartement-construction.com\/content\/#website\",\"url\":\"https:\/\/www.appartement-construction.com\/content\/\",\"name\":\"Acheter un appartement neuf\",\"description\":\"Trouver votre Promoteur et Appartement Neuf en Ligne !\",\"publisher\":{\"@id\":\"https:\/\/www.appartement-construction.com\/content\/#organization\"},\"potentialAction\":[{\"@type\":\"SearchAction\",\"target\":{\"@type\":\"EntryPoint\",\"urlTemplate\":\"https:\/\/www.appartement-construction.com\/content\/?s={search_term_string}\"},\"query-input\":{\"@type\":\"PropertyValueSpecification\",\"valueRequired\":true,\"valueName\":\"search_term_string\"}}],\"inLanguage\":\"fr-FR\"},{\"@type\":\"Organization\",\"@id\":\"https:\/\/www.appartement-construction.com\/content\/#organization\",\"name\":\"Appartement-Construction.com\",\"url\":\"https:\/\/www.appartement-construction.com\/content\/\",\"logo\":{\"@type\":\"ImageObject\",\"inLanguage\":\"fr-FR\",\"@id\":\"https:\/\/www.appartement-construction.com\/content\/#\/schema\/logo\/image\/\",\"url\":\"https:\/\/www.appartement-construction.com\/content\/wp-content\/uploads\/2018\/07\/logo-AC.jpg\",\"contentUrl\":\"https:\/\/www.appartement-construction.com\/content\/wp-content\/uploads\/2018\/07\/logo-AC.jpg\",\"width\":794,\"height\":491,\"caption\":\"Appartement-Construction.com\"},\"image\":{\"@id\":\"https:\/\/www.appartement-construction.com\/content\/#\/schema\/logo\/image\/\"},\"sameAs\":[\"https:\/\/www.facebook.com\/AppartementConstructioncom\/\"]},{\"@type\":\"Person\",\"@id\":\"https:\/\/www.appartement-construction.com\/content\/#\/schema\/person\/06fddd1d3f937d2fd54200b32e3dee41\",\"name\":\"Laurence\",\"image\":{\"@type\":\"ImageObject\",\"inLanguage\":\"fr-FR\",\"@id\":\"https:\/\/www.appartement-construction.com\/content\/#\/schema\/person\/image\/\",\"url\":\"https:\/\/secure.gravatar.com\/avatar\/a3d78ca6bbeca68c34b2ca0bfda3ab3e0a6d919e37a32ff151594431fef523af?s=96&d=mm&r=g\",\"contentUrl\":\"https:\/\/secure.gravatar.com\/avatar\/a3d78ca6bbeca68c34b2ca0bfda3ab3e0a6d919e37a32ff151594431fef523af?s=96&d=mm&r=g\",\"caption\":\"Laurence\"},\"url\":\"https:\/\/www.appartement-construction.com\/content\/author\/laurence\"}]}<\/script>\n<!-- \/ Yoast SEO plugin. -->","yoast_head_json":{"title":"Groupe PICHET : Pr\u00e9sentat\u00b0, Programmes Neufs, Agences et Infos Cl\u00e9s !","description":"Dans toute la France, le Groupe Pichet r\u00e9alise des programmes neufs de qualit\u00e9. Ils sont vecteurs d'attractivit\u00e9 pour les villes d'aujourd'hui et de demain.","robots":{"index":"index","follow":"follow","max-snippet":"max-snippet:-1","max-image-preview":"max-image-preview:large","max-video-preview":"max-video-preview:-1"},"canonical":"https:\/\/www.appartement-construction.com\/content\/promoteurs\/groupe-pichet","og_locale":"fr_FR","og_type":"article","og_title":"Groupe PICHET : Pr\u00e9sentat\u00b0, Programmes Neufs, Agences et Infos Cl\u00e9s !","og_description":"Dans toute la France, le Groupe Pichet r\u00e9alise des programmes neufs de qualit\u00e9. Ils sont vecteurs d'attractivit\u00e9 pour les villes d'aujourd'hui et de demain.","og_url":"https:\/\/www.appartement-construction.com\/content\/promoteurs\/groupe-pichet","og_site_name":"Acheter un appartement neuf","article_publisher":"https:\/\/www.facebook.com\/AppartementConstructioncom\/","article_published_time":"2020-04-20T12:26:00+00:00","article_modified_time":"2020-07-21T14:44:17+00:00","og_image":[{"width":1134,"height":354,"url":"https:\/\/www.appartement-construction.com\/content\/wp-content\/uploads\/2020\/03\/Pichet-Freycinet-home.jpg","type":"image\/jpeg"}],"author":"Laurence","twitter_misc":{"\u00c9crit par":"Laurence","Dur\u00e9e de lecture estim\u00e9e":"9 minutes"},"schema":{"@context":"https:\/\/schema.org","@graph":[{"@type":"Article","@id":"https:\/\/www.appartement-construction.com\/content\/promoteurs\/groupe-pichet#article","isPartOf":{"@id":"https:\/\/www.appartement-construction.com\/content\/promoteurs\/groupe-pichet"},"author":{"name":"Laurence","@id":"https:\/\/www.appartement-construction.com\/content\/#\/schema\/person\/06fddd1d3f937d2fd54200b32e3dee41"},"headline":"Le Groupe Pichet, des programmes qui font vivre les villes","datePublished":"2020-04-20T12:26:00+00:00","dateModified":"2020-07-21T14:44:17+00:00","mainEntityOfPage":{"@id":"https:\/\/www.appartement-construction.com\/content\/promoteurs\/groupe-pichet"},"wordCount":1877,"commentCount":0,"publisher":{"@id":"https:\/\/www.appartement-construction.com\/content\/#organization"},"image":{"@id":"https:\/\/www.appartement-construction.com\/content\/promoteurs\/groupe-pichet#primaryimage"},"thumbnailUrl":"https:\/\/www.appartement-construction.com\/content\/wp-content\/uploads\/2020\/03\/Pichet-Freycinet-home.jpg","articleSection":["Les promoteurs"],"inLanguage":"fr-FR","potentialAction":[{"@type":"CommentAction","name":"Comment","target":["https:\/\/www.appartement-construction.com\/content\/promoteurs\/groupe-pichet#respond"]}]},{"@type":"WebPage","@id":"https:\/\/www.appartement-construction.com\/content\/promoteurs\/groupe-pichet","url":"https:\/\/www.appartement-construction.com\/content\/promoteurs\/groupe-pichet","name":"Groupe PICHET : Pr\u00e9sentat\u00b0, Programmes Neufs, Agences et Infos Cl\u00e9s !","isPartOf":{"@id":"https:\/\/www.appartement-construction.com\/content\/#website"},"primaryImageOfPage":{"@id":"https:\/\/www.appartement-construction.com\/content\/promoteurs\/groupe-pichet#primaryimage"},"image":{"@id":"https:\/\/www.appartement-construction.com\/content\/promoteurs\/groupe-pichet#primaryimage"},"thumbnailUrl":"https:\/\/www.appartement-construction.com\/content\/wp-content\/uploads\/2020\/03\/Pichet-Freycinet-home.jpg","datePublished":"2020-04-20T12:26:00+00:00","dateModified":"2020-07-21T14:44:17+00:00","description":"Dans toute la France, le Groupe Pichet r\u00e9alise des programmes neufs de qualit\u00e9. Ils sont vecteurs d'attractivit\u00e9 pour les villes d'aujourd'hui et de demain.","breadcrumb":{"@id":"https:\/\/www.appartement-construction.com\/content\/promoteurs\/groupe-pichet#breadcrumb"},"inLanguage":"fr-FR","potentialAction":[{"@type":"ReadAction","target":["https:\/\/www.appartement-construction.com\/content\/promoteurs\/groupe-pichet"]}]},{"@type":"ImageObject","inLanguage":"fr-FR","@id":"https:\/\/www.appartement-construction.com\/content\/promoteurs\/groupe-pichet#primaryimage","url":"https:\/\/www.appartement-construction.com\/content\/wp-content\/uploads\/2020\/03\/Pichet-Freycinet-home.jpg","contentUrl":"https:\/\/www.appartement-construction.com\/content\/wp-content\/uploads\/2020\/03\/Pichet-Freycinet-home.jpg","width":1134,"height":354,"caption":"Pichet espace Freycinet Bordeaux appartements neufs"},{"@type":"WebSite","@id":"https:\/\/www.appartement-construction.com\/content\/#website","url":"https:\/\/www.appartement-construction.com\/content\/","name":"Acheter un appartement neuf","description":"Trouver votre Promoteur et Appartement Neuf en Ligne !","publisher":{"@id":"https:\/\/www.appartement-construction.com\/content\/#organization"},"potentialAction":[{"@type":"SearchAction","target":{"@type":"EntryPoint","urlTemplate":"https:\/\/www.appartement-construction.com\/content\/?s={search_term_string}"},"query-input":{"@type":"PropertyValueSpecification","valueRequired":true,"valueName":"search_term_string"}}],"inLanguage":"fr-FR"},{"@type":"Organization","@id":"https:\/\/www.appartement-construction.com\/content\/#organization","name":"Appartement-Construction.com","url":"https:\/\/www.appartement-construction.com\/content\/","logo":{"@type":"ImageObject","inLanguage":"fr-FR","@id":"https:\/\/www.appartement-construction.com\/content\/#\/schema\/logo\/image\/","url":"https:\/\/www.appartement-construction.com\/content\/wp-content\/uploads\/2018\/07\/logo-AC.jpg","contentUrl":"https:\/\/www.appartement-construction.com\/content\/wp-content\/uploads\/2018\/07\/logo-AC.jpg","width":794,"height":491,"caption":"Appartement-Construction.com"},"image":{"@id":"https:\/\/www.appartement-construction.com\/content\/#\/schema\/logo\/image\/"},"sameAs":["https:\/\/www.facebook.com\/AppartementConstructioncom\/"]},{"@type":"Person","@id":"https:\/\/www.appartement-construction.com\/content\/#\/schema\/person\/06fddd1d3f937d2fd54200b32e3dee41","name":"Laurence","image":{"@type":"ImageObject","inLanguage":"fr-FR","@id":"https:\/\/www.appartement-construction.com\/content\/#\/schema\/person\/image\/","url":"https:\/\/secure.gravatar.com\/avatar\/a3d78ca6bbeca68c34b2ca0bfda3ab3e0a6d919e37a32ff151594431fef523af?s=96&d=mm&r=g","contentUrl":"https:\/\/secure.gravatar.com\/avatar\/a3d78ca6bbeca68c34b2ca0bfda3ab3e0a6d919e37a32ff151594431fef523af?s=96&d=mm&r=g","caption":"Laurence"},"url":"https:\/\/www.appartement-construction.com\/content\/author\/laurence"}]}},"_links":{"self":[{"href":"https:\/\/www.appartement-construction.com\/content\/wp-json\/wp\/v2\/posts\/6622","targetHints":{"allow":["GET"]}}],"collection":[{"href":"https:\/\/www.appartement-construction.com\/content\/wp-json\/wp\/v2\/posts"}],"about":[{"href":"https:\/\/www.appartement-construction.com\/content\/wp-json\/wp\/v2\/types\/post"}],"author":[{"embeddable":true,"href":"https:\/\/www.appartement-construction.com\/content\/wp-json\/wp\/v2\/users\/12"}],"replies":[{"embeddable":true,"href":"https:\/\/www.appartement-construction.com\/content\/wp-json\/wp\/v2\/comments?post=6622"}],"version-history":[{"count":14,"href":"https:\/\/www.appartement-construction.com\/content\/wp-json\/wp\/v2\/posts\/6622\/revisions"}],"predecessor-version":[{"id":10670,"href":"https:\/\/www.appartement-construction.com\/content\/wp-json\/wp\/v2\/posts\/6622\/revisions\/10670"}],"wp:featuredmedia":[{"embeddable":true,"href":"https:\/\/www.appartement-construction.com\/content\/wp-json\/wp\/v2\/media\/6632"}],"wp:attachment":[{"href":"https:\/\/www.appartement-construction.com\/content\/wp-json\/wp\/v2\/media?parent=6622"}],"wp:term":[{"taxonomy":"category","embeddable":true,"href":"https:\/\/www.appartement-construction.com\/content\/wp-json\/wp\/v2\/categories?post=6622"},{"taxonomy":"post_tag","embeddable":true,"href":"https:\/\/www.appartement-construction.com\/content\/wp-json\/wp\/v2\/tags?post=6622"}],"curies":[{"name":"wp","href":"https:\/\/api.w.org\/{rel}","templated":true}]}}