{"id":6758,"date":"2020-05-15T11:51:27","date_gmt":"2020-05-15T09:51:27","guid":{"rendered":"https:\/\/www.appartement-construction.com\/content\/?p=6758"},"modified":"2020-07-21T16:38:42","modified_gmt":"2020-07-21T14:38:42","slug":"groupe-cif","status":"publish","type":"post","link":"https:\/\/www.appartement-construction.com\/content\/promoteurs\/groupe-cif","title":{"rendered":"Le Groupe CIF, le logement social \u00e0 Nantes"},"content":{"rendered":"\n<p class=\"p2\"><span class=\"s1\">Le Groupe CIF, <strong>acteur historique du logement social \u00e0 Nantes et alentours<\/strong>, r\u00e9alise des programmes immobiliers de qualit\u00e9 et \u00e0 prix abordables. La ville, qui connait une forte croissance d\u00e9mographique, travaille avec le promoteur afin de proposer <strong>une offre d\u2019appartements neufs \u00e0 vendre aux m\u00e9nages \u00e0 revenus modestes et aux primo-acc\u00e9dants<\/strong>. Voici une s\u00e9lection de leurs r\u00e9sidences en cours de travaux et celles d\u00e9j\u00e0 livr\u00e9es. <\/span><\/p>\n\n\n\n<!--more-->\n\n\n\n<h2 class=\"p2 wp-block-heading\"><span class=\"s1\"><b>Le Groupe CIF en r\u00e9sum\u00e9<\/b><\/span><\/h2>\n\n\n\n<div style=\"height:40px\" aria-hidden=\"true\" class=\"wp-block-spacer\"><\/div>\n\n\n\n<figure class=\"wp-block-table t1\"><table><tbody><tr><td>\n<p class=\"p3\"><span class=\"s1\"><b>Date de cr\u00e9ation du groupe <\/b><\/span><\/p>\n<\/td><td>\n<p class=\"p3\"><span class=\"s1\">1929<\/span><\/p>\n<\/td><\/tr><tr><td>\n<p class=\"p3\"><span class=\"s1\"><b>Secteur d\u2019intervention<\/b><\/span><\/p>\n<\/td><td> <p class=\"p2\"><span class=\"s1\">Nantes M\u00e9tropole et Loire-Atlantique<\/span><\/p> <\/td><\/tr><tr><td>\n<p class=\"p3\"><span class=\"s1\"><b>Style de construction<\/b><\/span><\/p>\n<\/td><td>\n<p class=\"p3\"><span class=\"s1\">contemporain<\/span><\/p>\n<\/td><\/tr><tr><td>\n<p class=\"p3\"><span class=\"s1\"><b>Nombre de logements vendus en 2018 <\/b><\/span><\/p>\n<\/td><td>\n<p class=\"p3\"><span class=\"s1\">450<\/span><\/p>\n<\/td><\/tr><tr><td>\n<p class=\"p3\"><span class=\"s1\"><b>Prix de d\u00e9part <\/b><\/span><\/p>\n<\/td><td>\n<p class=\"p3\"><span class=\"s1\">T1 de 36 m<\/span><span class=\"s2\"><sup>2<\/sup><\/span><span class=\"s1\"> \u00e0 partir de 110\u2009896&nbsp;\u20ac (R\u00e9sidence Nevea, Nantes)<\/span><\/p>\n<\/td><\/tr><tr><td>\n<p class=\"p3\"><span class=\"s1\"><b>Adresse du si\u00e8ge social<\/b><\/span><\/p>\n<\/td><td>\n<p class=\"p4\"><span class=\"s1\">11 rue Basse Porte&nbsp;44\u2009000 Nantes<\/span><\/p>\n<\/td><\/tr><tr><td>\n<p class=\"p3\"><span class=\"s1\"><b>Site web<\/b><\/span><\/p>\n<\/td><td> <p class=\"p3\"><span class=\"s1\"><a href=\"https:\/\/www.groupecif.com\" target=\"_blank\" rel=\"noreferrer noopener\" aria-label=\" (opens in a new tab)\">https:\/\/www.groupecif.com<\/a><\/span><\/p> <\/td><\/tr><tr><td>\n<p class=\"p3\"><span class=\"s1\"><b>T\u00e9l\u00e9phone<\/b><\/span><\/p>\n<\/td><td>\n<p class=\"p3\"><span class=\"s1\">02&nbsp;40&nbsp;99&nbsp;40&nbsp;99<\/span><\/p>\n<\/td><\/tr><\/tbody><\/table><\/figure>\n\n\n\n<div style=\"height:40px\" aria-hidden=\"true\" class=\"wp-block-spacer\"><\/div>\n\n\n\n<h2 class=\"p2 wp-block-heading\"><span class=\"s1\"><b>Pr\u00e9sentation du Groupe CIF<\/b><\/span><\/h2>\n\n\n\n<div style=\"height:40px\" aria-hidden=\"true\" class=\"wp-block-spacer\"><\/div>\n\n\n\n<h3 class=\"p5 wp-block-heading\"><span class=\"s1\">Petit historique du Groupe CIF<\/span><\/h3>\n\n\n\n<p class=\"p5\"><span class=\"s1\">Le CIF est n\u00e9 en <strong>1929<\/strong>. <strong>Appartenant \u00e0 la famille du Mouvement HLM<\/strong>, sa mission jusque dans les ann\u00e9es&nbsp;60 est d\u2019<strong>accorder des pr\u00eats sociaux aux familles d\u00e9sireuses d\u2019acc\u00e9der \u00e0 la propri\u00e9t\u00e9<\/strong>. D\u00e8s la fin des ann\u00e9es&nbsp;50, il <strong>construit \u00e9galement des immeubles<\/strong> et a la possibilit\u00e9 de devenir leur syndic. Il g\u00e8re ainsi des copropri\u00e9t\u00e9s de sa propre production. En 1984, le CIF s\u2019occupe aussi de pr\u00eats classiques. Il d\u00e9veloppe ensuite ses services comme la transaction immobili\u00e8re et le locatif HLM. D\u00e8s 2001, il ne pr\u00eate plus en son nom propre, mais noue des partenariats avec des \u00e9tablissements bancaires. <\/span><\/p>\n\n\n\n<figure class=\"wp-block-image size-large\"><img loading=\"lazy\" decoding=\"async\" width=\"1024\" height=\"421\" src=\"https:\/\/www.appartement-construction.com\/content\/wp-content\/uploads\/2020\/04\/Programme_immobilier_neuf_nantes_jean_ingres-1024x421.jpg\" alt=\"Programme_immobilier_neu\" class=\"wp-image-7063\" srcset=\"https:\/\/www.appartement-construction.com\/content\/wp-content\/uploads\/2020\/04\/Programme_immobilier_neuf_nantes_jean_ingres-1024x421.jpg 1024w, https:\/\/www.appartement-construction.com\/content\/wp-content\/uploads\/2020\/04\/Programme_immobilier_neuf_nantes_jean_ingres-900x370.jpg 900w, https:\/\/www.appartement-construction.com\/content\/wp-content\/uploads\/2020\/04\/Programme_immobilier_neuf_nantes_jean_ingres-768x316.jpg 768w, https:\/\/www.appartement-construction.com\/content\/wp-content\/uploads\/2020\/04\/Programme_immobilier_neuf_nantes_jean_ingres-600x247.jpg 600w, https:\/\/www.appartement-construction.com\/content\/wp-content\/uploads\/2020\/04\/Programme_immobilier_neuf_nantes_jean_ingres.jpg 1300w\" sizes=\"auto, (max-width: 1024px) 100vw, 1024px\" \/><figcaption>Programme Neuf \u00e0 Nantes par CIF<\/figcaption><\/figure>\n\n\n\n<h3 class=\"wp-block-heading\"><span class=\"s1\">Une maitrise compl\u00e8te de tous les m\u00e9tiers de l\u2019immobilier<\/span><\/h3>\n\n\n\n<p class=\"p5\"><span class=\"s1\">Construction de logements de qualit\u00e9 accessibles, promotion, services immobiliers. Le Groupe CIF a toutes les comp\u00e9tences n\u00e9cessaires \u00e0 <strong>l\u2019accompagnement des m\u00e9nages \u00e0 revenus modestes dans leur parcours immobilier.<\/strong> Chacun de ses m\u00e9tiers dispose de sa structure ind\u00e9pendante&nbsp;: CIF La Construction immobili\u00e8re familiale, CIF Promotion (fond\u00e9 en 1994), CIF Services, CIF Coop\u00e9rative. La <a href=\"https:\/\/www.pfn-coop.com\/page\/histoire-pfn\" target=\"_blank\" rel=\"noreferrer noopener\" aria-label=\" (opens in a new tab)\"><span class=\"s3\">PFN<\/span><\/a> (la Propri\u00e9t\u00e9 familiale de Normandie) fait \u00e9galement partie du Groupe CIF. <\/span><\/p>\n\n\n\n<p class=\"p5\"><span class=\"s1\">Par ailleurs, le Groupe CIF est membre de&nbsp;:<\/span><\/p>\n\n\n\n<ul class=\"wp-block-list\"><li><span class=\"s1\"><strong>PROCIVIS<\/strong> qui repr\u00e9sente les int\u00e9r\u00eats communs des SACICAP (Soci\u00e9t\u00e9s anonymes coop\u00e9ratives d\u2019int\u00e9r\u00eat collectif pour l\u2019accession \u00e0 la propri\u00e9t\u00e9) aupr\u00e8s des pouvoirs publics tout particuli\u00e8rement. <\/span><\/li><li><span class=\"s1\"><strong>La F\u00e9d\u00e9ration Nationale des Soci\u00e9t\u00e9s coop\u00e9ratives d\u2019HLM<\/strong> (ou <a rel=\"noreferrer noopener\" aria-label=\" (opens in a new tab)\" href=\"https:\/\/www.hlm.coop\/\" target=\"_blank\"><span class=\"s3\">les Coop&rsquo; HLM<\/span><\/a>)<\/span><\/li><\/ul>\n\n\n\n<h3 class=\"p5 wp-block-heading\"><span class=\"s1\">Des logements pour tous<\/span><\/h3>\n\n\n\n<p class=\"p5\"><span class=\"s1\">Le Groupe CIF a pour objectif de <strong>construite et vendre sur le march\u00e9 nantais des logements abordables<\/strong>. Pour cela, il r\u00e9alise des montages immobiliers complexes et travaille avec les dispositifs et aides aux financements tels que <strong>la location-accession, la loi ENL, ANRU<\/strong>, etc.<\/span><\/p>\n\n\n\n<p class=\"p5\"><span class=\"s1\">Il vend ses biens \u00e0 78&nbsp;% en r\u00e9sidence principale \u00e0 des primo-acc\u00e9dants et non aux investisseurs. <strong>65&nbsp;% de ses clients ont des ressources mensuelles inf\u00e9rieures \u00e0 2100&nbsp;\u20ac.<\/strong> En cela, il accompagne la politique habitat de Nantes (AANM). Pour les programmes en VEFA, l\u2019ensemble des futurs propri\u00e9taires ne doivent payer que 1000&nbsp;\u20ac \u00e0 la r\u00e9servation de leur logement. Le reste est sold\u00e9 \u00e0 la remise des cl\u00e9s. <\/span><\/p>\n\n\n\n<h3 class=\"p5 wp-block-heading\"><span class=\"s1\">Son engagement aupr\u00e8s des communes de Nantes M\u00e9tropole<\/span><\/h3>\n\n\n\n<p class=\"p5\"><span class=\"s1\">Pour que Nantes M\u00e9tropole puisse proposer 6000 logements \u00e0 prix abordables, le Groupe CIF construit depuis 2016&nbsp;: <strong>300 logements en accession abordable, 80 logements en locatif social, mais aussi 20 PLS par an. <\/strong><\/span><\/p>\n\n\n\n<h3 class=\"p5 wp-block-heading\"><span class=\"s1\">La promotion de l\u2019habitat participatif<\/span><\/h3>\n\n\n\n<p class=\"p5\"><span class=\"s1\">Dans sa volont\u00e9 de penser et d\u00e9velopper la coop\u00e9ration et le collectif, le groupe CIF pr\u00e9sente <strong>2 projets d\u2019habitat participatif \u00e0 Nantes<\/strong>&nbsp;: <a href=\"https:\/\/www.groupecif.com\/programme-immobilier-neuf\/programme-immobilier-neuf-o-erdre-nantes-saint-joseph-porterie-erdre-groupe-cif-habitat-participatif\" target=\"_blank\" rel=\"noreferrer noopener\" aria-label=\" (opens in a new tab)\"><span class=\"s3\">L\u2019\u00d4 de l\u2019Erdre<\/span><\/a> (livraison 2021) et <a href=\"https:\/\/www.groupecif.com\/programme-immobilier-neuf\/chemin-moulin-lambert-nantes-groupe-cif\" target=\"_blank\" rel=\"noreferrer noopener\" aria-label=\" (opens in a new tab)\"><span class=\"s3\">Le Chemin du Moulin Lambert<\/span><\/a>.<\/span><\/p>\n\n\n\n<h2 class=\"p2 wp-block-heading\"><span class=\"s1\"><b>Zoom sur deux programmes en cours du Groupe CIF<\/b><\/span><\/h2>\n\n\n\n<div style=\"height:40px\" aria-hidden=\"true\" class=\"wp-block-spacer\"><\/div>\n\n\n\n<h3 class=\"p5 wp-block-heading\"><span class=\"s1\">Nevea, Saint Herblain (44)<\/span><\/h3>\n\n\n\n<div style=\"height:40px\" aria-hidden=\"true\" class=\"wp-block-spacer\"><\/div>\n\n\n\n<div class=\"wp-block-image\"><figure class=\"aligncenter size-large\"><img loading=\"lazy\" decoding=\"async\" width=\"567\" height=\"248\" src=\"https:\/\/www.appartement-construction.com\/content\/wp-content\/uploads\/2020\/04\/Groupe-CIF-plan-saint-herblain.jpg\" alt=\"Groupe CIF appartement neuf Saint Herblain\" class=\"wp-image-6772\" \/><figcaption>source : Google Maps<\/figcaption><\/figure><\/div>\n\n\n\n<h4 class=\"p5 wp-block-heading\"><span class=\"s1\">La ville <\/span><\/h4>\n\n\n\n<p class=\"p5\"><span class=\"s1\">Saint Herblain, commune de 45\u2009786 habitants, est limitrophe de Nantes situ\u00e9e au nord-ouest. Espaces verts, commerces d\u2019Atlantis, salle du Z\u00e9nith, cin\u00e9mas, \u00e9coles, quartiers d\u2019affaires du Parc Ar Mor, la ville est tr\u00e8s dynamique. De plus, elle est reli\u00e9e au centre-ville de Nantes par le tramway et le p\u00e9riph\u00e9rique n\u2019est pas loin. La r\u00e9sidence Nevea se construit autour de la rue d\u2019Aquitaine dans un secteur en plein d\u00e9veloppement. <\/span><\/p>\n\n\n\n<h4 class=\"p5 wp-block-heading\"><span class=\"s1\">Le programme<\/span><\/h4>\n\n\n\n<p class=\"p5\"><span class=\"s3\"><a rel=\"noreferrer noopener\" aria-label=\" (opens in a new tab)\" href=\"https:\/\/www.groupecif.com\/programme-immobilier-neuf\/nevea-saint-herblain-nantes-groupe-cif\" target=\"_blank\">La r\u00e9sidence Nevea<\/a><\/span><span class=\"s1\"> se compose de <strong>3 b\u00e2timents et de 100 logements du T1 au T5 duplex.<\/strong> La construction faite de b\u00e9ton teint\u00e9 de blanc est tr\u00e8s lumineuse. Les appartements le sont tout autant gr\u00e2ce \u00e0 de nombreuses ouvertures, de belles baies vitr\u00e9es et des espaces ext\u00e9rieurs bien orient\u00e9s. Le programme se niche dans un cadre verdoyant qui court jusqu\u2019au pied des immeubles.<\/span><\/p>\n\n\n\n<p>[listeimmo search=\u00a0\u00bbnevea\u00a0\u00bb limit=\u00a0\u00bb1&Prime;]<\/p>\n\n\n\n<h4 class=\"p5 wp-block-heading\"><span class=\"s1\">Les prestations<\/span><\/h4>\n\n\n\n<p class=\"p5\"><span class=\"s1\">Les prestations des appartements sont de standing&nbsp;: double exposition de la pi\u00e8ce de vie, robinetterie Grohe, fa\u00efence Porcelanosa, fibre optique, salle de bain meubl\u00e9es, etc. La r\u00e9sidence affiche <strong>la norme NF Habitat<\/strong>. Par ailleurs, il est possible de prendre un pack cuisine \u00e9quip\u00e9e aupr\u00e8s du partenaire du groupe CIF&nbsp;: Aviva. D\u00e8s 2600&nbsp;\u20ac, le futur propri\u00e9taire b\u00e9n\u00e9ficie ainsi d\u2019une cuisine am\u00e9nag\u00e9e avec l\u2019\u00e9lectrom\u00e9nager et la pose inclus\u2009! <\/span><\/p>\n\n\n\n<p class=\"p5\"><strong><span class=\"s1\">Un T2 de 43m<\/span><span class=\"s4\"><sup>2 <\/sup><\/span><span class=\"s1\">au 3e \u00e9tage est \u00e0 126\u2009527&nbsp;\u20ac. Un T3 de 64&nbsp;m<\/span><span class=\"s4\"><sup>2<\/sup><\/span><\/strong><span class=\"s1\"><strong> au 1er \u00e9tage est \u00e0 159\u2009690&nbsp;\u20ac<\/strong>. La livraison est pr\u00e9vue \u00e0 partir du 2e trimestre&nbsp;2021.<\/span><\/p>\n\n\n\n<div class=\"wp-block-image\"><figure class=\"aligncenter size-large\"><img loading=\"lazy\" decoding=\"async\" width=\"567\" height=\"232\" src=\"https:\/\/www.appartement-construction.com\/content\/wp-content\/uploads\/2020\/04\/Groupe-CIF-nevea2.jpg\" alt=\"Groupe CIF appartement neuf Saint Herblain Nantes\" class=\"wp-image-6771\" \/><\/figure><\/div>\n\n\n\n<h3 class=\"p5 wp-block-heading\"><span class=\"s1\">Le Jean Ingres, Nantes (44)<\/span><\/h3>\n\n\n\n<div style=\"height:40px\" aria-hidden=\"true\" class=\"wp-block-spacer\"><\/div>\n\n\n\n<div class=\"wp-block-image\"><figure class=\"aligncenter size-large\"><img loading=\"lazy\" decoding=\"async\" width=\"637\" height=\"305\" src=\"https:\/\/www.appartement-construction.com\/content\/wp-content\/uploads\/2020\/04\/Groupe-CIF-jean-ingres-plan.jpg\" alt=\"Groupe CIF appartement neuf r\u00e9sidence neuve Nantes\" class=\"wp-image-6770\" srcset=\"https:\/\/www.appartement-construction.com\/content\/wp-content\/uploads\/2020\/04\/Groupe-CIF-jean-ingres-plan.jpg 637w, https:\/\/www.appartement-construction.com\/content\/wp-content\/uploads\/2020\/04\/Groupe-CIF-jean-ingres-plan-600x287.jpg 600w\" sizes=\"auto, (max-width: 637px) 100vw, 637px\" \/><figcaption>source : Google Maps<\/figcaption><\/figure><\/div>\n\n\n\n<h4 class=\"p5 wp-block-heading\"><span class=\"s1\">Le quartier<\/span><\/h4>\n\n\n\n<p class=\"p5\"><span class=\"s1\">Le secteur Nantes Ouest, paisible, r\u00e9sidentiel et accueillant des associations tr\u00e8s dynamiques est tr\u00e8s bien desservi par les transports en commun qui le relie au centre-ville en quelques minutes. Il est \u00e9galement proche de la zone commerciale d\u2019Atlantis, du Z\u00e9nith&nbsp;2 et de la c\u00f4te Atlantique. Les habitants disposent de tous les \u00e9quipements n\u00e9cessaires. Les espaces verts sont nombreux tels que les Parcs de Proc\u00e9 et des Dervalli\u00e8res.<\/span><\/p>\n\n\n\n<h4 class=\"p5 wp-block-heading\"><span class=\"s1\">L<\/span>a construction<\/h4>\n\n\n\n<p class=\"p5\"><span class=\"s1\">Situ\u00e9e sur le boulevard du m\u00eame nom, <span class=\"s3\"><a href=\"https:\/\/www.groupecif.com\/programme-immobilier-neuf\/programme-immobilier-neuf-jean-ingres-nantes-groupe-cif\" target=\"_blank\" rel=\"noreferrer noopener\" aria-label=\" (opens in a new tab)\">la r\u00e9sidence Jean Ingres<\/a><\/span> se compose de <strong>19 appartements du T2 au T3 r\u00e9partis sur 4 \u00e9tages<\/strong>. Au rez-de-chauss\u00e9e est pr\u00e9vu un p\u00f4le sant\u00e9. La construction monobloc, pos\u00e9e sur un ilot triangulaire, offre d\u2019un c\u00f4t\u00e9 une fa\u00e7ade tr\u00e8s \u00e9lanc\u00e9e et de l\u2019autre une silhouette plus massive. Enduits ocre-brun, volumes all\u00e9g\u00e9s par les nombreuses loggias, l\u2019architecte Jacques Boucheton l\u2019a pens\u00e9 comme une \u00ab\u2009balise urbaine\u2009\u00bb. Elle r\u00e9pond aux <strong>normes de la RT&nbsp;2012 <\/strong>et affichera<strong> le label NF Habitat<\/strong>, gage de qualit\u00e9. <\/span><\/p>\n\n\n\n<h4 class=\"p5 wp-block-heading\"><span class=\"s1\">Les prestations<\/span><\/h4>\n\n\n\n<p class=\"p5\"><span class=\"s1\">Loggia, balcon ou terrasse, fa\u00efences Porcelanosa, sol Gerflor, salles de bains meubl\u00e9es, tout est con\u00e7u pour le confort des r\u00e9sidents.<\/span><\/p>\n\n\n\n<p class=\"p5\"><strong>Un T2 de 44m<sup>2<\/sup> au 2e \u00e9tage est \u00e0 149\u2009494&nbsp;\u20ac. Un T3 de 65&nbsp;m<sup>2<\/sup> situ\u00e9 au 1er \u00e9tage est \u00e0 178\u2009506&nbsp;\u20ac.<\/strong><span class=\"s1\"> La livraison est pr\u00e9vue au 3e trimestre&nbsp;2021.<\/span><\/p>\n\n\n\n<figure class=\"wp-block-gallery aligncenter columns-2 is-cropped wp-block-gallery-1 is-layout-flex wp-block-gallery-is-layout-flex\"><ul class=\"blocks-gallery-grid\"><li class=\"blocks-gallery-item\"><figure><img loading=\"lazy\" decoding=\"async\" width=\"567\" height=\"231\" src=\"https:\/\/www.appartement-construction.com\/content\/wp-content\/uploads\/2020\/04\/Groupe-CIF-jean-ingres-2.jpg\" alt=\"\" data-id=\"6768\" data-link=\"https:\/\/www.appartement-construction.com\/content\/?attachment_id=6768\" class=\"wp-image-6768\" \/><\/figure><\/li><li class=\"blocks-gallery-item\"><figure><img loading=\"lazy\" decoding=\"async\" width=\"567\" height=\"231\" src=\"https:\/\/www.appartement-construction.com\/content\/wp-content\/uploads\/2020\/04\/Groupe-CIF-jean-ingres.jpg\" alt=\"\" data-id=\"6769\" data-full-url=\"https:\/\/www.appartement-construction.com\/content\/wp-content\/uploads\/2020\/04\/Groupe-CIF-jean-ingres.jpg\" data-link=\"https:\/\/www.appartement-construction.com\/content\/?attachment_id=6769\" class=\"wp-image-6769\" \/><\/figure><\/li><\/ul><\/figure>\n\n\n\n<h2 class=\"p2 wp-block-heading\"><span class=\"s1\"><b>Derniers programmes livr\u00e9s par le Groupe CIF<\/b><\/span><\/h2>\n\n\n\n<div style=\"height:40px\" aria-hidden=\"true\" class=\"wp-block-spacer\"><\/div>\n\n\n\n<h3 class=\"p5 wp-block-heading\"><span class=\"s1\">Coeur Bouguenais, Bouguenais (44)<\/span><\/h3>\n\n\n\n<div style=\"height:40px\" aria-hidden=\"true\" class=\"wp-block-spacer\"><\/div>\n\n\n\n<div class=\"wp-block-image\"><figure class=\"aligncenter size-large\"><img loading=\"lazy\" decoding=\"async\" width=\"567\" height=\"241\" src=\"https:\/\/www.appartement-construction.com\/content\/wp-content\/uploads\/2020\/04\/Groupe-CIF-plan-bouguenais.jpg\" alt=\"Groupe CIF appartement neuf Bouguenais\" class=\"wp-image-6767\" \/><figcaption>source : Google Maps<\/figcaption><\/figure><\/div>\n\n\n\n<h4 class=\"p5 wp-block-heading\"><span class=\"s1\">La ville<\/span><\/h4>\n\n\n\n<p class=\"p5\"><span class=\"s1\">Bouguenais, ville de 18\u2009812 habitants, est situ\u00e9e dans la premi\u00e8re couronne de Nantes, au sud de la Loire. Tr\u00e8s verte, elle dispose de multiples espaces verts, mais aussi de tous les commerces et infrastructures indispensables. Le cadre de vie y est paisible et de qualit\u00e9. Gr\u00e2ce au p\u00e9riph\u00e9rique et aux transports en commun nombreux, le centre-ville de Nantes est \u00e0 quelques minutes, mais \u00e9galement les plages de Pornic\u2009! <\/span><\/p>\n\n\n\n<h4 class=\"p5 wp-block-heading\"><span class=\"s1\">Le<\/span> programme<\/h4>\n\n\n\n<p class=\"p5\"><span class=\"s1\">Au 8 rue de la Commune de Paris, <a href=\"https:\/\/www.groupecif.com\/programme-immobilier-neuf\/coeur-bouguenais-centre-ville-groupe-cif-nantes\" target=\"_blank\" rel=\"noreferrer noopener\" aria-label=\"la r\u00e9sidence Coeur Bouguenais (opens in a new tab)\">la r\u00e9sidence Coeur Bouguenais<\/a> propose <strong>29 appartements du T1 bis au T4 duplex sur un b\u00e2timent de 4 \u00e9tages<\/strong>. Nich\u00e9e dans un environnement arbor\u00e9, la construction aux couleurs naturelles et aux balcons en bois s\u2019int\u00e8gre harmonieusement. <\/span><\/p>\n\n\n\n<h4 class=\"p5 wp-block-heading\"><span class=\"s1\">Les prestations<\/span><\/h4>\n\n\n\n<p class=\"p5\"><span class=\"s1\">Tous les appartements disposent d\u2019un espace ext\u00e9rieur et d\u2019une vue sur la verdure environnante. R\u00e9sidence s\u00e9curis\u00e9e, meuble vasque dans la salle de bain, belle fa\u00efence dans les pi\u00e8ces humides, volets roulants \u00e9lectriques pour les baies vitr\u00e9es de la pi\u00e8ce de vie, etc. Les prestations sont de qualit\u00e9. Par ailleurs, <strong>la construction est certifi\u00e9e NF Habitat<\/strong>.<\/span><\/p>\n\n\n\n<p class=\"p5\"><strong><span class=\"s1\">Un T2 de 75&nbsp;m<\/span><span class=\"s4\"><sup>2<\/sup><\/span><\/strong><span class=\"s1\"><strong> est \u00e0 225\u2009000&nbsp;\u20ac<\/strong>. Le programme a \u00e9t\u00e9 livr\u00e9 d\u00e9but&nbsp;2020.<\/span><\/p>\n\n\n\n<div class=\"wp-block-image\"><figure class=\"aligncenter\"><img loading=\"lazy\" decoding=\"async\" width=\"567\" height=\"233\" src=\"https:\/\/www.appartement-construction.com\/content\/wp-content\/uploads\/2020\/04\/Groupe-CIF-Programme_immobilier_neuf_bouguenais_coeur_bouguenais.jpg\" alt=\"Groupe CIF appartement neuf Coeur Bouguenais\" class=\"wp-image-6766\" \/><\/figure><\/div>\n\n\n\n<h3 class=\"p5 wp-block-heading\"><span class=\"s1\">Regards sur l\u2019Erdre, Nantes (44)<\/span><\/h3>\n\n\n\n<div style=\"height:40px\" aria-hidden=\"true\" class=\"wp-block-spacer\"><\/div>\n\n\n\n<div class=\"wp-block-image\"><figure class=\"aligncenter size-large\"><img loading=\"lazy\" decoding=\"async\" width=\"567\" height=\"203\" src=\"https:\/\/www.appartement-construction.com\/content\/wp-content\/uploads\/2020\/04\/Groupe-CIF-plan-erdre.jpg\" alt=\"Groupe CIF Regards sur l'Erdre r\u00e9sidence neuve Nantes\" class=\"wp-image-6773\" \/><figcaption>source : Google Maps<\/figcaption><\/figure><\/div>\n\n\n\n<h4 class=\"p5 wp-block-heading\"><span class=\"s1\">La ville<\/span><\/h4>\n\n\n\n<p class=\"p5\"><span class=\"s1\">Le programme se niche \u00e0 quelques pas des bords de l\u2019Erdre, magnifique rivi\u00e8re qui traverse Nantes, dans un secteur au nord de la m\u00e9tropole. Non loin, se trouvent le p\u00f4le commercial de la Bourgeonni\u00e8re, mais aussi des \u00e9coles, ou la base nautique municipale. Les transports en commun relient le centre-ville en 15&nbsp;min, l\u2019\u00cele de Nantes et les Facult\u00e9s. De plus, pour atteindre le p\u00e9riph\u00e9rique, il faut moins de 3 minutes.<\/span><\/p>\n\n\n\n<h4 class=\"p5 wp-block-heading\"><span class=\"s1\">La r\u00e9sidence <\/span><\/h4>\n\n\n\n<p class=\"p5\"><span class=\"s1\">112 route de la Joneli\u00e8re, <a href=\"https:\/\/www.groupecif.com\/programme-immobilier-neuf\/regards-sur-l-erdre-nantes-groupecif\" target=\"_blank\" rel=\"noreferrer noopener\" aria-label=\" (opens in a new tab)\"><span class=\"s3\">la r\u00e9sidence Regards sur l\u2019Erdre<\/span><\/a> est un peu particuli\u00e8re, car elle permet \u00e0 ses acqu\u00e9reurs d\u2019\u00eatre <strong>les architectes de leur futur logement.<\/strong> En effet, 3 plateaux bruts sont propos\u00e9s. Les biens offrent tous un panorama exceptionnel sur l\u2019Erdre et sont construits \u00e0 l\u2019ombre d\u2019un espace bois\u00e9 class\u00e9. L\u2019agence qui a r\u00e9alis\u00e9 le projet est l\u2019Atelier M Architectes.<\/span><\/p>\n\n\n\n<h4 class=\"p5 wp-block-heading\"><span class=\"s1\">Les prestations<\/span><\/h4>\n\n\n\n<p class=\"p5\"><span class=\"s1\">Grandes baies vitr\u00e9es en aluminium, vaste pi\u00e8ce de vie traversante, g\u00e9n\u00e9reux espaces ext\u00e9rieurs sont les points communs de ces 3 surfaces am\u00e9nageables. Le reste est enti\u00e8rement modulable&nbsp;: la disposition des pi\u00e8ces, les mat\u00e9riaux, les dressings, la cuisine, etc. <\/span><\/p>\n\n\n\n<p class=\"p5\"><strong><span class=\"s1\">Un T5 de 127&nbsp;m<\/span><span class=\"s4\"><sup>2<\/sup><\/span><\/strong><span class=\"s1\"><strong> est \u00e0 465\u2009000&nbsp;\u20ac<\/strong>. Le programme a \u00e9t\u00e9 livr\u00e9 d\u00e9but&nbsp;2020.<\/span><\/p>\n\n\n\n<figure class=\"wp-block-gallery aligncenter columns-2 is-cropped wp-block-gallery-2 is-layout-flex wp-block-gallery-is-layout-flex\"><ul class=\"blocks-gallery-grid\"><li class=\"blocks-gallery-item\"><figure><img loading=\"lazy\" decoding=\"async\" width=\"567\" height=\"233\" src=\"https:\/\/www.appartement-construction.com\/content\/wp-content\/uploads\/2020\/04\/Groupe-CIF-Programme_immobilier_neuf_nantes_regards_sur_erdre_1.jpg\" alt=\"\" data-id=\"6764\" data-link=\"https:\/\/www.appartement-construction.com\/content\/?attachment_id=6764\" class=\"wp-image-6764\" \/><\/figure><\/li><li class=\"blocks-gallery-item\"><figure><img loading=\"lazy\" decoding=\"async\" width=\"567\" height=\"387\" src=\"https:\/\/www.appartement-construction.com\/content\/wp-content\/uploads\/2020\/04\/Groupe-CIF-Programme_immobilier_neuf_nantes_regards_sur_erdre.jpg\" alt=\"\" data-id=\"6765\" data-full-url=\"https:\/\/www.appartement-construction.com\/content\/wp-content\/uploads\/2020\/04\/Groupe-CIF-Programme_immobilier_neuf_nantes_regards_sur_erdre.jpg\" data-link=\"https:\/\/www.appartement-construction.com\/content\/?attachment_id=6765\" class=\"wp-image-6765\" \/><\/figure><\/li><\/ul><\/figure>\n\n\n\n<h2 class=\"p2 wp-block-heading\"><span class=\"s1\"><b>Les agences du Groupe CIF<\/b><\/span><\/h2>\n\n\n\n<p class=\"p2\"><span class=\"s1\">Le si\u00e8ge social du Groupe CIF est situ\u00e9 au 11 rue Basse Porte \u00e0 Nantes. Pour tous les programmes en cours, vous pouvez obtenir des renseignements au <strong>02&nbsp;40&nbsp;99&nbsp;40&nbsp;90<\/strong> et vous rendre dans les bureaux de la soci\u00e9t\u00e9 du lundi au vendredi de 9h00 \u00e0 12h30 et de 13h30 \u00e0 18 h et le samedi de 9h00 \u00e0 12h et l\u2019apr\u00e8s-midi sur rendez-vous.<\/span><\/p>\n\n\n\n<p class=\"p2\"><span class=\"s1\"><i><strong>Acc\u00e9der \u00e0 la propri\u00e9t\u00e9 pour les m\u00e9nages sous plafond de ressources est envisageable \u00e0 Nantes et environ gr\u00e2ce aux Groupe CIF<\/strong>. En effet, celui-ci r\u00e9alise depuis 70 ans des programmes immobiliers r\u00e9sidentiels de qualit\u00e9, \u00e0 prix tr\u00e8s accessibles et \u00e0 de belles adresses. Mais prix abordables ne signifie pas qualit\u00e9 moindre. Label NF Habitat, prestations de standing personnalisables, cadres verdoyants et paisibles, etc. Les r\u00e9sidences du Groupe CIF ont tout cela.<\/i><\/span><\/p>\n\n\n\n<h2>D&rsquo;autres programmes \u00e0 Nantes<\/h2>\n<p>[listeimmo ville=\u00a0\u00bb44800&Prime;]<\/p>\n","protected":false},"excerpt":{"rendered":"<p>Le Groupe CIF, acteur historique du logement social \u00e0 Nantes et alentours, r\u00e9alise des programmes immobiliers de qualit\u00e9 et \u00e0 prix abordables. La ville, qui connait une forte croissance d\u00e9mographique, travaille avec le promoteur afin de proposer une offre d\u2019appartements neufs \u00e0 vendre aux m\u00e9nages \u00e0 revenus modestes et aux primo-acc\u00e9dants. Voici une s\u00e9lection de [&hellip;]<\/p>\n","protected":false},"author":12,"featured_media":6763,"comment_status":"open","ping_status":"open","sticky":false,"template":"","format":"standard","meta":{"footnotes":""},"categories":[5],"tags":[],"class_list":["post-6758","post","type-post","status-publish","format-standard","has-post-thumbnail","hentry","category-promoteurs"],"yoast_head":"<!-- This site is optimized with the Yoast SEO plugin v25.1 - https:\/\/yoast.com\/wordpress\/plugins\/seo\/ -->\n<title>Groupe CIF : Pr\u00e9sentation, Programmes Neufs, Agences et Infos Clefs !<\/title>\n<meta name=\"description\" content=\"Le Groupe CIF est un promoteur historique du logement social \u00e0 Nantes et en Loire-Atlantique. Pourquoi choisir d&#039;acheter votre appartement neuf chez CIF ?\" \/>\n<meta name=\"robots\" content=\"index, follow, max-snippet:-1, max-image-preview:large, max-video-preview:-1\" \/>\n<link rel=\"canonical\" href=\"https:\/\/www.appartement-construction.com\/content\/promoteurs\/groupe-cif\" \/>\n<meta property=\"og:locale\" content=\"fr_FR\" \/>\n<meta property=\"og:type\" content=\"article\" \/>\n<meta property=\"og:title\" content=\"Groupe CIF : Pr\u00e9sentation, Programmes Neufs, Agences et Infos Clefs !\" \/>\n<meta property=\"og:description\" content=\"Le Groupe CIF est un promoteur historique du logement social \u00e0 Nantes et en Loire-Atlantique. Pourquoi choisir d&#039;acheter votre appartement neuf chez CIF ?\" \/>\n<meta property=\"og:url\" content=\"https:\/\/www.appartement-construction.com\/content\/promoteurs\/groupe-cif\" \/>\n<meta property=\"og:site_name\" content=\"Acheter un appartement neuf\" \/>\n<meta property=\"article:publisher\" content=\"https:\/\/www.facebook.com\/AppartementConstructioncom\/\" \/>\n<meta property=\"article:published_time\" content=\"2020-05-15T09:51:27+00:00\" \/>\n<meta property=\"article:modified_time\" content=\"2020-07-21T14:38:42+00:00\" \/>\n<meta property=\"og:image\" content=\"https:\/\/www.appartement-construction.com\/content\/wp-content\/uploads\/2020\/04\/Groupe-CIF-nevea-head.jpg\" \/>\n\t<meta property=\"og:image:width\" content=\"1134\" \/>\n\t<meta property=\"og:image:height\" content=\"465\" \/>\n\t<meta property=\"og:image:type\" content=\"image\/jpeg\" \/>\n<meta name=\"author\" content=\"Laurence\" \/>\n<meta name=\"twitter:label1\" content=\"\u00c9crit par\" \/>\n\t<meta name=\"twitter:data1\" content=\"Laurence\" \/>\n\t<meta name=\"twitter:label2\" content=\"Dur\u00e9e de lecture estim\u00e9e\" \/>\n\t<meta name=\"twitter:data2\" content=\"9 minutes\" \/>\n<script type=\"application\/ld+json\" class=\"yoast-schema-graph\">{\"@context\":\"https:\/\/schema.org\",\"@graph\":[{\"@type\":\"Article\",\"@id\":\"https:\/\/www.appartement-construction.com\/content\/promoteurs\/groupe-cif#article\",\"isPartOf\":{\"@id\":\"https:\/\/www.appartement-construction.com\/content\/promoteurs\/groupe-cif\"},\"author\":{\"name\":\"Laurence\",\"@id\":\"https:\/\/www.appartement-construction.com\/content\/#\/schema\/person\/06fddd1d3f937d2fd54200b32e3dee41\"},\"headline\":\"Le Groupe CIF, le logement social \u00e0 Nantes\",\"datePublished\":\"2020-05-15T09:51:27+00:00\",\"dateModified\":\"2020-07-21T14:38:42+00:00\",\"mainEntityOfPage\":{\"@id\":\"https:\/\/www.appartement-construction.com\/content\/promoteurs\/groupe-cif\"},\"wordCount\":1737,\"commentCount\":0,\"publisher\":{\"@id\":\"https:\/\/www.appartement-construction.com\/content\/#organization\"},\"image\":{\"@id\":\"https:\/\/www.appartement-construction.com\/content\/promoteurs\/groupe-cif#primaryimage\"},\"thumbnailUrl\":\"https:\/\/www.appartement-construction.com\/content\/wp-content\/uploads\/2020\/04\/Groupe-CIF-nevea-head.jpg\",\"articleSection\":[\"Les promoteurs\"],\"inLanguage\":\"fr-FR\",\"potentialAction\":[{\"@type\":\"CommentAction\",\"name\":\"Comment\",\"target\":[\"https:\/\/www.appartement-construction.com\/content\/promoteurs\/groupe-cif#respond\"]}]},{\"@type\":\"WebPage\",\"@id\":\"https:\/\/www.appartement-construction.com\/content\/promoteurs\/groupe-cif\",\"url\":\"https:\/\/www.appartement-construction.com\/content\/promoteurs\/groupe-cif\",\"name\":\"Groupe CIF : Pr\u00e9sentation, Programmes Neufs, Agences et Infos Clefs !\",\"isPartOf\":{\"@id\":\"https:\/\/www.appartement-construction.com\/content\/#website\"},\"primaryImageOfPage\":{\"@id\":\"https:\/\/www.appartement-construction.com\/content\/promoteurs\/groupe-cif#primaryimage\"},\"image\":{\"@id\":\"https:\/\/www.appartement-construction.com\/content\/promoteurs\/groupe-cif#primaryimage\"},\"thumbnailUrl\":\"https:\/\/www.appartement-construction.com\/content\/wp-content\/uploads\/2020\/04\/Groupe-CIF-nevea-head.jpg\",\"datePublished\":\"2020-05-15T09:51:27+00:00\",\"dateModified\":\"2020-07-21T14:38:42+00:00\",\"description\":\"Le Groupe CIF est un promoteur historique du logement social \u00e0 Nantes et en Loire-Atlantique. Pourquoi choisir d'acheter votre appartement neuf chez CIF ?\",\"breadcrumb\":{\"@id\":\"https:\/\/www.appartement-construction.com\/content\/promoteurs\/groupe-cif#breadcrumb\"},\"inLanguage\":\"fr-FR\",\"potentialAction\":[{\"@type\":\"ReadAction\",\"target\":[\"https:\/\/www.appartement-construction.com\/content\/promoteurs\/groupe-cif\"]}]},{\"@type\":\"ImageObject\",\"inLanguage\":\"fr-FR\",\"@id\":\"https:\/\/www.appartement-construction.com\/content\/promoteurs\/groupe-cif#primaryimage\",\"url\":\"https:\/\/www.appartement-construction.com\/content\/wp-content\/uploads\/2020\/04\/Groupe-CIF-nevea-head.jpg\",\"contentUrl\":\"https:\/\/www.appartement-construction.com\/content\/wp-content\/uploads\/2020\/04\/Groupe-CIF-nevea-head.jpg\",\"width\":1134,\"height\":465,\"caption\":\"Groupe CIF appartement neuf\"},{\"@type\":\"WebSite\",\"@id\":\"https:\/\/www.appartement-construction.com\/content\/#website\",\"url\":\"https:\/\/www.appartement-construction.com\/content\/\",\"name\":\"Acheter un appartement neuf\",\"description\":\"Trouver votre Promoteur et Appartement Neuf en Ligne !\",\"publisher\":{\"@id\":\"https:\/\/www.appartement-construction.com\/content\/#organization\"},\"potentialAction\":[{\"@type\":\"SearchAction\",\"target\":{\"@type\":\"EntryPoint\",\"urlTemplate\":\"https:\/\/www.appartement-construction.com\/content\/?s={search_term_string}\"},\"query-input\":{\"@type\":\"PropertyValueSpecification\",\"valueRequired\":true,\"valueName\":\"search_term_string\"}}],\"inLanguage\":\"fr-FR\"},{\"@type\":\"Organization\",\"@id\":\"https:\/\/www.appartement-construction.com\/content\/#organization\",\"name\":\"Appartement-Construction.com\",\"url\":\"https:\/\/www.appartement-construction.com\/content\/\",\"logo\":{\"@type\":\"ImageObject\",\"inLanguage\":\"fr-FR\",\"@id\":\"https:\/\/www.appartement-construction.com\/content\/#\/schema\/logo\/image\/\",\"url\":\"https:\/\/www.appartement-construction.com\/content\/wp-content\/uploads\/2018\/07\/logo-AC.jpg\",\"contentUrl\":\"https:\/\/www.appartement-construction.com\/content\/wp-content\/uploads\/2018\/07\/logo-AC.jpg\",\"width\":794,\"height\":491,\"caption\":\"Appartement-Construction.com\"},\"image\":{\"@id\":\"https:\/\/www.appartement-construction.com\/content\/#\/schema\/logo\/image\/\"},\"sameAs\":[\"https:\/\/www.facebook.com\/AppartementConstructioncom\/\"]},{\"@type\":\"Person\",\"@id\":\"https:\/\/www.appartement-construction.com\/content\/#\/schema\/person\/06fddd1d3f937d2fd54200b32e3dee41\",\"name\":\"Laurence\",\"image\":{\"@type\":\"ImageObject\",\"inLanguage\":\"fr-FR\",\"@id\":\"https:\/\/www.appartement-construction.com\/content\/#\/schema\/person\/image\/\",\"url\":\"https:\/\/secure.gravatar.com\/avatar\/a3d78ca6bbeca68c34b2ca0bfda3ab3e0a6d919e37a32ff151594431fef523af?s=96&d=mm&r=g\",\"contentUrl\":\"https:\/\/secure.gravatar.com\/avatar\/a3d78ca6bbeca68c34b2ca0bfda3ab3e0a6d919e37a32ff151594431fef523af?s=96&d=mm&r=g\",\"caption\":\"Laurence\"},\"url\":\"https:\/\/www.appartement-construction.com\/content\/author\/laurence\"}]}<\/script>\n<!-- \/ Yoast SEO plugin. -->","yoast_head_json":{"title":"Groupe CIF : Pr\u00e9sentation, Programmes Neufs, Agences et Infos Clefs !","description":"Le Groupe CIF est un promoteur historique du logement social \u00e0 Nantes et en Loire-Atlantique. Pourquoi choisir d'acheter votre appartement neuf chez CIF ?","robots":{"index":"index","follow":"follow","max-snippet":"max-snippet:-1","max-image-preview":"max-image-preview:large","max-video-preview":"max-video-preview:-1"},"canonical":"https:\/\/www.appartement-construction.com\/content\/promoteurs\/groupe-cif","og_locale":"fr_FR","og_type":"article","og_title":"Groupe CIF : Pr\u00e9sentation, Programmes Neufs, Agences et Infos Clefs !","og_description":"Le Groupe CIF est un promoteur historique du logement social \u00e0 Nantes et en Loire-Atlantique. Pourquoi choisir d'acheter votre appartement neuf chez CIF ?","og_url":"https:\/\/www.appartement-construction.com\/content\/promoteurs\/groupe-cif","og_site_name":"Acheter un appartement neuf","article_publisher":"https:\/\/www.facebook.com\/AppartementConstructioncom\/","article_published_time":"2020-05-15T09:51:27+00:00","article_modified_time":"2020-07-21T14:38:42+00:00","og_image":[{"width":1134,"height":465,"url":"https:\/\/www.appartement-construction.com\/content\/wp-content\/uploads\/2020\/04\/Groupe-CIF-nevea-head.jpg","type":"image\/jpeg"}],"author":"Laurence","twitter_misc":{"\u00c9crit par":"Laurence","Dur\u00e9e de lecture estim\u00e9e":"9 minutes"},"schema":{"@context":"https:\/\/schema.org","@graph":[{"@type":"Article","@id":"https:\/\/www.appartement-construction.com\/content\/promoteurs\/groupe-cif#article","isPartOf":{"@id":"https:\/\/www.appartement-construction.com\/content\/promoteurs\/groupe-cif"},"author":{"name":"Laurence","@id":"https:\/\/www.appartement-construction.com\/content\/#\/schema\/person\/06fddd1d3f937d2fd54200b32e3dee41"},"headline":"Le Groupe CIF, le logement social \u00e0 Nantes","datePublished":"2020-05-15T09:51:27+00:00","dateModified":"2020-07-21T14:38:42+00:00","mainEntityOfPage":{"@id":"https:\/\/www.appartement-construction.com\/content\/promoteurs\/groupe-cif"},"wordCount":1737,"commentCount":0,"publisher":{"@id":"https:\/\/www.appartement-construction.com\/content\/#organization"},"image":{"@id":"https:\/\/www.appartement-construction.com\/content\/promoteurs\/groupe-cif#primaryimage"},"thumbnailUrl":"https:\/\/www.appartement-construction.com\/content\/wp-content\/uploads\/2020\/04\/Groupe-CIF-nevea-head.jpg","articleSection":["Les promoteurs"],"inLanguage":"fr-FR","potentialAction":[{"@type":"CommentAction","name":"Comment","target":["https:\/\/www.appartement-construction.com\/content\/promoteurs\/groupe-cif#respond"]}]},{"@type":"WebPage","@id":"https:\/\/www.appartement-construction.com\/content\/promoteurs\/groupe-cif","url":"https:\/\/www.appartement-construction.com\/content\/promoteurs\/groupe-cif","name":"Groupe CIF : Pr\u00e9sentation, Programmes Neufs, Agences et Infos Clefs !","isPartOf":{"@id":"https:\/\/www.appartement-construction.com\/content\/#website"},"primaryImageOfPage":{"@id":"https:\/\/www.appartement-construction.com\/content\/promoteurs\/groupe-cif#primaryimage"},"image":{"@id":"https:\/\/www.appartement-construction.com\/content\/promoteurs\/groupe-cif#primaryimage"},"thumbnailUrl":"https:\/\/www.appartement-construction.com\/content\/wp-content\/uploads\/2020\/04\/Groupe-CIF-nevea-head.jpg","datePublished":"2020-05-15T09:51:27+00:00","dateModified":"2020-07-21T14:38:42+00:00","description":"Le Groupe CIF est un promoteur historique du logement social \u00e0 Nantes et en Loire-Atlantique. Pourquoi choisir d'acheter votre appartement neuf chez CIF ?","breadcrumb":{"@id":"https:\/\/www.appartement-construction.com\/content\/promoteurs\/groupe-cif#breadcrumb"},"inLanguage":"fr-FR","potentialAction":[{"@type":"ReadAction","target":["https:\/\/www.appartement-construction.com\/content\/promoteurs\/groupe-cif"]}]},{"@type":"ImageObject","inLanguage":"fr-FR","@id":"https:\/\/www.appartement-construction.com\/content\/promoteurs\/groupe-cif#primaryimage","url":"https:\/\/www.appartement-construction.com\/content\/wp-content\/uploads\/2020\/04\/Groupe-CIF-nevea-head.jpg","contentUrl":"https:\/\/www.appartement-construction.com\/content\/wp-content\/uploads\/2020\/04\/Groupe-CIF-nevea-head.jpg","width":1134,"height":465,"caption":"Groupe CIF appartement neuf"},{"@type":"WebSite","@id":"https:\/\/www.appartement-construction.com\/content\/#website","url":"https:\/\/www.appartement-construction.com\/content\/","name":"Acheter un appartement neuf","description":"Trouver votre Promoteur et Appartement Neuf en Ligne !","publisher":{"@id":"https:\/\/www.appartement-construction.com\/content\/#organization"},"potentialAction":[{"@type":"SearchAction","target":{"@type":"EntryPoint","urlTemplate":"https:\/\/www.appartement-construction.com\/content\/?s={search_term_string}"},"query-input":{"@type":"PropertyValueSpecification","valueRequired":true,"valueName":"search_term_string"}}],"inLanguage":"fr-FR"},{"@type":"Organization","@id":"https:\/\/www.appartement-construction.com\/content\/#organization","name":"Appartement-Construction.com","url":"https:\/\/www.appartement-construction.com\/content\/","logo":{"@type":"ImageObject","inLanguage":"fr-FR","@id":"https:\/\/www.appartement-construction.com\/content\/#\/schema\/logo\/image\/","url":"https:\/\/www.appartement-construction.com\/content\/wp-content\/uploads\/2018\/07\/logo-AC.jpg","contentUrl":"https:\/\/www.appartement-construction.com\/content\/wp-content\/uploads\/2018\/07\/logo-AC.jpg","width":794,"height":491,"caption":"Appartement-Construction.com"},"image":{"@id":"https:\/\/www.appartement-construction.com\/content\/#\/schema\/logo\/image\/"},"sameAs":["https:\/\/www.facebook.com\/AppartementConstructioncom\/"]},{"@type":"Person","@id":"https:\/\/www.appartement-construction.com\/content\/#\/schema\/person\/06fddd1d3f937d2fd54200b32e3dee41","name":"Laurence","image":{"@type":"ImageObject","inLanguage":"fr-FR","@id":"https:\/\/www.appartement-construction.com\/content\/#\/schema\/person\/image\/","url":"https:\/\/secure.gravatar.com\/avatar\/a3d78ca6bbeca68c34b2ca0bfda3ab3e0a6d919e37a32ff151594431fef523af?s=96&d=mm&r=g","contentUrl":"https:\/\/secure.gravatar.com\/avatar\/a3d78ca6bbeca68c34b2ca0bfda3ab3e0a6d919e37a32ff151594431fef523af?s=96&d=mm&r=g","caption":"Laurence"},"url":"https:\/\/www.appartement-construction.com\/content\/author\/laurence"}]}},"_links":{"self":[{"href":"https:\/\/www.appartement-construction.com\/content\/wp-json\/wp\/v2\/posts\/6758","targetHints":{"allow":["GET"]}}],"collection":[{"href":"https:\/\/www.appartement-construction.com\/content\/wp-json\/wp\/v2\/posts"}],"about":[{"href":"https:\/\/www.appartement-construction.com\/content\/wp-json\/wp\/v2\/types\/post"}],"author":[{"embeddable":true,"href":"https:\/\/www.appartement-construction.com\/content\/wp-json\/wp\/v2\/users\/12"}],"replies":[{"embeddable":true,"href":"https:\/\/www.appartement-construction.com\/content\/wp-json\/wp\/v2\/comments?post=6758"}],"version-history":[{"count":15,"href":"https:\/\/www.appartement-construction.com\/content\/wp-json\/wp\/v2\/posts\/6758\/revisions"}],"predecessor-version":[{"id":7503,"href":"https:\/\/www.appartement-construction.com\/content\/wp-json\/wp\/v2\/posts\/6758\/revisions\/7503"}],"wp:featuredmedia":[{"embeddable":true,"href":"https:\/\/www.appartement-construction.com\/content\/wp-json\/wp\/v2\/media\/6763"}],"wp:attachment":[{"href":"https:\/\/www.appartement-construction.com\/content\/wp-json\/wp\/v2\/media?parent=6758"}],"wp:term":[{"taxonomy":"category","embeddable":true,"href":"https:\/\/www.appartement-construction.com\/content\/wp-json\/wp\/v2\/categories?post=6758"},{"taxonomy":"post_tag","embeddable":true,"href":"https:\/\/www.appartement-construction.com\/content\/wp-json\/wp\/v2\/tags?post=6758"}],"curies":[{"name":"wp","href":"https:\/\/api.w.org\/{rel}","templated":true}]}}