{"id":6839,"date":"2020-06-17T11:35:51","date_gmt":"2020-06-17T09:35:51","guid":{"rendered":"https:\/\/www.appartement-construction.com\/content\/?p=6839"},"modified":"2020-07-21T16:37:23","modified_gmt":"2020-07-21T14:37:23","slug":"presentation-groupe-realites","status":"publish","type":"post","link":"https:\/\/www.appartement-construction.com\/content\/promoteurs\/presentation-groupe-realites","title":{"rendered":"Le Groupe R\u00e9alit\u00e9s, le sp\u00e9cialiste des projets de d\u00e9veloppement durable des territoires"},"content":{"rendered":"\n<p class=\"p1\"><span class=\"s1\">\u00c0 Nantes, dans toute la r\u00e9gion Loire-Atlantique et en \u00cele-de-France, R\u00e9alit\u00e9s con\u00e7oit des programmes immobiliers innovants et intelligents. Mais au-del\u00e0 de la construction de logements collectifs et d\u2019ensembles tertiaires et commerciaux, il participe aussi activement au d\u00e9veloppement des territoires. En effet, sa maitrise d\u2019ouvrage associ\u00e9e \u00e0 la maitrise d\u2019usage lui permet de r\u00e9pondre aux besoins des r\u00e9sidants, mais \u00e9galement \u00e0 celle des collectivit\u00e9s. Voici une s\u00e9lection de ses r\u00e9alisations. <\/span><\/p>\n\n\n\n<!--more-->\n\n\n\n<h2 class=\"p1 wp-block-heading\"><span class=\"s1\"><b>Le Groupe R\u00e9alit\u00e9s en r\u00e9sum\u00e9<\/b><\/span><\/h2>\n\n\n\n<figure class=\"wp-block-table\"><table><tbody><tr><td><strong>Date de cr\u00e9ation du groupe<\/strong><\/td><td>2003<\/td><\/tr><tr><td><strong>Secteur d\u2019intervention<\/strong><\/td><td>Grand Ouest<\/td><\/tr><tr><td><strong>Style de construction<\/strong><\/td><td>contemporain<\/td><\/tr><tr><td><strong>Prix de d\u00e9part<\/strong><\/td><td>T1 de 33 m2 \u00e0 partir de 97 500 \u20ac (Hemera, La Rochelle)<\/td><\/tr><tr><td><strong>Adresse du si\u00e8ge social<\/strong><\/td><td>103, Route de Vannes 44 800 Saint-Herblain<\/td><\/tr><tr><td><strong>Site web<\/strong><\/td><td><a href=\"https:\/\/www.groupe-realites.com\/\" target=\"_blank\" rel=\"noreferrer noopener\">https:\/\/www.groupe-realites.com<\/a><\/td><\/tr><tr><td><strong>T\u00e9l\u00e9phone<\/strong><\/td><td>02 40 75 50 91<\/td><\/tr><\/tbody><\/table><\/figure>\n\n\n\n<h2 class=\"p1 wp-block-heading\"><span class=\"s1\"><b>Pr\u00e9sentation du Groupe R\u00e9alit\u00e9s<\/b><\/span><\/h2>\n\n\n\n<h3 class=\"p5 wp-block-heading\"><span class=\"s1\">Historique du Groupe R\u00e9alit\u00e9s<\/span><\/h3>\n\n\n\n<p class=\"p5\"><span class=\"s1\">Le Groupe R\u00e9alit\u00e9s est fond\u00e9 en 2003 \u00e0 Nantes par son PDG Yoann Joubert. L\u2019entreprise emploie d\u00e9sormais plus de 280 collaborateurs (hors filiales ma\u00eetrise d\u2019usage) r\u00e9partis sur 14 sites. Elle r\u00e9alise des programmes immobiliers neufs ou de la r\u00e9habilitation de b\u00e2timents anciens. Op\u00e9rations mixtes, logements \u00e9tudiants, r\u00e9sidences seniors, de tourisme, etc. ses projets sont vari\u00e9s. En 2016, elle ouvre une agence en \u00cele-de-France pour se d\u00e9velopper dans la r\u00e9gion. En 2019, elle a enregistr\u00e9 244&nbsp;M\u20ac de contrats de r\u00e9servation. Le Groupe est cot\u00e9 en bourse sur le march\u00e9 Euronext Growth depuis 2014.<\/span><\/p>\n\n\n\n<h3 class=\"p5 wp-block-heading\"><span class=\"s1\">Des projets de d\u00e9veloppement durable des territoires <\/span><\/h3>\n\n\n\n<p class=\"p5\"><span class=\"s1\">Le Groupe R\u00e9alit\u00e9s se d\u00e9marque par ses capacit\u00e9s \u00e0 penser et optimiser l\u2019usage d\u2019un projet avant la conception de l\u2019ouvrage. Le co\u00fbt global de celui-ci est ainsi contr\u00f4l\u00e9 et son attractivit\u00e9 est assur\u00e9e gr\u00e2ce \u00e0 l\u2019int\u00e9gration de services \u00e0 valeur ajout\u00e9e. Pour parvenir \u00e0 ce niveau d\u2019expertise, le Groupe R\u00e9alit\u00e9s met au service de ses clients ses comp\u00e9tences de haut niveau en mati\u00e8re d\u2019ing\u00e9nierie technique, financi\u00e8re, juridique et marketing. Maitrise d\u2019usage et maitrise d\u2019ouvrage lui permettent de r\u00e9aliser des projets de d\u00e9veloppement durable des territoires. <\/span><\/p>\n\n\n\n<div class=\"wp-block-image\"><figure class=\"aligncenter size-large\"><img loading=\"lazy\" decoding=\"async\" width=\"567\" height=\"335\" src=\"https:\/\/www.appartement-construction.com\/content\/wp-content\/uploads\/2020\/04\/Groupe-Re\u0301alite\u0301s-edelweiss.jpg\" alt=\"R\u00e9alit\u00e9s appartement neuf Edelweiss Rennes quartier Francisco-Ferrer\" class=\"wp-image-6851\" \/><figcaption>L&rsquo;Edelweiss \u00e0 Rennes<\/figcaption><\/figure><\/div>\n\n\n\n<h4 class=\"p7 wp-block-heading\"><span class=\"s1\">La ma\u00eetrise d\u2019usage<\/span><\/h4>\n\n\n\n<p class=\"p7\"><span class=\"s1\">Plusieurs filiales sp\u00e9cialis\u00e9es composent le p\u00f4le maitrise d\u2019usage du Groupe R\u00e9alit\u00e9s. Celles-ci con\u00e7oivent, exploitent et g\u00e8rent ce que la maitrise d\u2019ouvrage construit :<\/span><\/p>\n\n\n\n<ul class=\"wp-block-list\"><li class=\"p7\"><span class=\"s1\">Heurus pour les r\u00e9sidences services pour seniors\u2009; <\/span><\/li><li class=\"p7\"><span class=\"s1\">Cap&rsquo;\u00e9tudes pour les r\u00e9sidences \u00e9tudiantes avec service\u2009;<\/span><\/li><li class=\"p7\"><span class=\"s1\">UP2PLAY pour les complexes d\u2019activit\u00e9s de sport et de loisirs\u2009;<\/span><\/li><li class=\"p7\"><span class=\"s1\">Medcorner pour l\u2019accompagnement des professionnels de sant\u00e9 lib\u00e9raux dans leur installation\u2009;<\/span><\/li><li class=\"p7\"><span class=\"s1\">Longvia Group, op\u00e9rateur de services innovants en sant\u00e9 et bien-\u00eatre.<\/span><\/li><\/ul>\n\n\n\n<h4 class=\"p7 wp-block-heading\"><span class=\"s1\">La ma\u00eetrise d\u2019ouvrage<\/span><\/h4>\n\n\n\n<p class=\"p7\"><span class=\"s1\">Pour la maitrise d\u2019ouvrage, R\u00e9alit\u00e9s dispose de 7 filiales sp\u00e9cialis\u00e9es&nbsp;: <\/span><span class=\"s1\">R\u00e9alit\u00e9s Immobilier (commercialisation des biens neufs), R\u00e9alit\u00e9s Hub 5 (grands projets), R\u00e9alit\u00e9s Life + (m\u00e9dico-social et r\u00e9sidences g\u00e9r\u00e9es), R\u00e9alit\u00e9s Ing\u00e9nierie, R\u00e9alit\u00e9s Afrique, R\u00e9alit\u00e9s Work&nbsp;4 (op\u00e9rations immobili\u00e8res tertiaires).<\/span><\/p>\n\n\n\n<p class=\"p7\"><span class=\"s1\">Parmi elles, la filiale R\u00e9alit\u00e9s Promotion fond\u00e9e en 2007 s\u2019occupe des op\u00e9rations immobili\u00e8res, de la recherche du terrain jusqu\u2019\u00e0 la livraison des programmes immobiliers. Elle dispose de 5 directions r\u00e9gionales en France (Pays de la Loire, Bretagne, Nouvelle-Aquitaine, R\u00e9gion Centre et \u00cele-de-France) et de plusieurs agences dans chaque secteur. L\u2019ensemble de ces \u00e9quipes accompagnent les territoires en veillant \u00e0 toujours combiner maitrise d\u2019ouvrage et d\u2019usage.<\/span><\/p>\n\n\n\n<figure class=\"wp-block-gallery aligncenter columns-2 is-cropped wp-block-gallery-1 is-layout-flex wp-block-gallery-is-layout-flex\"><ul class=\"blocks-gallery-grid\"><li class=\"blocks-gallery-item\"><figure><img loading=\"lazy\" decoding=\"async\" width=\"567\" height=\"355\" src=\"https:\/\/www.appartement-construction.com\/content\/wp-content\/uploads\/2020\/04\/Groupe-Re\u0301alite\u0301s-terrasses.jpg\" alt=\"\" data-id=\"6849\" data-full-url=\"https:\/\/www.appartement-construction.com\/content\/wp-content\/uploads\/2020\/04\/Groupe-Re\u0301alite\u0301s-terrasses.jpg\" data-link=\"https:\/\/www.appartement-construction.com\/content\/?attachment_id=6849\" class=\"wp-image-6849\" \/><\/figure><\/li><li class=\"blocks-gallery-item\"><figure><img loading=\"lazy\" decoding=\"async\" width=\"567\" height=\"329\" src=\"https:\/\/www.appartement-construction.com\/content\/wp-content\/uploads\/2020\/04\/Groupe-Re\u0301alite\u0301s-terrasse2.jpg\" alt=\"\" data-id=\"6850\" data-full-url=\"https:\/\/www.appartement-construction.com\/content\/wp-content\/uploads\/2020\/04\/Groupe-Re\u0301alite\u0301s-terrasse2.jpg\" data-link=\"https:\/\/www.appartement-construction.com\/content\/?attachment_id=6850\" class=\"wp-image-6850\" \/><\/figure><\/li><\/ul><figcaption class=\"blocks-gallery-caption\">Les Terrasses Bois\u00e9es \u00e0 Saint-Nazaire<\/figcaption><\/figure>\n\n\n\n<h3 class=\"p5 wp-block-heading\"><span class=\"s1\">M\u00e9c\u00e9nat, partenariat, \u0153uvres sociales, un promoteur impliqu\u00e9 dans son territoire<\/span><\/h3>\n\n\n\n<p class=\"p5\"><span class=\"s1\">Le <a href=\"https:\/\/www.toursvolleyball.com\/\" target=\"_blank\" rel=\"noreferrer noopener\" aria-label=\" (opens in a new tab)\"><span class=\"s3\">Tours Volley-Ball<\/span><\/a>, club masculin le plus titr\u00e9 de France, le <a href=\"https:\/\/nahb.fr\/\" target=\"_blank\" rel=\"noreferrer noopener\" aria-label=\" (opens in a new tab)\"><span class=\"s3\">NAHB<\/span><\/a> (Nantes Atlantique Handball), le festival Mythos, le Car\u00efbos Lacanau Pro, etc. R\u00e9alit\u00e9s soutient le tissu associatif local en entretenant des partenariats et du m\u00e9c\u00e9nat avec de nombreux acteurs du secteur de la culture, du sport et de l\u2019innovation. <\/span><\/p>\n\n\n\n<p class=\"p5\"><span class=\"s1\">Pour ailleurs, depuis 2010, le Groupe dispose d\u2019un fonds de dotation lui permettant de soutenir et de r\u00e9aliser des \u0153uvres sociales dans le domaine de la protection de l\u2019enfance, mais aussi pour lutter contre la pr\u00e9carit\u00e9 et l\u2019exclusion et favoriser l\u2019acc\u00e8s de tous \u00e0 l\u2019\u00e9ducation. 5&nbsp;M\u20ac sont mobilis\u00e9s pour agir sur 5 ans. <\/span><\/p>\n\n\n\n<h3 class=\"p5 wp-block-heading\"><span class=\"s1\">L\u2019innovation au service des grands projets urbains<\/span><\/h3>\n\n\n\n<p class=\"p5\"><span class=\"s1\">2018 voit la naissance de la chaire R\u00e9alit\u00e9s. L\u2019objectif de ce laboratoire d\u2019id\u00e9es mont\u00e9 de concert avec l\u2019Audencia Business School est de mener une r\u00e9flexion sur les probl\u00e9matiques de la ville de demain, de \u00ab\u2009faire vivre l\u2019intelligence des territoires.\u2009\u00bb<\/span><\/p>\n\n\n\n<p class=\"p5\"><span class=\"s1\">Pendant 4 ans, l\u2019\u00e9quipe va \u00e9tudier les \u00e9volutions, les besoins de tous, et trouver des solutions innovantes permettant de mobiliser tous les acteurs d\u2019un territoire afin de r\u00e9aliser des projets dans lesquels \u00ab\u2009l\u2019ouvrage est au service de l\u2019usage\u2009\u00bb. Mission de recherche donc, mais aussi de p\u00e9dagogie aupr\u00e8s des \u00e9tudiants et de pr\u00e9paration de l\u2019avenir pour le Groupe. <\/span><\/p>\n\n\n\n<h3 class=\"p5 wp-block-heading\"><span class=\"s1\">Des r\u00e9alisations \u00e0 l\u2019international<\/span><\/h3>\n\n\n\n<p class=\"p5\"><span class=\"s1\">En 2018, le Groupe R\u00e9alit\u00e9s s\u2019est implant\u00e9 \u00e0 Casablanca au Maroc afin d\u2019y proposer des programmes de promotion immobili\u00e8re tels que des h\u00f4tels et des r\u00e9sidences, mais aussi des projets industriels. En 2019, l\u2019\u00e9quipe s\u2019y compose de 20 collaborateurs. <\/span><\/p>\n\n\n\n<h2 class=\"p1 wp-block-heading\"><span class=\"s1\"><b>Zoom sur deux programmes en cours du Groupe R\u00e9alit\u00e9s<\/b><\/span><\/h2>\n\n\n\n<h3 class=\"p5 wp-block-heading\"><span class=\"s1\">Edelweiss, Rennes (35)<\/span><\/h3>\n\n\n\n<div class=\"wp-block-image\"><figure class=\"aligncenter size-large\"><img loading=\"lazy\" decoding=\"async\" width=\"567\" height=\"314\" src=\"https:\/\/www.appartement-construction.com\/content\/wp-content\/uploads\/2020\/04\/Groupe-Re\u0301alite\u0301s-edelweiss-plan.jpg\" alt=\"R\u00e9alit\u00e9s r\u00e9sidence neuve Rennes\" class=\"wp-image-6853\" srcset=\"https:\/\/www.appartement-construction.com\/content\/wp-content\/uploads\/2020\/04\/Groupe-Re\u0301alite\u0301s-edelweiss-plan.jpg 567w, https:\/\/www.appartement-construction.com\/content\/wp-content\/uploads\/2020\/04\/Groupe-Re\u0301alite\u0301s-edelweiss-plan-345x190.jpg 345w\" sizes=\"auto, (max-width: 567px) 100vw, 567px\" \/><figcaption>source : Google Maps<\/figcaption><\/figure><\/div>\n\n\n\n<h4 class=\"p5 wp-block-heading\"><span class=\"s1\">Le quartier <\/span><\/h4>\n\n\n\n<p class=\"p5\"><span class=\"s1\">Situ\u00e9 \u00e0 15&nbsp;min du centre-ville de Rennes au sud-est, le quartier Francisco-Ferrer \u00e9galement appel\u00e9 le quartier du Landy a \u00e9t\u00e9 longtemps rural. En plein d\u00e9veloppement depuis plusieurs ann\u00e9es, il accueille de nombreux programmes immobiliers, des commerces et les infrastructures n\u00e9cessaires. Il est bien desservi par les transports en commun. Le parc du Landry de 4ha se trouve en son centre.<\/span><\/p>\n\n\n\n<h4 class=\"p5 wp-block-heading\"><span class=\"s1\">La r\u00e9sidence <\/span><\/h4>\n\n\n\n<p class=\"p5\"><span class=\"s3\"><a href=\"https:\/\/www.realites.com\/programmes\/edelweiss\" target=\"_blank\" rel=\"noreferrer noopener\" aria-label=\" (opens in a new tab)\">La r\u00e9sidence Edelweiss<\/a><\/span><span class=\"s1\"> propose 50 appartements du T1 au T5. L\u2019architecture sobre, toute de blanc v\u00eatue, est tr\u00e8s \u00e9l\u00e9gante. Elle se niche dans un bel environnement paysager. <\/span><\/p>\n\n\n\n<figure class=\"wp-block-embed-youtube wp-block-embed is-type-video is-provider-youtube wp-embed-aspect-16-9 wp-has-aspect-ratio\"><div class=\"wp-block-embed__wrapper\">\n<iframe loading=\"lazy\" title=\"R\u00e9sidence EDELWEISS \u00e0 Rennes\" width=\"500\" height=\"281\" src=\"https:\/\/www.youtube.com\/embed\/eNfim6xiYCk?feature=oembed\" frameborder=\"0\" allow=\"accelerometer; autoplay; clipboard-write; encrypted-media; gyroscope; picture-in-picture; web-share\" referrerpolicy=\"strict-origin-when-cross-origin\" allowfullscreen><\/iframe>\n<\/div><\/figure>\n\n\n\n<h4 class=\"p5 wp-block-heading\"><span class=\"s1\">Les prestations<\/span><\/h4>\n\n\n\n<p class=\"p5\"><span class=\"s1\">Tous les appartements disposent de g\u00e9n\u00e9reux espaces ext\u00e9rieurs&nbsp;: balcon, terrasse ou jardin privatif en rez-de-chauss\u00e9e. Ils sont tr\u00e8s lumineux gr\u00e2ce \u00e0 de belles orientations, de nombreuses ouvertures et des garde-corps en t\u00f4le perfor\u00e9e et pare-vues en verre d\u00e9poli. <\/span><\/p>\n\n\n\n<p class=\"p5\"><strong><span class=\"s1\">Un T2 de 42m2<\/span> <span class=\"s1\">est \u00e0 219\u2009000&nbsp;\u20ac. Un T5 de 109&nbsp;m<\/span><span class=\"s4\"><sup>2<\/sup><\/span><\/strong><span class=\"s1\"><strong> est \u00e0 498\u2009000&nbsp;\u20ac.<\/strong> La livraison est pr\u00e9vue \u00e0 partir du 4e trimestre&nbsp;2021.<\/span><\/p>\n\n\n\n<h3 class=\"p5 wp-block-heading\"><span class=\"s1\">Les Terrasses Bois\u00e9es, Saint-Nazaire (44)<\/span><\/h3>\n\n\n\n<div class=\"wp-block-image\"><figure class=\"aligncenter size-large\"><img loading=\"lazy\" decoding=\"async\" width=\"567\" height=\"204\" src=\"https:\/\/www.appartement-construction.com\/content\/wp-content\/uploads\/2020\/04\/Groupe-Re\u0301alite\u0301s-plan-saint-nazaire.jpg\" alt=\"R\u00e9alit\u00e9s r\u00e9sidence neuve Saint-Nazaire\" class=\"wp-image-6854\" \/><figcaption>source : Google Maps<\/figcaption><\/figure><\/div>\n\n\n\n<h4 class=\"p5 wp-block-heading\"><span class=\"s1\">La ville<\/span><\/h4>\n\n\n\n<p class=\"p5\"><span class=\"s1\">2de plus grande ville du Loire-Atlantique, \u00e0 15&nbsp;min de La Baule et \u00e0 moins d\u2019une heure de Nantes, Saint Nazaire est situ\u00e9e en bord de mer. Elle offre de nombreux atouts. Capitale de la construction navale fran\u00e7aise, elle constitue un p\u00f4le \u00e9conomique important de la r\u00e9gion avec Nantes, sa voisine. Plages, espaces verts, commerces, offre culturelle riche, le cadre de vie est id\u00e9al. <\/span><\/p>\n\n\n\n<h4 class=\"p5 wp-block-heading\"><span class=\"s1\">La r\u00e9sidence <\/span><\/h4>\n\n\n\n<p class=\"p5\"><span class=\"s1\">Rue Jean Gutenberg, la r\u00e9sidence <a href=\"https:\/\/www.realites.com\/programmes\/les-terrasses-boisees\" target=\"_blank\" rel=\"noreferrer noopener\" aria-label=\" (opens in a new tab)\"><span class=\"s3\">Les Terrasses Bois\u00e9es<\/span><\/a> propose 61 appartements du 2 au 4 pi\u00e8ces r\u00e9partis sur 2 b\u00e2timents. Elle est \u00e9rig\u00e9e au sein d\u2019un environnement verdoyant et paisible tout en \u00e9tant \u00e0 moins de 5&nbsp;min du centre-ville de Saint-Nazaire. Les deux constructions sont con\u00e7ues en terrasse ce qui permet d\u2019y am\u00e9nager de beaux espaces ext\u00e9rieurs pour tous les logements. Cette architecture s\u2019int\u00e8gre tout en douceur \u00e0 son environnement. Travail sur les lignes horizontales avec le soubassement et les attiques, sur les verticales gr\u00e2ce \u00e0 l\u2019utilisation du gris, blanc et taupe, la fa\u00e7ade est rythm\u00e9e et \u00e9l\u00e9gante.<\/span><\/p>\n\n\n\n<figure class=\"wp-block-embed-youtube wp-block-embed is-type-video is-provider-youtube wp-embed-aspect-16-9 wp-has-aspect-ratio\"><div class=\"wp-block-embed__wrapper\">\n<iframe loading=\"lazy\" title=\"R\u00e9sidence Les Terrasses Bois\u00e9es \u00e0 Saint-Nazaire\" width=\"500\" height=\"281\" src=\"https:\/\/www.youtube.com\/embed\/-eYRkNrcCjU?feature=oembed\" frameborder=\"0\" allow=\"accelerometer; autoplay; clipboard-write; encrypted-media; gyroscope; picture-in-picture; web-share\" referrerpolicy=\"strict-origin-when-cross-origin\" allowfullscreen><\/iframe>\n<\/div><\/figure>\n\n\n\n<p class=\"p5\"><strong><span class=\"s1\">Un T3 de 70&nbsp;m<\/span><span class=\"s4\"><sup>2<\/sup><\/span><\/strong><span class=\"s1\"><strong> au 2e \u00e9tage est \u00e0 235\u2009000&nbsp;\u20ac<\/strong>. La livraison est pr\u00e9vue au 3e trimestre&nbsp;2021.<\/span><\/p>\n\n\n\n<h2 class=\"p1 wp-block-heading\"><span class=\"s1\"><b>Derniers programmes livr\u00e9s par le Groupe R\u00e9alit\u00e9s<\/b><\/span><\/h2>\n\n\n\n<div style=\"height:40px\" aria-hidden=\"true\" class=\"wp-block-spacer\"><\/div>\n\n\n\n<h3 class=\"p5 wp-block-heading\"><span class=\"s1\">Babia Gora, Rennes (35)<\/span><\/h3>\n\n\n\n<div style=\"height:40px\" aria-hidden=\"true\" class=\"wp-block-spacer\"><\/div>\n\n\n\n<div class=\"wp-block-image\"><figure class=\"aligncenter size-large\"><img loading=\"lazy\" decoding=\"async\" width=\"567\" height=\"349\" src=\"https:\/\/www.appartement-construction.com\/content\/wp-content\/uploads\/2020\/04\/Groupe-Re\u0301alite\u0301s-plan-rennes-babia.jpg\" alt=\"plan  Rennes\" class=\"wp-image-6856\" \/><figcaption>source : Google Maps<\/figcaption><\/figure><\/div>\n\n\n\n<h4 class=\"p5 wp-block-heading\"><span class=\"s1\">Le quartier<\/span><\/h4>\n\n\n\n<p class=\"p5\"><span class=\"s1\">Avenue de Pologne, dans le sud de Rennes, la r\u00e9sidence s\u2019installe \u00e0 proximit\u00e9 du parc des Hautes Ourmes. Infrastructures culturelles et sportives nouvelles ou r\u00e9habilit\u00e9es, \u00e9coles, march\u00e9, commerces, nouveau centre commercial, transports en commun, etc. Le quartier du Blosnes accueillant 17\u2009318 habitants est en plein d\u00e9veloppement. <\/span><\/p>\n\n\n\n<h4 class=\"p5 wp-block-heading\"><span class=\"s1\">La r\u00e9sidence <\/span><\/h4>\n\n\n\n<p class=\"p5\"><span class=\"s3\"><a href=\"https:\/\/www.realites.com\/programmes\/babia-gora\" target=\"_blank\" rel=\"noreferrer noopener\" aria-label=\" (opens in a new tab)\">La r\u00e9sidence Babia Gora<\/a><\/span><span class=\"s1\"> se compose de 43 appartements du T1 bis au T5 r\u00e9partis sur 2 b\u00e2timents. L\u2019environnement tr\u00e8s vert se prolonge sur les constructions gr\u00e2ce \u00e0 un socle v\u00e9g\u00e9tal et \u00e0 une toiture v\u00e9g\u00e9talis\u00e9e. Des locaux \u00e0 destination des professionnels du secteur m\u00e9dical sont r\u00e9alis\u00e9s en rez-de-chauss\u00e9e. En 2019, le programme con\u00e7u par Anthracite Architecture a remport\u00e9 la Pyramide \u00ab\u2009Mixit\u00e9 urbaine\u2009\u00bb et la P\u00e9pite architecturale par Rennes&nbsp;2030\u2009! <\/span><\/p>\n\n\n\n<figure class=\"wp-block-embed-youtube wp-block-embed is-type-video is-provider-youtube wp-embed-aspect-16-9 wp-has-aspect-ratio\"><div class=\"wp-block-embed__wrapper\">\n<iframe loading=\"lazy\" title=\"R\u00e9sidence BABIA GORA \u00e0 Rennes\" width=\"500\" height=\"281\" src=\"https:\/\/www.youtube.com\/embed\/X7pbJjOOglI?feature=oembed\" frameborder=\"0\" allow=\"accelerometer; autoplay; clipboard-write; encrypted-media; gyroscope; picture-in-picture; web-share\" referrerpolicy=\"strict-origin-when-cross-origin\" allowfullscreen><\/iframe>\n<\/div><\/figure>\n\n\n\n<h4 class=\"p5 wp-block-heading\"><span class=\"s1\">Les prestations<\/span><\/h4>\n\n\n\n<p class=\"p5\"><span class=\"s1\">Les appartements disposent tous d\u2019un balcon ou d\u2019une terrasse. B\u00e9n\u00e9ficiant d\u2019une double exposition, ils sont tr\u00e8s lumineux. Certains sont \u00e9volutifs. En effet, une partie de leur espace ext\u00e9rieur peut se transformer en jardin d\u2019hiver\u2009! <br><\/span><span class=\"s1\">Le programme est livr\u00e9 au 2e trimestre&nbsp;2020.<\/span><\/p>\n\n\n\n<h3 class=\"p5 wp-block-heading\"><span class=\"s1\">Les Belles Lettres, Nantes (44)<\/span><\/h3>\n\n\n\n<div class=\"wp-block-image\"><figure class=\"aligncenter size-large\"><img loading=\"lazy\" decoding=\"async\" width=\"567\" height=\"240\" src=\"https:\/\/www.appartement-construction.com\/content\/wp-content\/uploads\/2020\/04\/Groupe-Re\u0301alite\u0301s-plan-belles-lettres.jpg\" alt=\"plan r\u00e9sidence neuve Nantes\" class=\"wp-image-6857\" \/><figcaption>source : Wikip\u00e9dia<\/figcaption><\/figure><\/div>\n\n\n\n<h4 class=\"p5 wp-block-heading\"><span class=\"s1\">Le quartier<\/span><\/h4>\n\n\n\n<p class=\"p5\"><span class=\"s1\">Le secteur Dervalli\u00e8res-Zola de Nantes est situ\u00e9 \u00e0 l\u2019ouest du centre-ville. Il est centr\u00e9 sur la place \u00c9mile Zola. Dens\u00e9ment peupl\u00e9, l\u2019ambiance y est cependant conviviale et tranquille. Le b\u00e2ti y alterne entre maisons de ville et collectifs. Les infrastructures scolaires, sportives, culturelles y sont nombreuses et les associations dynamiques. <\/span><span class=\"s1\">Le quartier de Proc\u00e9 est situ\u00e9 \u00e0 2 pas du centre-ville de Nantes. <\/span><\/p>\n\n\n\n<h4 class=\"p5 wp-block-heading\"><span class=\"s1\">La r\u00e9sidence <\/span><\/h4>\n\n\n\n<p class=\"p5\"><span class=\"s1\">Au 36, rue Littr\u00e9 et 2-4 rue du Calvaire de Grillaud, <a href=\"https:\/\/www.realites.com\/programmes\/les-belles-lettres\" target=\"_blank\" rel=\"noreferrer noopener\" aria-label=\" (opens in a new tab)\"><span class=\"s3\">la r\u00e9sidence Les Belles Lettres<\/span><\/a> \u00e0 l\u2019allure contemporaine propose 21 appartements du 2 au 4 pi\u00e8ces. \u00c0 proximit\u00e9 du parc de Proc\u00e9, le cadre est agr\u00e9able et verdoyant. L\u2019architecte est Toucouleur Archi. <\/span><\/p>\n\n\n\n<figure class=\"wp-block-embed-youtube wp-block-embed is-type-video is-provider-youtube wp-embed-aspect-16-9 wp-has-aspect-ratio\"><div class=\"wp-block-embed__wrapper\">\n<iframe loading=\"lazy\" title=\"R\u00e9sidence LES BELLES LETTRES \u00e0 Nantes\" width=\"500\" height=\"281\" src=\"https:\/\/www.youtube.com\/embed\/cDBw-hT4n8c?feature=oembed\" frameborder=\"0\" allow=\"accelerometer; autoplay; clipboard-write; encrypted-media; gyroscope; picture-in-picture; web-share\" referrerpolicy=\"strict-origin-when-cross-origin\" allowfullscreen><\/iframe>\n<\/div><\/figure>\n\n\n\n<h4 class=\"p5 wp-block-heading\"><span class=\"s1\">Les prestations<\/span><\/h4>\n\n\n\n<p class=\"p5\"><span class=\"s1\">Balcon, loggia ou terrasse, tous les appartements disposent d\u2019un espace ext\u00e9rieur. Les int\u00e9rieurs sont spacieux et confortables.<br><\/span><span class=\"s1\">Le programme est livr\u00e9 au 2e trimestre&nbsp;2020. <\/span><\/p>\n\n\n\n<h2 class=\"p1 wp-block-heading\"><span class=\"s1\"><b>Les agences du Groupe R\u00e9alit\u00e9s<\/b><\/span><\/h2>\n\n\n\n<p class=\"p1\"><span class=\"s1\">Le promoteur R\u00e9alit\u00e9 dispose de 5 directions r\u00e9gionales et des agences sur tout le territoire Loire-Atlantique et d\u00e9sormais en \u00cele-de-France. <br>Pour la r\u00e9sidence Edelweiss, vous pouvez vous rendre \u00e0 l\u2019agence de Rennes au 84, Mail Fran\u00e7ois Mitterrand de 9h \u00e0 12h30 et de 14h \u00e0 18h30 du lundi au vendredi et sur rendez-vous le samedi. Le t\u00e9l\u00e9phone est le 02&nbsp;23&nbsp;46&nbsp;78&nbsp;94. <\/span><span class=\"s1\">Pour le projet Les Terrasses Bois\u00e9es \u00e0 Saint Nazaire, vous pouvez vous renseigner \u00e0 l\u2019agence de la ville m\u00eame au 106 avenue Albert de Mun \u00e0 Saint Nazaire et au 02&nbsp;40&nbsp;75&nbsp;50&nbsp;98. <\/span><\/p>\n\n\n\n<p class=\"p1\"><span class=\"s1\"><i>Les programmes immobiliers du <strong>Groupe R\u00e9alit\u00e9s renforcent l\u2019attractivit\u00e9 des territoires<\/strong>. Ses nombreuses filiales sp\u00e9cialis\u00e9es en maitrise d\u2019usage donnent du sens et de la valeur ajout\u00e9e \u00e0 ses r\u00e9alisations. Constructions durables, architectures soign\u00e9es, prestations de qualit\u00e9, ses r\u00e9sidences sont une valeur sure. <\/i><\/span><\/p>\n","protected":false},"excerpt":{"rendered":"<p>\u00c0 Nantes, dans toute la r\u00e9gion Loire-Atlantique et en \u00cele-de-France, R\u00e9alit\u00e9s con\u00e7oit des programmes immobiliers innovants et intelligents. Mais au-del\u00e0 de la construction de logements collectifs et d\u2019ensembles tertiaires et commerciaux, il participe aussi activement au d\u00e9veloppement des territoires. En effet, sa maitrise d\u2019ouvrage associ\u00e9e \u00e0 la maitrise d\u2019usage lui permet de r\u00e9pondre aux besoins [&hellip;]<\/p>\n","protected":false},"author":12,"featured_media":6842,"comment_status":"open","ping_status":"open","sticky":false,"template":"","format":"standard","meta":{"footnotes":""},"categories":[5],"tags":[],"class_list":["post-6839","post","type-post","status-publish","format-standard","has-post-thumbnail","hentry","category-promoteurs"],"yoast_head":"<!-- This site is optimized with the Yoast SEO plugin v25.1 - https:\/\/yoast.com\/wordpress\/plugins\/seo\/ -->\n<title>Groupe R\u00e9alit\u00e9s - Le sp\u00e9cialiste du d\u00e9veloppement des territoires<\/title>\n<meta name=\"description\" content=\"Les programmes immobiliers du groupe R\u00e9alit\u00e9s renforcent l\u2019attractivit\u00e9 des territoires et font le bonheur de leurs occupants. Pr\u00e9sentation et s\u00e9lection.\" \/>\n<meta name=\"robots\" content=\"index, follow, max-snippet:-1, max-image-preview:large, max-video-preview:-1\" \/>\n<link rel=\"canonical\" href=\"https:\/\/www.appartement-construction.com\/content\/promoteurs\/presentation-groupe-realites\" \/>\n<meta property=\"og:locale\" content=\"fr_FR\" \/>\n<meta property=\"og:type\" content=\"article\" \/>\n<meta property=\"og:title\" content=\"Groupe R\u00e9alit\u00e9s - Le sp\u00e9cialiste du d\u00e9veloppement des territoires\" \/>\n<meta property=\"og:description\" content=\"Les programmes immobiliers du groupe R\u00e9alit\u00e9s renforcent l\u2019attractivit\u00e9 des territoires et font le bonheur de leurs occupants. Pr\u00e9sentation et s\u00e9lection.\" \/>\n<meta property=\"og:url\" content=\"https:\/\/www.appartement-construction.com\/content\/promoteurs\/presentation-groupe-realites\" \/>\n<meta property=\"og:site_name\" content=\"Acheter un appartement neuf\" \/>\n<meta property=\"article:publisher\" content=\"https:\/\/www.facebook.com\/AppartementConstructioncom\/\" \/>\n<meta property=\"article:published_time\" content=\"2020-06-17T09:35:51+00:00\" \/>\n<meta property=\"article:modified_time\" content=\"2020-07-21T14:37:23+00:00\" \/>\n<meta property=\"og:image\" content=\"https:\/\/www.appartement-construction.com\/content\/wp-content\/uploads\/2020\/04\/Groupe-Re\u0301alite\u0301s-edelweiss-head.jpg\" \/>\n\t<meta property=\"og:image:width\" content=\"1134\" \/>\n\t<meta property=\"og:image:height\" content=\"549\" \/>\n\t<meta property=\"og:image:type\" content=\"image\/jpeg\" \/>\n<meta name=\"author\" content=\"Laurence\" \/>\n<meta name=\"twitter:label1\" content=\"\u00c9crit par\" \/>\n\t<meta name=\"twitter:data1\" content=\"Laurence\" \/>\n\t<meta name=\"twitter:label2\" content=\"Dur\u00e9e de lecture estim\u00e9e\" \/>\n\t<meta name=\"twitter:data2\" content=\"9 minutes\" \/>\n<script type=\"application\/ld+json\" class=\"yoast-schema-graph\">{\"@context\":\"https:\/\/schema.org\",\"@graph\":[{\"@type\":\"Article\",\"@id\":\"https:\/\/www.appartement-construction.com\/content\/promoteurs\/presentation-groupe-realites#article\",\"isPartOf\":{\"@id\":\"https:\/\/www.appartement-construction.com\/content\/promoteurs\/presentation-groupe-realites\"},\"author\":{\"name\":\"Laurence\",\"@id\":\"https:\/\/www.appartement-construction.com\/content\/#\/schema\/person\/06fddd1d3f937d2fd54200b32e3dee41\"},\"headline\":\"Le Groupe R\u00e9alit\u00e9s, le sp\u00e9cialiste des projets de d\u00e9veloppement durable des territoires\",\"datePublished\":\"2020-06-17T09:35:51+00:00\",\"dateModified\":\"2020-07-21T14:37:23+00:00\",\"mainEntityOfPage\":{\"@id\":\"https:\/\/www.appartement-construction.com\/content\/promoteurs\/presentation-groupe-realites\"},\"wordCount\":1850,\"commentCount\":0,\"publisher\":{\"@id\":\"https:\/\/www.appartement-construction.com\/content\/#organization\"},\"image\":{\"@id\":\"https:\/\/www.appartement-construction.com\/content\/promoteurs\/presentation-groupe-realites#primaryimage\"},\"thumbnailUrl\":\"https:\/\/www.appartement-construction.com\/content\/wp-content\/uploads\/2020\/04\/Groupe-Re\u0301alite\u0301s-edelweiss-head.jpg\",\"articleSection\":[\"Les promoteurs\"],\"inLanguage\":\"fr-FR\",\"potentialAction\":[{\"@type\":\"CommentAction\",\"name\":\"Comment\",\"target\":[\"https:\/\/www.appartement-construction.com\/content\/promoteurs\/presentation-groupe-realites#respond\"]}]},{\"@type\":\"WebPage\",\"@id\":\"https:\/\/www.appartement-construction.com\/content\/promoteurs\/presentation-groupe-realites\",\"url\":\"https:\/\/www.appartement-construction.com\/content\/promoteurs\/presentation-groupe-realites\",\"name\":\"Groupe R\u00e9alit\u00e9s - Le sp\u00e9cialiste du d\u00e9veloppement des territoires\",\"isPartOf\":{\"@id\":\"https:\/\/www.appartement-construction.com\/content\/#website\"},\"primaryImageOfPage\":{\"@id\":\"https:\/\/www.appartement-construction.com\/content\/promoteurs\/presentation-groupe-realites#primaryimage\"},\"image\":{\"@id\":\"https:\/\/www.appartement-construction.com\/content\/promoteurs\/presentation-groupe-realites#primaryimage\"},\"thumbnailUrl\":\"https:\/\/www.appartement-construction.com\/content\/wp-content\/uploads\/2020\/04\/Groupe-Re\u0301alite\u0301s-edelweiss-head.jpg\",\"datePublished\":\"2020-06-17T09:35:51+00:00\",\"dateModified\":\"2020-07-21T14:37:23+00:00\",\"description\":\"Les programmes immobiliers du groupe R\u00e9alit\u00e9s renforcent l\u2019attractivit\u00e9 des territoires et font le bonheur de leurs occupants. Pr\u00e9sentation et s\u00e9lection.\",\"breadcrumb\":{\"@id\":\"https:\/\/www.appartement-construction.com\/content\/promoteurs\/presentation-groupe-realites#breadcrumb\"},\"inLanguage\":\"fr-FR\",\"potentialAction\":[{\"@type\":\"ReadAction\",\"target\":[\"https:\/\/www.appartement-construction.com\/content\/promoteurs\/presentation-groupe-realites\"]}]},{\"@type\":\"ImageObject\",\"inLanguage\":\"fr-FR\",\"@id\":\"https:\/\/www.appartement-construction.com\/content\/promoteurs\/presentation-groupe-realites#primaryimage\",\"url\":\"https:\/\/www.appartement-construction.com\/content\/wp-content\/uploads\/2020\/04\/Groupe-Re\u0301alite\u0301s-edelweiss-head.jpg\",\"contentUrl\":\"https:\/\/www.appartement-construction.com\/content\/wp-content\/uploads\/2020\/04\/Groupe-Re\u0301alite\u0301s-edelweiss-head.jpg\",\"width\":1134,\"height\":549,\"caption\":\"R\u00e9alit\u00e9s appartement neuf\"},{\"@type\":\"WebSite\",\"@id\":\"https:\/\/www.appartement-construction.com\/content\/#website\",\"url\":\"https:\/\/www.appartement-construction.com\/content\/\",\"name\":\"Acheter un appartement neuf\",\"description\":\"Trouver votre Promoteur et Appartement Neuf en Ligne !\",\"publisher\":{\"@id\":\"https:\/\/www.appartement-construction.com\/content\/#organization\"},\"potentialAction\":[{\"@type\":\"SearchAction\",\"target\":{\"@type\":\"EntryPoint\",\"urlTemplate\":\"https:\/\/www.appartement-construction.com\/content\/?s={search_term_string}\"},\"query-input\":{\"@type\":\"PropertyValueSpecification\",\"valueRequired\":true,\"valueName\":\"search_term_string\"}}],\"inLanguage\":\"fr-FR\"},{\"@type\":\"Organization\",\"@id\":\"https:\/\/www.appartement-construction.com\/content\/#organization\",\"name\":\"Appartement-Construction.com\",\"url\":\"https:\/\/www.appartement-construction.com\/content\/\",\"logo\":{\"@type\":\"ImageObject\",\"inLanguage\":\"fr-FR\",\"@id\":\"https:\/\/www.appartement-construction.com\/content\/#\/schema\/logo\/image\/\",\"url\":\"https:\/\/www.appartement-construction.com\/content\/wp-content\/uploads\/2018\/07\/logo-AC.jpg\",\"contentUrl\":\"https:\/\/www.appartement-construction.com\/content\/wp-content\/uploads\/2018\/07\/logo-AC.jpg\",\"width\":794,\"height\":491,\"caption\":\"Appartement-Construction.com\"},\"image\":{\"@id\":\"https:\/\/www.appartement-construction.com\/content\/#\/schema\/logo\/image\/\"},\"sameAs\":[\"https:\/\/www.facebook.com\/AppartementConstructioncom\/\"]},{\"@type\":\"Person\",\"@id\":\"https:\/\/www.appartement-construction.com\/content\/#\/schema\/person\/06fddd1d3f937d2fd54200b32e3dee41\",\"name\":\"Laurence\",\"image\":{\"@type\":\"ImageObject\",\"inLanguage\":\"fr-FR\",\"@id\":\"https:\/\/www.appartement-construction.com\/content\/#\/schema\/person\/image\/\",\"url\":\"https:\/\/secure.gravatar.com\/avatar\/a3d78ca6bbeca68c34b2ca0bfda3ab3e0a6d919e37a32ff151594431fef523af?s=96&d=mm&r=g\",\"contentUrl\":\"https:\/\/secure.gravatar.com\/avatar\/a3d78ca6bbeca68c34b2ca0bfda3ab3e0a6d919e37a32ff151594431fef523af?s=96&d=mm&r=g\",\"caption\":\"Laurence\"},\"url\":\"https:\/\/www.appartement-construction.com\/content\/author\/laurence\"}]}<\/script>\n<!-- \/ Yoast SEO plugin. -->","yoast_head_json":{"title":"Groupe R\u00e9alit\u00e9s - Le sp\u00e9cialiste du d\u00e9veloppement des territoires","description":"Les programmes immobiliers du groupe R\u00e9alit\u00e9s renforcent l\u2019attractivit\u00e9 des territoires et font le bonheur de leurs occupants. Pr\u00e9sentation et s\u00e9lection.","robots":{"index":"index","follow":"follow","max-snippet":"max-snippet:-1","max-image-preview":"max-image-preview:large","max-video-preview":"max-video-preview:-1"},"canonical":"https:\/\/www.appartement-construction.com\/content\/promoteurs\/presentation-groupe-realites","og_locale":"fr_FR","og_type":"article","og_title":"Groupe R\u00e9alit\u00e9s - Le sp\u00e9cialiste du d\u00e9veloppement des territoires","og_description":"Les programmes immobiliers du groupe R\u00e9alit\u00e9s renforcent l\u2019attractivit\u00e9 des territoires et font le bonheur de leurs occupants. Pr\u00e9sentation et s\u00e9lection.","og_url":"https:\/\/www.appartement-construction.com\/content\/promoteurs\/presentation-groupe-realites","og_site_name":"Acheter un appartement neuf","article_publisher":"https:\/\/www.facebook.com\/AppartementConstructioncom\/","article_published_time":"2020-06-17T09:35:51+00:00","article_modified_time":"2020-07-21T14:37:23+00:00","og_image":[{"width":1134,"height":549,"url":"https:\/\/www.appartement-construction.com\/content\/wp-content\/uploads\/2020\/04\/Groupe-Re\u0301alite\u0301s-edelweiss-head.jpg","type":"image\/jpeg"}],"author":"Laurence","twitter_misc":{"\u00c9crit par":"Laurence","Dur\u00e9e de lecture estim\u00e9e":"9 minutes"},"schema":{"@context":"https:\/\/schema.org","@graph":[{"@type":"Article","@id":"https:\/\/www.appartement-construction.com\/content\/promoteurs\/presentation-groupe-realites#article","isPartOf":{"@id":"https:\/\/www.appartement-construction.com\/content\/promoteurs\/presentation-groupe-realites"},"author":{"name":"Laurence","@id":"https:\/\/www.appartement-construction.com\/content\/#\/schema\/person\/06fddd1d3f937d2fd54200b32e3dee41"},"headline":"Le Groupe R\u00e9alit\u00e9s, le sp\u00e9cialiste des projets de d\u00e9veloppement durable des territoires","datePublished":"2020-06-17T09:35:51+00:00","dateModified":"2020-07-21T14:37:23+00:00","mainEntityOfPage":{"@id":"https:\/\/www.appartement-construction.com\/content\/promoteurs\/presentation-groupe-realites"},"wordCount":1850,"commentCount":0,"publisher":{"@id":"https:\/\/www.appartement-construction.com\/content\/#organization"},"image":{"@id":"https:\/\/www.appartement-construction.com\/content\/promoteurs\/presentation-groupe-realites#primaryimage"},"thumbnailUrl":"https:\/\/www.appartement-construction.com\/content\/wp-content\/uploads\/2020\/04\/Groupe-Re\u0301alite\u0301s-edelweiss-head.jpg","articleSection":["Les promoteurs"],"inLanguage":"fr-FR","potentialAction":[{"@type":"CommentAction","name":"Comment","target":["https:\/\/www.appartement-construction.com\/content\/promoteurs\/presentation-groupe-realites#respond"]}]},{"@type":"WebPage","@id":"https:\/\/www.appartement-construction.com\/content\/promoteurs\/presentation-groupe-realites","url":"https:\/\/www.appartement-construction.com\/content\/promoteurs\/presentation-groupe-realites","name":"Groupe R\u00e9alit\u00e9s - Le sp\u00e9cialiste du d\u00e9veloppement des territoires","isPartOf":{"@id":"https:\/\/www.appartement-construction.com\/content\/#website"},"primaryImageOfPage":{"@id":"https:\/\/www.appartement-construction.com\/content\/promoteurs\/presentation-groupe-realites#primaryimage"},"image":{"@id":"https:\/\/www.appartement-construction.com\/content\/promoteurs\/presentation-groupe-realites#primaryimage"},"thumbnailUrl":"https:\/\/www.appartement-construction.com\/content\/wp-content\/uploads\/2020\/04\/Groupe-Re\u0301alite\u0301s-edelweiss-head.jpg","datePublished":"2020-06-17T09:35:51+00:00","dateModified":"2020-07-21T14:37:23+00:00","description":"Les programmes immobiliers du groupe R\u00e9alit\u00e9s renforcent l\u2019attractivit\u00e9 des territoires et font le bonheur de leurs occupants. Pr\u00e9sentation et s\u00e9lection.","breadcrumb":{"@id":"https:\/\/www.appartement-construction.com\/content\/promoteurs\/presentation-groupe-realites#breadcrumb"},"inLanguage":"fr-FR","potentialAction":[{"@type":"ReadAction","target":["https:\/\/www.appartement-construction.com\/content\/promoteurs\/presentation-groupe-realites"]}]},{"@type":"ImageObject","inLanguage":"fr-FR","@id":"https:\/\/www.appartement-construction.com\/content\/promoteurs\/presentation-groupe-realites#primaryimage","url":"https:\/\/www.appartement-construction.com\/content\/wp-content\/uploads\/2020\/04\/Groupe-Re\u0301alite\u0301s-edelweiss-head.jpg","contentUrl":"https:\/\/www.appartement-construction.com\/content\/wp-content\/uploads\/2020\/04\/Groupe-Re\u0301alite\u0301s-edelweiss-head.jpg","width":1134,"height":549,"caption":"R\u00e9alit\u00e9s appartement neuf"},{"@type":"WebSite","@id":"https:\/\/www.appartement-construction.com\/content\/#website","url":"https:\/\/www.appartement-construction.com\/content\/","name":"Acheter un appartement neuf","description":"Trouver votre Promoteur et Appartement Neuf en Ligne !","publisher":{"@id":"https:\/\/www.appartement-construction.com\/content\/#organization"},"potentialAction":[{"@type":"SearchAction","target":{"@type":"EntryPoint","urlTemplate":"https:\/\/www.appartement-construction.com\/content\/?s={search_term_string}"},"query-input":{"@type":"PropertyValueSpecification","valueRequired":true,"valueName":"search_term_string"}}],"inLanguage":"fr-FR"},{"@type":"Organization","@id":"https:\/\/www.appartement-construction.com\/content\/#organization","name":"Appartement-Construction.com","url":"https:\/\/www.appartement-construction.com\/content\/","logo":{"@type":"ImageObject","inLanguage":"fr-FR","@id":"https:\/\/www.appartement-construction.com\/content\/#\/schema\/logo\/image\/","url":"https:\/\/www.appartement-construction.com\/content\/wp-content\/uploads\/2018\/07\/logo-AC.jpg","contentUrl":"https:\/\/www.appartement-construction.com\/content\/wp-content\/uploads\/2018\/07\/logo-AC.jpg","width":794,"height":491,"caption":"Appartement-Construction.com"},"image":{"@id":"https:\/\/www.appartement-construction.com\/content\/#\/schema\/logo\/image\/"},"sameAs":["https:\/\/www.facebook.com\/AppartementConstructioncom\/"]},{"@type":"Person","@id":"https:\/\/www.appartement-construction.com\/content\/#\/schema\/person\/06fddd1d3f937d2fd54200b32e3dee41","name":"Laurence","image":{"@type":"ImageObject","inLanguage":"fr-FR","@id":"https:\/\/www.appartement-construction.com\/content\/#\/schema\/person\/image\/","url":"https:\/\/secure.gravatar.com\/avatar\/a3d78ca6bbeca68c34b2ca0bfda3ab3e0a6d919e37a32ff151594431fef523af?s=96&d=mm&r=g","contentUrl":"https:\/\/secure.gravatar.com\/avatar\/a3d78ca6bbeca68c34b2ca0bfda3ab3e0a6d919e37a32ff151594431fef523af?s=96&d=mm&r=g","caption":"Laurence"},"url":"https:\/\/www.appartement-construction.com\/content\/author\/laurence"}]}},"_links":{"self":[{"href":"https:\/\/www.appartement-construction.com\/content\/wp-json\/wp\/v2\/posts\/6839","targetHints":{"allow":["GET"]}}],"collection":[{"href":"https:\/\/www.appartement-construction.com\/content\/wp-json\/wp\/v2\/posts"}],"about":[{"href":"https:\/\/www.appartement-construction.com\/content\/wp-json\/wp\/v2\/types\/post"}],"author":[{"embeddable":true,"href":"https:\/\/www.appartement-construction.com\/content\/wp-json\/wp\/v2\/users\/12"}],"replies":[{"embeddable":true,"href":"https:\/\/www.appartement-construction.com\/content\/wp-json\/wp\/v2\/comments?post=6839"}],"version-history":[{"count":8,"href":"https:\/\/www.appartement-construction.com\/content\/wp-json\/wp\/v2\/posts\/6839\/revisions"}],"predecessor-version":[{"id":7502,"href":"https:\/\/www.appartement-construction.com\/content\/wp-json\/wp\/v2\/posts\/6839\/revisions\/7502"}],"wp:featuredmedia":[{"embeddable":true,"href":"https:\/\/www.appartement-construction.com\/content\/wp-json\/wp\/v2\/media\/6842"}],"wp:attachment":[{"href":"https:\/\/www.appartement-construction.com\/content\/wp-json\/wp\/v2\/media?parent=6839"}],"wp:term":[{"taxonomy":"category","embeddable":true,"href":"https:\/\/www.appartement-construction.com\/content\/wp-json\/wp\/v2\/categories?post=6839"},{"taxonomy":"post_tag","embeddable":true,"href":"https:\/\/www.appartement-construction.com\/content\/wp-json\/wp\/v2\/tags?post=6839"}],"curies":[{"name":"wp","href":"https:\/\/api.w.org\/{rel}","templated":true}]}}