{"id":7642,"date":"2020-09-30T15:01:06","date_gmt":"2020-09-30T13:01:06","guid":{"rendered":"https:\/\/www.appartement-construction.com\/content\/?p=7642"},"modified":"2020-10-23T08:52:35","modified_gmt":"2020-10-23T06:52:35","slug":"groupe-sofim","status":"publish","type":"post","link":"https:\/\/www.appartement-construction.com\/content\/promoteurs\/groupe-sofim","title":{"rendered":"Sofim, Promoteur Ind\u00e9pendant \u00e0 Lille depuis plus de 30 ans"},"content":{"rendered":"\n<p class=\"p1\">Vous cherchez un appartement neuf \u00e0 acheter \u00e0 Lille et alentour\u2009? Avec plus de 30 ans d\u2019exp\u00e9rience, <strong>Sofim, promoteur ind\u00e9pendant<\/strong>, vous propose de belles <strong>r\u00e9sidences de qualit\u00e9 dans les Hauts-de-Seine<\/strong>. Ses constructions sont respectueuses de l\u2019environnement, esth\u00e9tiques et bien int\u00e9gr\u00e9es. Les logements sont personnalisables et les prestations soign\u00e9es. Voici quelques-unes de leurs op\u00e9rations en cours et r\u00e9alisations.<\/p>\n\n\n\n<!--more-->\n\n\n\n<h2 class=\"p1 wp-block-heading\"><b>Le Groupe Sofim en r\u00e9sum\u00e9<\/b><\/h2>\n\n\n\n<figure class=\"wp-block-table\"><table><tbody><tr><td><strong>Date de cr\u00e9ation du groupe<\/strong><\/td><td>1988<\/td><\/tr><tr><td><strong>Secteur d\u2019intervention<\/strong><\/td><td>Lille, r\u00e9gion Hauts-de-France<\/td><\/tr><tr><td><strong>Style de construction<\/strong><\/td><td>contemporain<\/td><\/tr><tr><td><strong>Nombre de logements construits<\/strong><\/td><td>plusieurs centaines par an<\/td><\/tr><tr><td><strong>Prix de d\u00e9part<\/strong><\/td><td>T2 de 40,3 \u00e0 51,2 m2 avec balcon ou terrasse \u00e0 partir de 137 500 \u20ac (<a href=\"https:\/\/www.groupe-sofim.com\/programme\/pixel-roubaix-nord\/\" target=\"_blank\" rel=\"noreferrer noopener\">R\u00e9sidence Pixel<\/a> \u00e0 Roubaix)<\/td><\/tr><tr><td><strong>Adresse du si\u00e8ge social<\/strong><\/td><td>15 rue Christophe Colomb 59700 Marcq-en-Bar\u0153ul<\/td><\/tr><tr><td><strong>Site web<\/strong><\/td><td><a href=\"https:\/\/www.groupe-sofim.com\/\" target=\"_blank\" rel=\"noreferrer noopener\">https:\/\/www.groupe-sofim.com\/<\/a><\/td><\/tr><tr><td><strong>T\u00e9l\u00e9phone<\/strong><\/td><td>03 20 93 11 05<\/td><\/tr><\/tbody><\/table><\/figure>\n\n\n\n<h2 class=\"p1 wp-block-heading\"><strong>Sofim,<b> un promoteur r\u00e9gional<\/b><\/strong><\/h2>\n\n\n\n<p class=\"has-medium-font-size\"><strong>Quelques mots d\u2019histoire<\/strong><\/p>\n\n\n\n<p class=\"p5\">Le groupe Sofim est <strong>n\u00e9 en 1988<\/strong> \u00e0 deux pas de Lille, \u00e0 Marcq-en-Bar\u0153ul. Entreprise \u00e0 taille humaine et ind\u00e9pendante, il affiche <strong>une \u00e9quipe d\u2019une vingtaine de collaborateurs<\/strong>. <\/p>\n\n\n\n<p class=\"p5\">Il r\u00e9alise des logements collectifs, individuels, mais aussi des lotissements et des bureaux. En 30 ans, avec des milliers de biens construits, il est devenu <strong>un acteur important du march\u00e9 de l\u2019immobilier de la M\u00e9tropole europ\u00e9enne de Lille<\/strong> et dans toute la r\u00e9gion Hauts-de-France.<\/p>\n\n\n\n<p class=\"p5\">Depuis quelques ann\u00e9es, il ajoute \u00e0 ses comp\u00e9tences <strong>la r\u00e9habilitation de b\u00e2timents anciens<\/strong>. Ceux-ci sont revaloris\u00e9s et inscrits dans la modernit\u00e9. La Villa Louis \u00e0 Arras ou Le cloitre, ancien Couvent des Carmes, en sont deux exemples r\u00e9ussis.<\/p>\n\n\n\n<div class=\"wp-block-image\"><figure class=\"aligncenter size-large\"><img loading=\"lazy\" decoding=\"async\" width=\"567\" height=\"425\" src=\"https:\/\/www.appartement-construction.com\/content\/wp-content\/uploads\/2020\/08\/sofim-cloitre.jpg\" alt=\"\" class=\"wp-image-7658\"\/><\/figure><\/div>\n\n\n\n<p class=\"has-medium-font-size\"><strong>Une connaissance fine du territoire<\/strong><\/p>\n\n\n\n<p class=\"p5\">Le promoteur et am\u00e9nageur est implant\u00e9 \u00e0 Lille depuis plus de 30 ans. <strong>Il connait toutes les sp\u00e9cificit\u00e9s et les enjeux \u00e9conomiques et sociaux du secteur<\/strong>. Ses r\u00e9alisations, faites de concert avec les collectivit\u00e9s locales, s\u2019int\u00e8grent parfaitement \u00e0 leur environnement, mais constituent \u00e9galement des vecteurs d\u2019attractivit\u00e9 et de d\u00e9veloppement du territoire.<\/p>\n\n\n\n<p class=\"has-medium-font-size\"><strong>Des partenariats solides<\/strong><\/p>\n\n\n\n<p class=\"p5\">Le promoteur a nou\u00e9 <strong>des partenariats solides avec les professionnels locaux de la construction.<\/strong> Architectes, notaires, entreprises diverses et vari\u00e9es, lui permettent de proposer aux clients un service complet. Pour en citer quelques-uns, il y a l\u2019agence Mauboussin Dumez Architecture (Roubaix) ou encore Bossan &amp; Kieken (Villeneuve-d\u2019Ascq).<\/p>\n\n\n\n<p class=\"has-medium-font-size\"><strong>Des valeurs fortes<\/strong><\/p>\n\n\n\n<p class=\"p5\">Depuis sa cr\u00e9ation, le Groupe Sofim respecte les m\u00eames valeurs&nbsp;:<\/p>\n\n\n\n<ul class=\"wp-block-list\"><li>Ses \u00e9quipes veillent \u00e0 <strong>tenir tous leurs engagements <\/strong>envers leurs clients, mais aussi partenaires et collectivit\u00e9. C\u2019est un promoteur de confiance.<\/li><li><strong>Les relations clients sont haut de gamme<\/strong> : le suivi est personnalis\u00e9 et chaque client dispose d\u2019un interlocuteur unique.<\/li><li>Toutes ses r\u00e9alisations doivent <strong>r\u00e9pondre aux plus hautes exigences<\/strong> : confortables et belles, elles pr\u00e9sentent des espaces int\u00e9rieurs soign\u00e9s et des espaces paysagers nombreux et de qualit\u00e9. Elles s\u2019int\u00e8grent harmonieusement dans leur environnement.<\/li><li>L\u2019expertise de chacun est <strong>mise au service de l\u2019environnement<\/strong>.<\/li><\/ul>\n\n\n\n<p class=\"has-medium-font-size\"><strong>La personnalisation de son logement<\/strong><\/p>\n\n\n\n<p class=\"p5\">Le groupe veille \u00e0 ce que les futurs propri\u00e9taires puissent disposer d\u2019un appartement sur-mesure. Pour cela, <strong>un large choix de mat\u00e9riaux est propos\u00e9<\/strong>. Fa\u00efence, rev\u00eatement de sol, plan de travail, etc. Tous sont visibles dans un show-room. Pour certains programmes, il est \u00e9galement possible de <strong>personnaliser l\u2019espace de son logement <\/strong>si les modifications demand\u00e9es respectent les contraintes juridiques telles que les normes handicap\u00e9es et les contraintes techniques.<\/p>\n\n\n\n<p class=\"has-medium-font-size\"><strong>L\u2019art au c\u0153ur des r\u00e9sidences<\/strong><\/p>\n\n\n\n<p class=\"p5\">Pour le Groupe SOFIM, <strong>l\u2019art doit \u00eatre pr\u00e9sent au c\u0153ur de ses r\u00e9sidences<\/strong>. Les \u0153uvres dialoguent avec le b\u00e2timent, mais aussi avec les personnes. Elles sont source d\u2019\u00e9changes et participent \u00e0 la qualit\u00e9 de vie. Dans cet objectif, il a sign\u00e9 <strong>la charte d\u2019\u00e9tat \u00ab\u20091 immeuble, 1 \u0153uvre\u2009\u00bb<\/strong>. Par ailleurs, il soutient plusieurs projets artistiques et manifestations culturelles et aide \u00e0 la production d\u2019\u0153uvres d\u2019art. La r\u00e9sidence Les Jardins du Cloitre sur l\u2019ancien Couvent des Carmes \u00e0 Lille accueille ainsi une \u0153uvre de Stief Desmet, artiste flamand.<\/p>\n\n\n\n<div class=\"wp-block-image\"><figure class=\"aligncenter size-large\"><img loading=\"lazy\" decoding=\"async\" width=\"567\" height=\"411\" src=\"https:\/\/www.appartement-construction.com\/content\/wp-content\/uploads\/2020\/08\/sofim-art-immeuble.jpg\" alt=\"1 immeuble, 1 oeuvre\" class=\"wp-image-7657\"\/><\/figure><\/div>\n\n\n\n<h2 class=\"p1 wp-block-heading\"><b>Zoom sur deux programmes en cours<\/b><\/h2>\n\n\n\n<h3 class=\"wp-block-heading\">Eloa, Templeuve-en-P\u00e9v\u00e8le (59)<\/h3>\n\n\n\n<div class=\"wp-block-image\"><figure class=\"aligncenter size-large\"><img loading=\"lazy\" decoding=\"async\" width=\"567\" height=\"277\" src=\"https:\/\/www.appartement-construction.com\/content\/wp-content\/uploads\/2020\/08\/sofim-plan-templeuve.jpg\" alt=\"plan r\u00e9sidence neuve Templeuve-en-P\u00e9v\u00e8le\" class=\"wp-image-7655\"\/><figcaption>source : Google Maps<\/figcaption><\/figure><\/div>\n\n\n\n<p class=\"has-normal-font-size\"><strong>La ville de Templeuve-en-P\u00e9v\u00e8le<\/strong><\/p>\n\n\n\n<p class=\"p5\">Templeuve-en-P\u00e9v\u00e8le, commune de 6059 habitants, accueille non loin de son centre-ville un nouveau programme&nbsp;: Central Parc, r\u00e9sidence \u00c9loa. <strong>Au c\u0153ur d\u2019un parc communal<\/strong>, ses occupants auront acc\u00e8s \u00e0 toutes les commodit\u00e9s et infrastructures dont ils auront besoin&nbsp;: \u00e9tablissements scolaires, commerces, nombreuses associations, m\u00e9diath\u00e8que, cin\u00e9ma, services, gare, etc.<span class=\"Apple-converted-space\">&nbsp; <\/span>Le centre-ville de Lille est \u00e0 environ 25&nbsp;min en voiture et 10 minutes en train et l\u2019a\u00e9roport de Lille-Lesquin est \u00e0 15&nbsp;min.<\/p>\n\n\n\n<p><strong>La r\u00e9sidence \u00c9loa<\/strong><\/p>\n\n\n\n<p class=\"p5\">Rue du Maresquel, \u00c9loa est <a href=\"https:\/\/www.groupe-sofim.com\/programme\/central-parc-residence-eloa-templeuve-nord\/\" target=\"_blank\" rel=\"noreferrer noopener\"><span class=\"s2\">une r\u00e9sidence interg\u00e9n\u00e9rationnelle<\/span><\/a> compos\u00e9e d\u2019appartements du 2 au 3 pi\u00e8ces. Son architecture contemporaine affiche de beaux mat\u00e9riaux sobres et durables. La brique rouge fait \u00e9cho au style local.<\/p>\n\n\n\n<p><strong>Les prestations<\/strong><\/p>\n\n\n\n<p class=\"p5\">La r\u00e9sidence offre <strong>de nombreux espaces de convivialit\u00e9<\/strong> \u00e0 ses r\u00e9sidents : bureau d\u2019accueil, zones de repos, jardin potager commun, terrain de p\u00e9tanque, cuisine \u00e9quip\u00e9e et salon ouvert \u00e0 la r\u00e9servation pour des \u00e9v\u00e9nements particuliers, etc. Par ailleurs, les prestations et les finitions de qualit\u00e9 garantissent confort et s\u00e9r\u00e9nit\u00e9 aux habitants (balcons ou terrasses, chaudi\u00e8re individuelle, logements aux volumes g\u00e9n\u00e9reux, etc.).<\/p>\n\n\n\n<p class=\"p5\"><strong>Un T2 de 41 m2 est \u00e0 163\u2009000&nbsp;\u20ac. Un T4 de 102&nbsp;m<span class=\"s3\"><sup>2<\/sup><\/span> est \u00e0 390\u2009000 \u20ac.<\/strong> La livraison est pr\u00e9vue au 3e trimestre&nbsp;2021.<\/p>\n\n\n\n<div class=\"wp-block-image\"><figure class=\"aligncenter size-large\"><img loading=\"lazy\" decoding=\"async\" width=\"567\" height=\"370\" src=\"https:\/\/www.appartement-construction.com\/content\/wp-content\/uploads\/2020\/08\/sofim-e\u0301loa.jpg\" alt=\"Sofim r\u00e9sidence neuve proche Lille Templeuve-en-P\u00e9v\u00e8le\" class=\"wp-image-7654\"\/><\/figure><\/div>\n\n\n\n<h3 class=\"wp-block-heading\"><b>\u00c9crin de Ville, Valenciennes (59)<\/b><\/h3>\n\n\n\n<div class=\"wp-block-image\"><figure class=\"aligncenter size-large\"><img loading=\"lazy\" decoding=\"async\" width=\"567\" height=\"263\" src=\"https:\/\/www.appartement-construction.com\/content\/wp-content\/uploads\/2020\/08\/sofim-plan-petite-fore\u0302t-valenciennes.jpg\" alt=\"plan Valenciennes appartement neuf\" class=\"wp-image-7653\"\/><figcaption>source : Google Maps<\/figcaption><\/figure><\/div>\n\n\n\n<p><strong>La ville de Valenciennes<\/strong><\/p>\n\n\n\n<p class=\"p5\">Valenciennes, ville dynamique et pris\u00e9e est situ\u00e9e \u00e0 50&nbsp;km de Lille. <strong>Entour\u00e9e par les Parc Naturels r\u00e9gionaux de l\u2019Avesnois et Scarpe-Escaut <\/strong>et disposant de <strong>90 ha d\u2019espaces verts<\/strong>, elle offre un cadre de vie entre nature et urbanit\u00e9. Bassin d\u2019emplois, \u00e9tablissements scolaires, commerces, infrastructures sportives et culturelles, transport en commun, rien n\u2019y fait d\u00e9faut\u2009!<\/p>\n\n\n\n<p><strong>La r\u00e9sidence \u00c9crin de Ville<\/strong><\/p>\n\n\n\n<p class=\"p5\"><span class=\"s2\">Le programme immobilier <a href=\"https:\/\/www.groupe-sofim.com\/programme\/ecrin-de-ville-valenciennes-nord-2\/\" target=\"_blank\" rel=\"noreferrer noopener\">\u00c9crin de Ville<\/a><\/span> se situe rue de la Petite For\u00eat dans un quartier r\u00e9sidentiel en renouveau. L\u2019ensemble, tr\u00e8s bien int\u00e9gr\u00e9 \u00e0 son environnement, mixe <strong>de petits immeubles de 12 appartements de 2 pi\u00e8ces et 22 maisons de 4 pi\u00e8ces<\/strong>. Les mat\u00e9riaux utilis\u00e9s sont sobres et \u00e9l\u00e9gants, mais aussi p\u00e9rennes. Les espaces arbor\u00e9s et les cheminements pi\u00e9tonniers sont tr\u00e8s nombreux. L\u2019architecte du projet est Benjamin Potie (Lille).<\/p>\n\n\n\n<p><strong>Les prestations<\/strong><\/p>\n\n\n\n<p class=\"p5\">Chaudi\u00e8re individuelle, salle de bain am\u00e9nag\u00e9e, cuisine contemporaine ouverte sur le s\u00e9jour, carrelage au sol, balcons et terrasses, vue d\u00e9gag\u00e9e sur la verdure, finitions soign\u00e9es, etc. La r\u00e9sidence offre un cadre de vie de qualit\u00e9 \u00e0 ses occupants.<\/p>\n\n\n\n<p class=\"p5\"><strong>Un T2 de 49 m2 avec jardin est \u00e0 139\u2009800&nbsp;\u20ac.<\/strong> La livraison est pr\u00e9vue au 4e trimestre&nbsp;2020.<\/p>\n\n\n\n<div class=\"wp-block-image\"><figure class=\"aligncenter size-large\"><img loading=\"lazy\" decoding=\"async\" width=\"567\" height=\"285\" src=\"https:\/\/www.appartement-construction.com\/content\/wp-content\/uploads\/2020\/08\/sofim-e\u0301crin-de-ville.jpg\" alt=\"sofim appartement neuf Valenciennes\" class=\"wp-image-7652\"\/><\/figure><\/div>\n\n\n\n<h2 class=\"p1 wp-block-heading\"><b>Derniers programmes livr\u00e9s par Sofim<\/b><\/h2>\n\n\n\n<h3 class=\"wp-block-heading\">Constellation, Lille (59)<\/h3>\n\n\n\n<div class=\"wp-block-image\"><figure class=\"aligncenter size-large\"><img loading=\"lazy\" decoding=\"async\" width=\"567\" height=\"225\" src=\"https:\/\/www.appartement-construction.com\/content\/wp-content\/uploads\/2020\/08\/sofim-plan-rue-jemmapes-lille.jpg\" alt=\"appartement neuf plan Vieux-Lille\" class=\"wp-image-7651\"\/><figcaption>source : Google Maps<\/figcaption><\/figure><\/div>\n\n\n\n<p><strong>Le quartier du Vieux-Lille<\/strong><\/p>\n\n\n\n<p class=\"p5\">\u00c0 quelques pas du centre-ville, au nord, le Vieux-Lille est <strong>un des quartiers les plus pris\u00e9s de la cit\u00e9<\/strong>. Avec ses maisons en briques rouges, la Vieille Bourse, la cath\u00e9drale Notre-Dame-de-la-Treille, ses commerces et restaurants, il y fait bon vivre.<strong> Depuis 2017, le secteur fait l\u2019objet d\u2019une r\u00e9novation <\/strong>afin d\u2019offrir aux touristes et habitants encore plus de confort (rues pav\u00e9es, r\u00e9organisation de l\u2019espace public, nouveau mobilier urbain, etc.).<\/p>\n\n\n\n<p><strong>La r\u00e9sidence Constellation<\/strong><\/p>\n\n\n\n<p class=\"p5\">Au 11-13 rue Jemmapes, <a rel=\"noreferrer noopener\" href=\"https:\/\/www.groupe-sofim.com\/programme\/constellation-lille-nord\/\" target=\"_blank\"><span class=\"s2\">la r\u00e9sidence Constellation<\/span><\/a> est n\u00e9e de la <strong>transformation d\u2019un ancien immeuble de bureaux des ann\u00e9es&nbsp;90<\/strong>. La fa\u00e7ade d\u2019origine a \u00e9t\u00e9 rhabill\u00e9e de teintes claires et naturelles. Les espaces ont \u00e9t\u00e9 repens\u00e9s afin de proposer <strong>15 appartements haut de gamme du studio au 4 pi\u00e8ces<\/strong> dont la plupart sont traversants. Les int\u00e9rieurs sont lumineux et offrent des prestations et finitions soign\u00e9es&nbsp;: visiophone, salle de bain \u00e9quip\u00e9e, parquet, etc. Certains disposent de balcons ou terrasses \u00e0 ciel ouvert. Au rez-de-chauss\u00e9e de la r\u00e9sidence, des bureaux sont am\u00e9nag\u00e9s.<\/p>\n\n\n\n<p class=\"p5\"><strong>Un T3 de 79,2&nbsp;m2 est \u00e0 partir de 459\u2009000&nbsp;\u20ac.<\/strong> La livraison a \u00e9t\u00e9 faite au 1er trimestre&nbsp;2020.<\/p>\n\n\n\n<div class=\"wp-block-image\"><figure class=\"aligncenter size-large\"><img loading=\"lazy\" decoding=\"async\" width=\"567\" height=\"443\" src=\"https:\/\/www.appartement-construction.com\/content\/wp-content\/uploads\/2020\/08\/sofim-constellation.jpg\" alt=\"r\u00e9sidence neuve groupe Sofim Lille\" class=\"wp-image-7650\"\/><\/figure><\/div>\n\n\n\n<h3 class=\"wp-block-heading\">Horizon, Willems (59)<\/h3>\n\n\n\n<div class=\"wp-block-image\"><figure class=\"aligncenter size-large\"><img loading=\"lazy\" decoding=\"async\" width=\"567\" height=\"237\" src=\"https:\/\/www.appartement-construction.com\/content\/wp-content\/uploads\/2020\/08\/sofim-plan-willems.jpg\" alt=\"plan Willems appartement neuf\" class=\"wp-image-7649\"\/><figcaption>source : Google Maps<\/figcaption><\/figure><\/div>\n\n\n\n<p><strong>La ville de Willems<\/strong><\/p>\n\n\n\n<p class=\"p5\">Willems, commune de 3025 habitants, est situ\u00e9e \u00e0 15&nbsp;min de Lille en voiture ou train. Cit\u00e9 frontali\u00e8re de la Belgique, elle est aussi proche de Roubaix, Villeneuve-d\u2019Ascq et Cysoing. Gare dans la ville, bus, commerces, services, march\u00e9 le samedi matin, \u00e9tablissements scolaires, sportifs et culturels, centre commercial, non loin&#8230; <strong>Tout y est r\u00e9uni pour un cadre de vie de qualit\u00e9 \u00e0 prix abordable.<\/strong><\/p>\n\n\n\n<p><strong>La r\u00e9sidence Horizon<\/strong><\/p>\n\n\n\n<p class=\"p5\">3 rue de la R\u00e9publique, <a rel=\"noreferrer noopener\" href=\"https:\/\/www.groupe-sofim.com\/programme\/horizon-zone-b1-eligible-pinel-willems-nord\/\" target=\"_blank\"><span class=\"s2\">la r\u00e9sidence Horizon<\/span><\/a> est construite dans une rue calme et verdoyante en plein c\u0153ur de ville.<strong> 34 appartements neufs du T2 au T4 sont r\u00e9partis en 2 b\u00e2timents \u00e0 taille humaine<\/strong>. L\u2019architecture est en parfaite harmonie avec son environnement&nbsp;: c\u00f4t\u00e9 rue de la R\u00e9publique, briques blanches et toit pentus se fondent dans l\u2019authenticit\u00e9 du centre historique\u2009; c\u00f4t\u00e9 jardin, enduit blanc et habillage bois rev\u00eatent des volumes plus contemporains. Les logements \u00e9quip\u00e9s de terrasses ou balcons sont tr\u00e8s lumineux et parfaitement agenc\u00e9s.<\/p>\n\n\n\n<figure class=\"wp-block-gallery aligncenter columns-2 is-cropped wp-block-gallery-1 is-layout-flex wp-block-gallery-is-layout-flex\"><ul class=\"blocks-gallery-grid\"><li class=\"blocks-gallery-item\"><figure><img loading=\"lazy\" decoding=\"async\" width=\"567\" height=\"249\" src=\"https:\/\/www.appartement-construction.com\/content\/wp-content\/uploads\/2020\/08\/sofim-horizon-rue.jpg\" alt=\"\" data-id=\"7647\" data-full-url=\"https:\/\/www.appartement-construction.com\/content\/wp-content\/uploads\/2020\/08\/sofim-horizon-rue.jpg\" data-link=\"https:\/\/www.appartement-construction.com\/content\/?attachment_id=7647\" class=\"wp-image-7647\"\/><\/figure><\/li><li class=\"blocks-gallery-item\"><figure><img loading=\"lazy\" decoding=\"async\" width=\"567\" height=\"340\" src=\"https:\/\/www.appartement-construction.com\/content\/wp-content\/uploads\/2020\/08\/sofim-horizon-jardin.jpg\" alt=\"\" data-id=\"7648\" data-full-url=\"https:\/\/www.appartement-construction.com\/content\/wp-content\/uploads\/2020\/08\/sofim-horizon-jardin.jpg\" data-link=\"https:\/\/www.appartement-construction.com\/content\/?attachment_id=7648\" class=\"wp-image-7648\"\/><\/figure><\/li><\/ul><\/figure>\n\n\n\n<h2 class=\"p1 wp-block-heading\"><b>Les agences et espaces de vente<\/b><\/h2>\n\n\n\n<p class=\"p7\"><span class=\"s4\">Les bureaux du Groupe Sofim sont situ\u00e9s au <\/span>15 rue Christophe Colomb \u00e0 Marcq-en-Bar\u0153ul. Pour tous renseignements sur les programmes immobiliers en cours vous pouvez vous y rendre ou bien appeler au <span class=\"s4\"><strong>03&nbsp;20&nbsp;93&nbsp;11&nbsp;05<\/strong>. <\/span><\/p>\n\n\n\n<p class=\"p1\"><i>Dans la M\u00e9tropole europ\u00e9enne de Lille et dans toute la r\u00e9gion Hauts-de-France, le promoteur et am\u00e9nageur ind\u00e9pendant Sofim construit des r\u00e9sidences de qualit\u00e9 depuis 1988. Tr\u00e8s bien implant\u00e9 sur son territoire et maitrisant tous ses enjeux et ses sp\u00e9cificit\u00e9s, <strong>ses projets y sont parfaitement int\u00e9gr\u00e9s et s\u2019inscrivent dans la ville de demain<\/strong>. Pour une r\u00e9sidence principale ou un investissement locatif, vous pouvez vous tourner vers eux sans h\u00e9sitation.&nbsp;<\/i><\/p>\n","protected":false},"excerpt":{"rendered":"<p>Vous cherchez un appartement neuf \u00e0 acheter \u00e0 Lille et alentour\u2009? Avec plus de 30 ans d\u2019exp\u00e9rience, Sofim, promoteur ind\u00e9pendant, vous propose de belles r\u00e9sidences de qualit\u00e9 dans les Hauts-de-Seine. Ses constructions sont respectueuses de l\u2019environnement, esth\u00e9tiques et bien int\u00e9gr\u00e9es. Les logements sont personnalisables et les prestations soign\u00e9es. Voici quelques-unes de leurs op\u00e9rations en cours [&hellip;]<\/p>\n","protected":false},"author":12,"featured_media":7656,"comment_status":"open","ping_status":"open","sticky":false,"template":"","format":"standard","meta":{"footnotes":""},"categories":[5],"tags":[],"class_list":["post-7642","post","type-post","status-publish","format-standard","has-post-thumbnail","hentry","category-promoteurs"],"yoast_head":"<!-- This site is optimized with the Yoast SEO plugin v25.1 - https:\/\/yoast.com\/wordpress\/plugins\/seo\/ -->\n<title>Sofim, Promoteur Ind\u00e9pendant \u00e0 Lille depuis plus de 30 ans !<\/title>\n<meta name=\"description\" content=\"Depuis 1988, le Groupe Sofim, promoteur et am\u00e9nageur ind\u00e9pendant, construit des r\u00e9sidences de qualit\u00e9 \u00e0 Lille et dans toute la r\u00e9gion Hauts-de-France.\" \/>\n<meta name=\"robots\" content=\"index, follow, max-snippet:-1, max-image-preview:large, max-video-preview:-1\" \/>\n<link rel=\"canonical\" href=\"https:\/\/www.appartement-construction.com\/content\/promoteurs\/groupe-sofim\" \/>\n<meta property=\"og:locale\" content=\"fr_FR\" \/>\n<meta property=\"og:type\" content=\"article\" \/>\n<meta property=\"og:title\" content=\"Sofim, Promoteur Ind\u00e9pendant \u00e0 Lille depuis plus de 30 ans !\" \/>\n<meta property=\"og:description\" content=\"Depuis 1988, le Groupe Sofim, promoteur et am\u00e9nageur ind\u00e9pendant, construit des r\u00e9sidences de qualit\u00e9 \u00e0 Lille et dans toute la r\u00e9gion Hauts-de-France.\" \/>\n<meta property=\"og:url\" content=\"https:\/\/www.appartement-construction.com\/content\/promoteurs\/groupe-sofim\" \/>\n<meta property=\"og:site_name\" content=\"Acheter un appartement neuf\" \/>\n<meta property=\"article:publisher\" content=\"https:\/\/www.facebook.com\/AppartementConstructioncom\/\" \/>\n<meta property=\"article:published_time\" content=\"2020-09-30T13:01:06+00:00\" \/>\n<meta property=\"article:modified_time\" content=\"2020-10-23T06:52:35+00:00\" \/>\n<meta property=\"og:image\" content=\"https:\/\/www.appartement-construction.com\/content\/wp-content\/uploads\/2020\/08\/sofim-pixel-roubaix-head.jpg\" \/>\n\t<meta property=\"og:image:width\" content=\"1134\" \/>\n\t<meta property=\"og:image:height\" content=\"709\" \/>\n\t<meta property=\"og:image:type\" content=\"image\/jpeg\" \/>\n<meta name=\"author\" content=\"Laurence\" \/>\n<meta name=\"twitter:label1\" content=\"\u00c9crit par\" \/>\n\t<meta name=\"twitter:data1\" content=\"Laurence\" \/>\n\t<meta name=\"twitter:label2\" content=\"Dur\u00e9e de lecture estim\u00e9e\" \/>\n\t<meta name=\"twitter:data2\" content=\"8 minutes\" \/>\n<script type=\"application\/ld+json\" class=\"yoast-schema-graph\">{\"@context\":\"https:\/\/schema.org\",\"@graph\":[{\"@type\":\"Article\",\"@id\":\"https:\/\/www.appartement-construction.com\/content\/promoteurs\/groupe-sofim#article\",\"isPartOf\":{\"@id\":\"https:\/\/www.appartement-construction.com\/content\/promoteurs\/groupe-sofim\"},\"author\":{\"name\":\"Laurence\",\"@id\":\"https:\/\/www.appartement-construction.com\/content\/#\/schema\/person\/06fddd1d3f937d2fd54200b32e3dee41\"},\"headline\":\"Sofim, Promoteur Ind\u00e9pendant \u00e0 Lille depuis plus de 30 ans\",\"datePublished\":\"2020-09-30T13:01:06+00:00\",\"dateModified\":\"2020-10-23T06:52:35+00:00\",\"mainEntityOfPage\":{\"@id\":\"https:\/\/www.appartement-construction.com\/content\/promoteurs\/groupe-sofim\"},\"wordCount\":1640,\"commentCount\":0,\"publisher\":{\"@id\":\"https:\/\/www.appartement-construction.com\/content\/#organization\"},\"image\":{\"@id\":\"https:\/\/www.appartement-construction.com\/content\/promoteurs\/groupe-sofim#primaryimage\"},\"thumbnailUrl\":\"https:\/\/www.appartement-construction.com\/content\/wp-content\/uploads\/2020\/08\/sofim-pixel-roubaix-head.jpg\",\"articleSection\":[\"Les promoteurs\"],\"inLanguage\":\"fr-FR\",\"potentialAction\":[{\"@type\":\"CommentAction\",\"name\":\"Comment\",\"target\":[\"https:\/\/www.appartement-construction.com\/content\/promoteurs\/groupe-sofim#respond\"]}]},{\"@type\":\"WebPage\",\"@id\":\"https:\/\/www.appartement-construction.com\/content\/promoteurs\/groupe-sofim\",\"url\":\"https:\/\/www.appartement-construction.com\/content\/promoteurs\/groupe-sofim\",\"name\":\"Sofim, Promoteur Ind\u00e9pendant \u00e0 Lille depuis plus de 30 ans !\",\"isPartOf\":{\"@id\":\"https:\/\/www.appartement-construction.com\/content\/#website\"},\"primaryImageOfPage\":{\"@id\":\"https:\/\/www.appartement-construction.com\/content\/promoteurs\/groupe-sofim#primaryimage\"},\"image\":{\"@id\":\"https:\/\/www.appartement-construction.com\/content\/promoteurs\/groupe-sofim#primaryimage\"},\"thumbnailUrl\":\"https:\/\/www.appartement-construction.com\/content\/wp-content\/uploads\/2020\/08\/sofim-pixel-roubaix-head.jpg\",\"datePublished\":\"2020-09-30T13:01:06+00:00\",\"dateModified\":\"2020-10-23T06:52:35+00:00\",\"description\":\"Depuis 1988, le Groupe Sofim, promoteur et am\u00e9nageur ind\u00e9pendant, construit des r\u00e9sidences de qualit\u00e9 \u00e0 Lille et dans toute la r\u00e9gion Hauts-de-France.\",\"breadcrumb\":{\"@id\":\"https:\/\/www.appartement-construction.com\/content\/promoteurs\/groupe-sofim#breadcrumb\"},\"inLanguage\":\"fr-FR\",\"potentialAction\":[{\"@type\":\"ReadAction\",\"target\":[\"https:\/\/www.appartement-construction.com\/content\/promoteurs\/groupe-sofim\"]}]},{\"@type\":\"ImageObject\",\"inLanguage\":\"fr-FR\",\"@id\":\"https:\/\/www.appartement-construction.com\/content\/promoteurs\/groupe-sofim#primaryimage\",\"url\":\"https:\/\/www.appartement-construction.com\/content\/wp-content\/uploads\/2020\/08\/sofim-pixel-roubaix-head.jpg\",\"contentUrl\":\"https:\/\/www.appartement-construction.com\/content\/wp-content\/uploads\/2020\/08\/sofim-pixel-roubaix-head.jpg\",\"width\":1134,\"height\":709,\"caption\":\"sofim r\u00e9sidence neuve Roubaix\"},{\"@type\":\"WebSite\",\"@id\":\"https:\/\/www.appartement-construction.com\/content\/#website\",\"url\":\"https:\/\/www.appartement-construction.com\/content\/\",\"name\":\"Acheter un appartement neuf\",\"description\":\"Trouver votre Promoteur et Appartement Neuf en Ligne !\",\"publisher\":{\"@id\":\"https:\/\/www.appartement-construction.com\/content\/#organization\"},\"potentialAction\":[{\"@type\":\"SearchAction\",\"target\":{\"@type\":\"EntryPoint\",\"urlTemplate\":\"https:\/\/www.appartement-construction.com\/content\/?s={search_term_string}\"},\"query-input\":{\"@type\":\"PropertyValueSpecification\",\"valueRequired\":true,\"valueName\":\"search_term_string\"}}],\"inLanguage\":\"fr-FR\"},{\"@type\":\"Organization\",\"@id\":\"https:\/\/www.appartement-construction.com\/content\/#organization\",\"name\":\"Appartement-Construction.com\",\"url\":\"https:\/\/www.appartement-construction.com\/content\/\",\"logo\":{\"@type\":\"ImageObject\",\"inLanguage\":\"fr-FR\",\"@id\":\"https:\/\/www.appartement-construction.com\/content\/#\/schema\/logo\/image\/\",\"url\":\"https:\/\/www.appartement-construction.com\/content\/wp-content\/uploads\/2018\/07\/logo-AC.jpg\",\"contentUrl\":\"https:\/\/www.appartement-construction.com\/content\/wp-content\/uploads\/2018\/07\/logo-AC.jpg\",\"width\":794,\"height\":491,\"caption\":\"Appartement-Construction.com\"},\"image\":{\"@id\":\"https:\/\/www.appartement-construction.com\/content\/#\/schema\/logo\/image\/\"},\"sameAs\":[\"https:\/\/www.facebook.com\/AppartementConstructioncom\/\"]},{\"@type\":\"Person\",\"@id\":\"https:\/\/www.appartement-construction.com\/content\/#\/schema\/person\/06fddd1d3f937d2fd54200b32e3dee41\",\"name\":\"Laurence\",\"image\":{\"@type\":\"ImageObject\",\"inLanguage\":\"fr-FR\",\"@id\":\"https:\/\/www.appartement-construction.com\/content\/#\/schema\/person\/image\/\",\"url\":\"https:\/\/secure.gravatar.com\/avatar\/a3d78ca6bbeca68c34b2ca0bfda3ab3e0a6d919e37a32ff151594431fef523af?s=96&d=mm&r=g\",\"contentUrl\":\"https:\/\/secure.gravatar.com\/avatar\/a3d78ca6bbeca68c34b2ca0bfda3ab3e0a6d919e37a32ff151594431fef523af?s=96&d=mm&r=g\",\"caption\":\"Laurence\"},\"url\":\"https:\/\/www.appartement-construction.com\/content\/author\/laurence\"}]}<\/script>\n<!-- \/ Yoast SEO plugin. -->","yoast_head_json":{"title":"Sofim, Promoteur Ind\u00e9pendant \u00e0 Lille depuis plus de 30 ans !","description":"Depuis 1988, le Groupe Sofim, promoteur et am\u00e9nageur ind\u00e9pendant, construit des r\u00e9sidences de qualit\u00e9 \u00e0 Lille et dans toute la r\u00e9gion Hauts-de-France.","robots":{"index":"index","follow":"follow","max-snippet":"max-snippet:-1","max-image-preview":"max-image-preview:large","max-video-preview":"max-video-preview:-1"},"canonical":"https:\/\/www.appartement-construction.com\/content\/promoteurs\/groupe-sofim","og_locale":"fr_FR","og_type":"article","og_title":"Sofim, Promoteur Ind\u00e9pendant \u00e0 Lille depuis plus de 30 ans !","og_description":"Depuis 1988, le Groupe Sofim, promoteur et am\u00e9nageur ind\u00e9pendant, construit des r\u00e9sidences de qualit\u00e9 \u00e0 Lille et dans toute la r\u00e9gion Hauts-de-France.","og_url":"https:\/\/www.appartement-construction.com\/content\/promoteurs\/groupe-sofim","og_site_name":"Acheter un appartement neuf","article_publisher":"https:\/\/www.facebook.com\/AppartementConstructioncom\/","article_published_time":"2020-09-30T13:01:06+00:00","article_modified_time":"2020-10-23T06:52:35+00:00","og_image":[{"width":1134,"height":709,"url":"https:\/\/www.appartement-construction.com\/content\/wp-content\/uploads\/2020\/08\/sofim-pixel-roubaix-head.jpg","type":"image\/jpeg"}],"author":"Laurence","twitter_misc":{"\u00c9crit par":"Laurence","Dur\u00e9e de lecture estim\u00e9e":"8 minutes"},"schema":{"@context":"https:\/\/schema.org","@graph":[{"@type":"Article","@id":"https:\/\/www.appartement-construction.com\/content\/promoteurs\/groupe-sofim#article","isPartOf":{"@id":"https:\/\/www.appartement-construction.com\/content\/promoteurs\/groupe-sofim"},"author":{"name":"Laurence","@id":"https:\/\/www.appartement-construction.com\/content\/#\/schema\/person\/06fddd1d3f937d2fd54200b32e3dee41"},"headline":"Sofim, Promoteur Ind\u00e9pendant \u00e0 Lille depuis plus de 30 ans","datePublished":"2020-09-30T13:01:06+00:00","dateModified":"2020-10-23T06:52:35+00:00","mainEntityOfPage":{"@id":"https:\/\/www.appartement-construction.com\/content\/promoteurs\/groupe-sofim"},"wordCount":1640,"commentCount":0,"publisher":{"@id":"https:\/\/www.appartement-construction.com\/content\/#organization"},"image":{"@id":"https:\/\/www.appartement-construction.com\/content\/promoteurs\/groupe-sofim#primaryimage"},"thumbnailUrl":"https:\/\/www.appartement-construction.com\/content\/wp-content\/uploads\/2020\/08\/sofim-pixel-roubaix-head.jpg","articleSection":["Les promoteurs"],"inLanguage":"fr-FR","potentialAction":[{"@type":"CommentAction","name":"Comment","target":["https:\/\/www.appartement-construction.com\/content\/promoteurs\/groupe-sofim#respond"]}]},{"@type":"WebPage","@id":"https:\/\/www.appartement-construction.com\/content\/promoteurs\/groupe-sofim","url":"https:\/\/www.appartement-construction.com\/content\/promoteurs\/groupe-sofim","name":"Sofim, Promoteur Ind\u00e9pendant \u00e0 Lille depuis plus de 30 ans !","isPartOf":{"@id":"https:\/\/www.appartement-construction.com\/content\/#website"},"primaryImageOfPage":{"@id":"https:\/\/www.appartement-construction.com\/content\/promoteurs\/groupe-sofim#primaryimage"},"image":{"@id":"https:\/\/www.appartement-construction.com\/content\/promoteurs\/groupe-sofim#primaryimage"},"thumbnailUrl":"https:\/\/www.appartement-construction.com\/content\/wp-content\/uploads\/2020\/08\/sofim-pixel-roubaix-head.jpg","datePublished":"2020-09-30T13:01:06+00:00","dateModified":"2020-10-23T06:52:35+00:00","description":"Depuis 1988, le Groupe Sofim, promoteur et am\u00e9nageur ind\u00e9pendant, construit des r\u00e9sidences de qualit\u00e9 \u00e0 Lille et dans toute la r\u00e9gion Hauts-de-France.","breadcrumb":{"@id":"https:\/\/www.appartement-construction.com\/content\/promoteurs\/groupe-sofim#breadcrumb"},"inLanguage":"fr-FR","potentialAction":[{"@type":"ReadAction","target":["https:\/\/www.appartement-construction.com\/content\/promoteurs\/groupe-sofim"]}]},{"@type":"ImageObject","inLanguage":"fr-FR","@id":"https:\/\/www.appartement-construction.com\/content\/promoteurs\/groupe-sofim#primaryimage","url":"https:\/\/www.appartement-construction.com\/content\/wp-content\/uploads\/2020\/08\/sofim-pixel-roubaix-head.jpg","contentUrl":"https:\/\/www.appartement-construction.com\/content\/wp-content\/uploads\/2020\/08\/sofim-pixel-roubaix-head.jpg","width":1134,"height":709,"caption":"sofim r\u00e9sidence neuve Roubaix"},{"@type":"WebSite","@id":"https:\/\/www.appartement-construction.com\/content\/#website","url":"https:\/\/www.appartement-construction.com\/content\/","name":"Acheter un appartement neuf","description":"Trouver votre Promoteur et Appartement Neuf en Ligne !","publisher":{"@id":"https:\/\/www.appartement-construction.com\/content\/#organization"},"potentialAction":[{"@type":"SearchAction","target":{"@type":"EntryPoint","urlTemplate":"https:\/\/www.appartement-construction.com\/content\/?s={search_term_string}"},"query-input":{"@type":"PropertyValueSpecification","valueRequired":true,"valueName":"search_term_string"}}],"inLanguage":"fr-FR"},{"@type":"Organization","@id":"https:\/\/www.appartement-construction.com\/content\/#organization","name":"Appartement-Construction.com","url":"https:\/\/www.appartement-construction.com\/content\/","logo":{"@type":"ImageObject","inLanguage":"fr-FR","@id":"https:\/\/www.appartement-construction.com\/content\/#\/schema\/logo\/image\/","url":"https:\/\/www.appartement-construction.com\/content\/wp-content\/uploads\/2018\/07\/logo-AC.jpg","contentUrl":"https:\/\/www.appartement-construction.com\/content\/wp-content\/uploads\/2018\/07\/logo-AC.jpg","width":794,"height":491,"caption":"Appartement-Construction.com"},"image":{"@id":"https:\/\/www.appartement-construction.com\/content\/#\/schema\/logo\/image\/"},"sameAs":["https:\/\/www.facebook.com\/AppartementConstructioncom\/"]},{"@type":"Person","@id":"https:\/\/www.appartement-construction.com\/content\/#\/schema\/person\/06fddd1d3f937d2fd54200b32e3dee41","name":"Laurence","image":{"@type":"ImageObject","inLanguage":"fr-FR","@id":"https:\/\/www.appartement-construction.com\/content\/#\/schema\/person\/image\/","url":"https:\/\/secure.gravatar.com\/avatar\/a3d78ca6bbeca68c34b2ca0bfda3ab3e0a6d919e37a32ff151594431fef523af?s=96&d=mm&r=g","contentUrl":"https:\/\/secure.gravatar.com\/avatar\/a3d78ca6bbeca68c34b2ca0bfda3ab3e0a6d919e37a32ff151594431fef523af?s=96&d=mm&r=g","caption":"Laurence"},"url":"https:\/\/www.appartement-construction.com\/content\/author\/laurence"}]}},"_links":{"self":[{"href":"https:\/\/www.appartement-construction.com\/content\/wp-json\/wp\/v2\/posts\/7642","targetHints":{"allow":["GET"]}}],"collection":[{"href":"https:\/\/www.appartement-construction.com\/content\/wp-json\/wp\/v2\/posts"}],"about":[{"href":"https:\/\/www.appartement-construction.com\/content\/wp-json\/wp\/v2\/types\/post"}],"author":[{"embeddable":true,"href":"https:\/\/www.appartement-construction.com\/content\/wp-json\/wp\/v2\/users\/12"}],"replies":[{"embeddable":true,"href":"https:\/\/www.appartement-construction.com\/content\/wp-json\/wp\/v2\/comments?post=7642"}],"version-history":[{"count":15,"href":"https:\/\/www.appartement-construction.com\/content\/wp-json\/wp\/v2\/posts\/7642\/revisions"}],"predecessor-version":[{"id":8214,"href":"https:\/\/www.appartement-construction.com\/content\/wp-json\/wp\/v2\/posts\/7642\/revisions\/8214"}],"wp:featuredmedia":[{"embeddable":true,"href":"https:\/\/www.appartement-construction.com\/content\/wp-json\/wp\/v2\/media\/7656"}],"wp:attachment":[{"href":"https:\/\/www.appartement-construction.com\/content\/wp-json\/wp\/v2\/media?parent=7642"}],"wp:term":[{"taxonomy":"category","embeddable":true,"href":"https:\/\/www.appartement-construction.com\/content\/wp-json\/wp\/v2\/categories?post=7642"},{"taxonomy":"post_tag","embeddable":true,"href":"https:\/\/www.appartement-construction.com\/content\/wp-json\/wp\/v2\/tags?post=7642"}],"curies":[{"name":"wp","href":"https:\/\/api.w.org\/{rel}","templated":true}]}}