{"id":7661,"date":"2020-10-26T17:48:26","date_gmt":"2020-10-26T16:48:26","guid":{"rendered":"https:\/\/www.appartement-construction.com\/content\/?p=7661"},"modified":"2020-11-23T10:07:34","modified_gmt":"2020-11-23T09:07:34","slug":"loger-habitat","status":"publish","type":"post","link":"https:\/\/www.appartement-construction.com\/content\/promoteurs\/loger-habitat","title":{"rendered":"Loger Habitat, le promoteur de r\u00e9f\u00e9rence de la r\u00e9gion Hauts-de-France"},"content":{"rendered":"\n<p class=\"p1\">Dans la r\u00e9gion Hauts-de-France, un promoteur local, Loger Habitat, r\u00e9alise <strong>de beaux programmes immobiliers depuis plus de 60 ans<\/strong>. Avec 3000 logements collectifs, il est devenu <strong>une r\u00e9f\u00e9rence incontournable dans le secteur<\/strong>. Sa connaissance fine du territoire et les relations de confiance tiss\u00e9es avec les collectivit\u00e9s lui permettent de proposer des r\u00e9sidences \u00e0 de tr\u00e8s belles adresses. Sa recherche constante de qualit\u00e9 se traduit par <strong>des constructions certifi\u00e9es NF Habitat depuis 2012<\/strong>. Voici une s\u00e9lection de ses programmes.<\/p>\n\n\n\n<!--more-->\n\n\n\n<h2 class=\"p1 wp-block-heading\" id=\"h-loger-habitat-en-r-sum\"><b>Loger Habitat en r\u00e9sum\u00e9<\/b><\/h2>\n\n\n\n<figure class=\"wp-block-table\"><table><tbody><tr><td><strong>Date de cr\u00e9ation du groupe<\/strong><\/td><td>1960<\/td><\/tr><tr><td><strong>Secteur d\u2019intervention<\/strong><\/td><td>r\u00e9gion Hauts-de-France<\/td><\/tr><tr><td><strong>Style de construction<\/strong><\/td><td>contemporain<\/td><\/tr><tr><td><strong>Nombre de logements construits<\/strong><\/td><td>3000 logements collectifs et 6000 logements individuels<\/td><\/tr><tr><td><strong>Prix de d\u00e9part<\/strong><\/td><td>T1 jusqu\u2019\u00e0 27,59 m2 \u00e0 partir de 104 000 \u20ac (<a target=\"_blank\" href=\"https:\/\/www.loger-habitat.fr\/programme\/carre-des-loges\/\" rel=\"noreferrer noopener\">Carr\u00e9 des Loges<\/a>, Valenciennes)<\/td><\/tr><tr><td><strong>Adresse du si\u00e8ge social<\/strong><\/td><td>251 avenue du Bois, Parc du Pont Royal, B\u00e2timent A, 59130 Lambresart<\/td><\/tr><tr><td><strong>Site web<\/strong><\/td><td>https:\/\/www.loger-habitat.fr\/<\/td><\/tr><tr><td><strong>T\u00e9l\u00e9phone<\/strong><\/td><td>03 20 57 52 17<\/td><\/tr><\/tbody><\/table><\/figure>\n\n\n\n<h2 class=\"p1 wp-block-heading\" id=\"h-pr-sentation-de-loger-habitat\"><b>Pr\u00e9sentation de Loger Habitat<\/b><\/h2>\n\n\n\n<h3 class=\"p5 wp-block-heading\" id=\"h-loger-habitat-filiale-du-groupe-d-immobilier\">Loger Habitat, filiale du Groupe D Immobilier<\/h3>\n\n\n\n<p class=\"p5\">Le promoteur Loger Habitat r\u00e9alise<strong> des programmes immobiliers diversifi\u00e9s.<\/strong> En effet, il construit aussi bien des maisons individuelles group\u00e9es que des immeubles d\u2019appartements et des r\u00e9sidences services. Il est \u00e9galement am\u00e9nageur foncier et lotisseur. Actuellement, il compte \u00e0 son actif <strong>plus de 6500 logements<\/strong>. <strong>L\u2019entreprise est \u00e0 l\u2019origine du Groupe D Immobilier fond\u00e9 en 1993<\/strong>. En 30 ans d\u2019existence, ce dernier a su r\u00e9unir toutes les expertises compl\u00e9mentaires et connexes des m\u00e9tiers de l\u2019immobilier (Arthur Loyd, Carr\u00e9 Constructeur, Carr\u00e9 Gestion, Sogepar-D, etc.).<\/p>\n\n\n\n<div class=\"wp-block-image\"><figure class=\"aligncenter size-large\"><img loading=\"lazy\" decoding=\"async\" width=\"567\" height=\"333\" src=\"https:\/\/www.appartement-construction.com\/content\/wp-content\/uploads\/2020\/08\/loger-habitat-.jpg\" alt=\"r\u00e9sidence neuve NF Habitat Lille\" class=\"wp-image-7675\"\/><\/figure><\/div>\n\n\n\n<h3 class=\"p5 wp-block-heading\" id=\"h-la-r-f-rence-du-march-r-gional\">La r\u00e9f\u00e9rence du march\u00e9 r\u00e9gional<\/h3>\n\n\n\n<p class=\"p5\">En plus de 60 ans, Loger Habitat est devenu <strong>un acteur incontournable de la promotion immobili\u00e8re de la r\u00e9gion Hauts-de-France<\/strong>. Il connait parfaitement le territoire et est de ce fait <strong>l\u2019interlocuteur et le partenaire privil\u00e9gi\u00e9 des collectivit\u00e9s locales, mais aussi des particuliers<\/strong>. Ses r\u00e9alisations s\u2019adressent autant aux propri\u00e9taires occupants qu\u2019aux investisseurs. Sa connaissance fine du march\u00e9 r\u00e9gional lui permet de trouver de tr\u00e8s belles adresses, en grande partie sur la M\u00e9tropole europ\u00e9enne de Lille, mais \u00e9galement dans des communes situ\u00e9es au-del\u00e0.<\/p>\n\n\n\n<h3 class=\"p5 wp-block-heading\" id=\"h-des-constructions-de-qualit-et-durables\">Des constructions de qualit\u00e9 et durables<\/h3>\n\n\n\n<p class=\"p5\">Loger Habitat veille \u00e0 r\u00e9aliser des programmes immobiliers soign\u00e9s. Gage de sa d\u00e9marche \u00ab\u2009qualit\u00e9\u2009\u00bb, <strong>ils affichent les certifications NF Logement depuis 2012 et NF Habitat&nbsp;2012<\/strong>. Celles-ci, d\u00e9livr\u00e9es par un organisme ind\u00e9pendant, <strong>garantissent aux futurs propri\u00e9taires l\u2019acquisition d\u2019un logement sain<\/strong>&nbsp;: contr\u00f4le de l\u2019exposition \u00e0 des substances toxiques, mais aussi aux ondes \u00e9lectromagn\u00e9tiques, environnement ext\u00e9rieur \u00e9tudi\u00e9 pour permettre la mise en place de solutions assurant une bonne qualit\u00e9 de l\u2019air \u00e0 l\u2019int\u00e9rieur des b\u00e2timents, choix de mat\u00e9riaux de qualit\u00e9, habitat s\u00e9curis\u00e9, logement con\u00e7u pour limiter les co\u00fbts li\u00e9s \u00e0 son usage (\u00e9lectricit\u00e9, eau, etc.), optimisation de la luminosit\u00e9 et de l\u2019isolation thermique et phonique, etc.<\/p>\n\n\n\n<h3 class=\"p5 wp-block-heading\" id=\"h-des-architectes-r-gionaux-talentueux\">Des architectes r\u00e9gionaux talentueux<\/h3>\n\n\n\n<p class=\"p5\">Le promoteur travaille avec <strong>des architectes talentueux respectueux des sp\u00e9cificit\u00e9s locales<\/strong>. Parmi eux, on peut citer Luc Dehaene de chez Boyeldieu Dehaene bas\u00e9 \u00e0 Lille, David Salem de l\u2019agence Sc\u00e9nario-ara (de Saint Laurent-Blangy pr\u00e8s d\u2019Arras) qui a dessin\u00e9 le Hameau des Aub\u00e9pines. Hubert Maes a r\u00e9alis\u00e9 le programme Carr\u00e9 des Octaves et Harmonie.<\/p>\n\n\n\n<h2 class=\"p1 wp-block-heading\" id=\"h-zoom-sur-trois-programmes-en-cours-de-loger-habitat\"><b>Zoom sur trois programmes en cours de Loger Habitat<\/b><\/h2>\n\n\n\n<h3 class=\"p5 wp-block-heading\" id=\"h-les-h-l-ades-lesquin-59\">Les H\u00e9l\u00e9ades, Lesquin (59)<\/h3>\n\n\n\n<div class=\"wp-block-image\"><figure class=\"aligncenter size-large\"><img loading=\"lazy\" decoding=\"async\" width=\"560\" height=\"246\" src=\"https:\/\/www.appartement-construction.com\/content\/wp-content\/uploads\/2020\/08\/loger-habitat-plan-he\u0301le\u0301ades.jpg\" alt=\"plan r\u00e9sidence neuve \u00e0 LEsquin proche Lille\" class=\"wp-image-7673\"\/><figcaption>source : Google Maps<\/figcaption><\/figure><\/div>\n\n\n\n<h4 class=\"p5 wp-block-heading\" id=\"h-la-ville\">La ville<\/h4>\n\n\n\n<p class=\"p5\">Lesquin, commune de 7463 habitants, est situ\u00e9e \u00e0 7&nbsp;min de Lille. Activit\u00e9s culturelles et sportives, bonne accessibilit\u00e9, \u00e9tablissements scolaires de bon niveau, commerces, espaces verts, etc. <strong>Elle offre un cadre de vie paisible et verdoyant, mais aussi le dynamisme d\u2019une ville active<\/strong>. De nouveaux quartiers s\u2019y construisent. <strong>Elle accueille l\u2019a\u00e9roport de Lille-Lesquin <\/strong>qui la relie \u00e0 pr\u00e8s de 70 destinations.<\/p>\n\n\n\n<h4 class=\"p5 wp-block-heading\" id=\"h-la-r-sidence\">La r\u00e9sidence<\/h4>\n\n\n\n<p class=\"p5\">Rue Anatole France et rue d\u2019I\u00e9na, <a rel=\"noreferrer noopener\" href=\"https:\/\/www.loger-habitat.fr\/programme\/les-heleades-appartement-neuf-a-lesquin\/\" target=\"_blank\"><span class=\"s2\">la r\u00e9sidence Les H\u00e9l\u00e9ades<\/span><\/a> de Loger Habitat se compose de <strong>64 appartements du 2 au 4 pi\u00e8ces sur 3 b\u00e2timents<\/strong>. <strong>L\u2019architecture contemporaine s\u2019inspire du style local<\/strong>&nbsp;: briques, bardage, etc. Les abords des constructions sont engazonn\u00e9s et les jardins privatifs sont d\u00e9limit\u00e9s par des haies vives. Un espace commun est \u00e9galement pr\u00e9vu. <strong>L\u2019ensemble \u00e9voque des cottages<\/strong>. Le programme est fait en co-promotion avec Projectim et l\u2019architecte est Bruno Couratier &amp; Albert Kamdem pour Paragon City.<\/p>\n\n\n\n<h4 class=\"p5 wp-block-heading\" id=\"h-les-prestations\">Les prestations<\/h4>\n\n\n\n<p class=\"p5\">Les logements disposent tous d\u2019une belle vue sur le parc paysager. Balcons, terrasses, ils s\u2019ouvrent g\u00e9n\u00e9reusement vers l\u2019ext\u00e9rieur. La r\u00e9sidence est close et s\u00e9curis\u00e9e.<\/p>\n\n\n\n<p class=\"p5\"><strong>Un T2 de 43,22&nbsp;m2 au rez-de-chauss\u00e9e avec terrasse de 8m2 est \u00e0 168\u2009000&nbsp;\u20ac. Un T4 de 99,37&nbsp;m<span class=\"s3\"><sup>2<\/sup><\/span> au 2e \u00e9tage avec balcon est \u00e0 324\u2009000 \u20ac.<\/strong> La livraison est pr\u00e9vue au 2e trimestre&nbsp;2021<\/p>\n\n\n\n<div class=\"wp-block-image\"><figure class=\"aligncenter size-large\"><img loading=\"lazy\" decoding=\"async\" width=\"567\" height=\"345\" src=\"https:\/\/www.appartement-construction.com\/content\/wp-content\/uploads\/2020\/08\/lesheleades-lesquin-1.jpg\" alt=\"Loger Habitat Les H\u00e9l\u00e9ades appartements neufs Lesquin proche Lille\" class=\"wp-image-7742\"\/><\/figure><\/div>\n\n\n\n<h3 class=\"p5 wp-block-heading\" id=\"h-carr-des-octaves-armenti-res-59\">Carr\u00e9 des Octaves, Armenti\u00e8res (59)<\/h3>\n\n\n\n<div class=\"wp-block-image\"><figure class=\"aligncenter size-large\"><img loading=\"lazy\" decoding=\"async\" width=\"567\" height=\"294\" src=\"https:\/\/www.appartement-construction.com\/content\/wp-content\/uploads\/2020\/08\/loger-habitat-carre\u0301-des-octaves-plan.jpg\" alt=\"r\u00e9sidence neuve plan Armenti\u00e8res\" class=\"wp-image-7672\"\/><figcaption>source : Google Maps<\/figcaption><\/figure><\/div>\n\n\n\n<h4 class=\"p5 wp-block-heading\" id=\"h-la-ville-1\">La ville<\/h4>\n\n\n\n<p class=\"p5\">Armenti\u00e8res fut r\u00e9put\u00e9e pour son industrie textile. Actuellement, abritant un P\u00f4le d\u2019\u00e9change multimodal, elle est situ\u00e9e \u00e0 20&nbsp;min de la M\u00e9tropole de Lille. M\u00e9diath\u00e8que, piscine, complexe sportif, nombreuses associations, \u00e9tablissements scolaires, services de proximit\u00e9, logements abordables, <strong>la ville est anim\u00e9e, mais paisible.<\/strong><\/p>\n\n\n\n<h4 class=\"p5 wp-block-heading\" id=\"h-la-r-sidence-1\">La r\u00e9sidence<\/h4>\n\n\n\n<p class=\"p5\">Construite rue Lamartine, rue Saadi Carnot et avenue Fran\u00e7ois Mitterrand, la r\u00e9sidence <a href=\"https:\/\/www.loger-habitat.fr\/programme\/carre-des-octaves-armentieres\/\" target=\"_blank\" rel=\"noreferrer noopener\"><span class=\"s2\">Carr\u00e9 des Octaves<\/span><\/a> propose <strong>64 appartements du 2 au 4 pi\u00e8ces r\u00e9partis en 3 b\u00e2timents organis\u00e9s autour d\u2019un ilot paysager<\/strong>. Nich\u00e9e <strong>dans le quartier des \u00e9coles<\/strong>, elle b\u00e9n\u00e9ficie du cadre le plus pris\u00e9 de la ville d\u2019Armenti\u00e8res. Espaces verts, commerces et \u00e9tablissements scolaires y sont \u00e0 port\u00e9e de main. Le secteur est tr\u00e8s accessible via les transports en commun et les axes routiers. Le programme a \u00e9t\u00e9 dessin\u00e9 par Hubert Maes. <strong>Il conserve des fa\u00e7ades de deux immeubles d\u2019inspiration flamande, dont celui de l\u2019ancienne \u00e9cole de musique.<\/strong><\/p>\n\n\n\n<h4 class=\"p5 wp-block-heading\" id=\"h-les-prestations-1\">Les prestations<\/h4>\n\n\n\n<p class=\"p5\">Balcon ou terrasse, parking en sous-sol, b\u00e2timents s\u00e9curis\u00e9s, c\u0153ur d\u2019ilot verdoyant et calme, les prestations de la r\u00e9sidence assurent le confort \u00e0 ses occupants.<\/p>\n\n\n\n<p class=\"p5\"><strong>Un T2 de 36,51 m2 au 2e \u00e9tage est \u00e0 128\u2009000 \u20ac. Un T4 de 108,46 m2 au 3e \u00e9tage est \u00e0 339\u2009000 \u20ac.<\/strong> La livraison est pr\u00e9vue au 4e trimestre&nbsp;2021.<\/p>\n\n\n\n<div class=\"wp-block-image\"><figure class=\"aligncenter size-large\"><img loading=\"lazy\" decoding=\"async\" width=\"567\" height=\"283\" src=\"https:\/\/www.appartement-construction.com\/content\/wp-content\/uploads\/2020\/08\/loger-habitat-carre\u0301-des-octaves.jpg\" alt=\"Loger Habitat CArr\u00e9 des Octaves appartement neuf Armenti\u00e8res\" class=\"wp-image-7671\"\/><\/figure><\/div>\n\n\n\n<h3 class=\"p5 wp-block-heading\" id=\"h-axiome-mons-en-bar-ul-59\">Axiome, Mons-en-Bar\u0153ul (59)<\/h3>\n\n\n\n<div class=\"wp-block-image\"><figure class=\"aligncenter size-large\"><img loading=\"lazy\" decoding=\"async\" width=\"566\" height=\"225\" src=\"https:\/\/www.appartement-construction.com\/content\/wp-content\/uploads\/2020\/08\/loger-habitat-plan-axiome.jpg\" alt=\"plan appartement neuf Mons-en-Baroeul\" class=\"wp-image-7670\"\/><figcaption>source : Google Maps<\/figcaption><\/figure><\/div>\n\n\n\n<h4 class=\"p5 wp-block-heading\" id=\"h-la-ville-2\">La ville<\/h4>\n\n\n\n<p class=\"p5\">Commune de 20\u2009782 habitants, Mons-en-Bar\u0153ul est limitrophe de Lille. Dynamique, au patrimoine architectural et historique riche, tr\u00e8s verte, elle offre un cadre de vie qualitatif.<\/p>\n\n\n\n<h4 class=\"p5 wp-block-heading\" id=\"h-la-r-sidence-2\">La r\u00e9sidence<\/h4>\n\n\n\n<p class=\"p5\">Au 11 rue du Becquerel, <span class=\"s2\">le programme immobilier <a href=\"https:\/\/www.loger-habitat.fr\/programme\/axiome-mons-en-baroeul\/\">Axiome<\/a><\/span> se compose de <strong>71 appartements du 2 au 4 pi\u00e8ces.<\/strong> Espaces paysagers, balcons, terrasses, jardins, grandes baies vitr\u00e9es, la construction est largement ouverte vers un ext\u00e9rieur tr\u00e8s verdoyant. L\u2019architecture est sobre et \u00e9l\u00e9gante. <br>Le programme est une co-r\u00e9alis\u00e9 avec Sogeprom-Projectim.<\/p>\n\n\n\n<h4 class=\"p5 wp-block-heading\" id=\"h-les-prestations-2\">Les prestations<\/h4>\n\n\n\n<p class=\"p5\">Espaces ext\u00e9rieurs, chauffage au gaz et eau chaude avec chaudi\u00e8re individuelle, parking en sous-sol et ext\u00e9rieur pour chaque appartement, r\u00e9sidence s\u00e9curis\u00e9e, etc. Les prestations sont soign\u00e9es.<\/p>\n\n\n\n<p class=\"p5\"><strong>Un T2 de 44 m2 est \u00e0 153\u2009000 \u20ac. Un T3 de 67 m2 est \u00e0 216\u2009000 \u20ac.<\/strong> La livraison est pr\u00e9vue au 4e trimestre&nbsp;2022.<\/p>\n\n\n\n<div class=\"wp-block-image\"><figure class=\"aligncenter size-large\"><img loading=\"lazy\" decoding=\"async\" width=\"567\" height=\"370\" src=\"https:\/\/www.appartement-construction.com\/content\/wp-content\/uploads\/2020\/08\/loger-habitat-axiome-mons-en-baroeul.jpg\" alt=\"Loger Habitat r\u00e9sidence neuve Mnos-en-Barouel proche Lille\" class=\"wp-image-7669\"\/><\/figure><\/div>\n\n\n\n<h2 class=\"p1 wp-block-heading\" id=\"h-derniers-programmes-livr-s-par-loger-habitat\"><b>Derniers programmes livr\u00e9s par Loger Habitat<\/b><\/h2>\n\n\n\n<h3 class=\"p5 wp-block-heading\" id=\"h-redparc-frelinghien-59\">Redparc, Frelinghien (59)<\/h3>\n\n\n\n<div class=\"wp-block-image\"><figure class=\"aligncenter size-large\"><img loading=\"lazy\" decoding=\"async\" width=\"567\" height=\"264\" src=\"https:\/\/www.appartement-construction.com\/content\/wp-content\/uploads\/2020\/08\/loger-habitat-plan-redparc.jpg\" alt=\"r\u00e9sidence neuve plan Frelighien\" class=\"wp-image-7668\"\/><figcaption>source : Google Maps<\/figcaption><\/figure><\/div>\n\n\n\n<h4 class=\"p5 wp-block-heading\" id=\"h-la-ville-3\">La ville<\/h4>\n\n\n\n<p class=\"p5\">\u00c0 15&nbsp;min au nord-ouest de Lille, Frelingheim offre \u00e0 ses presque 2500 habitants une tr\u00e8s bonne qualit\u00e9 de vie. Calme, environnement verdoyant, proximit\u00e9 des centres commerciaux, mais aussi des grands axes routiers, vie associative, services vari\u00e9s, la choisir, c\u2019est opter pour <strong>un quotidien confortable et serein dans une ambiance de village tout proche de la M\u00e9tropole Lilloise.<\/strong><\/p>\n\n\n\n<h4 class=\"p5 wp-block-heading\" id=\"h-la-r-sidence-3\">La r\u00e9sidence<\/h4>\n\n\n\n<p class=\"p5\">Rue du Pont Rouge, <a href=\"https:\/\/www.loger-habitat.fr\/programme\/appartement-neuf-frelinghien\/\" target=\"_blank\" rel=\"noreferrer noopener\"><span class=\"s2\">la r\u00e9sidence Redparc<\/span><\/a> propose <strong>32 appartements du 2 au 4 pi\u00e8ces aux volumes g\u00e9n\u00e9reux dans une construction sur 4 \u00e9tages. <\/strong>L\u2019architecture est empreinte du style local. Tous les logements disposent d\u2019un espace ext\u00e9rieur et offrent des prestations de qualit\u00e9 telles que des salles de bain meubl\u00e9es, des placards am\u00e9nag\u00e9s, une chaudi\u00e8re individuelle au gaz, des volets roulants dans toutes les chambres, etc.<\/p>\n\n\n\n<p class=\"p5\"><strong>Un T3 de 70,27&nbsp;m2 est \u00e0 225\u2009000&nbsp;\u20ac.<\/strong> Le programme a \u00e9t\u00e9 livr\u00e9 fin&nbsp;2019.<\/p>\n\n\n\n<div class=\"wp-block-image\"><figure class=\"aligncenter size-large\"><img loading=\"lazy\" decoding=\"async\" width=\"567\" height=\"319\" src=\"https:\/\/www.appartement-construction.com\/content\/wp-content\/uploads\/2020\/08\/loger-habitat-redparc.jpg\" alt=\"Loger Habitat appartements neufs Frelinghien proche Lille\" class=\"wp-image-7667\"\/><\/figure><\/div>\n\n\n\n<h3 class=\"p5 wp-block-heading\" id=\"h-verso-et-tertio-lesquin-59\">Verso et Tertio, Lesquin (59)<\/h3>\n\n\n\n<div class=\"wp-block-image\"><figure class=\"aligncenter size-large\"><img loading=\"lazy\" decoding=\"async\" width=\"567\" height=\"200\" src=\"https:\/\/www.appartement-construction.com\/content\/wp-content\/uploads\/2020\/08\/loger-habitat-plan-verso.jpg\" alt=\"plan Lesquin appartement neuf\" class=\"wp-image-7666\"\/><figcaption>source : Google Maps<\/figcaption><\/figure><\/div>\n\n\n\n<h4 class=\"p5 wp-block-heading\" id=\"h-la-ville-4\">La ville<\/h4>\n\n\n\n<p class=\"p5\">Les r\u00e9sidences Verso et Tertio de Loger Habitat sont construites <strong>dans le nouveau quartier de Lesquin : le domaine de la Motte<\/strong>. R\u00e9alis\u00e9 de concert avec la ville dans le respect du sch\u00e9ma directeur d\u2019am\u00e9nagement de ce secteur p\u00e9riurbain, il regroupe 500 logements collectifs et individuels. Son objectif : devenir un p\u00e9rim\u00e8tre de r\u00e9f\u00e9rence r\u00e9unissant des si\u00e8ges sociaux, des services, des activit\u00e9s et des commerces. Les abords des r\u00e9sidences et des axes sont tr\u00e8s verdoyants.<\/p>\n\n\n\n<h4 class=\"p5 wp-block-heading\" id=\"h-les-deux-r-sidences\">Les deux r\u00e9sidences<\/h4>\n\n\n\n<p class=\"p5\">Situ\u00e9e rue Jean Jaur\u00e8s, Verso, dessin\u00e9e par l\u2019agence d\u2019architectes Maes, comprend <strong>26 logements du 2 au 4 pi\u00e8ces<\/strong>, mais aussi des commerces en rez-de-chauss\u00e9e. La construction sur 3 \u00e9tages est habill\u00e9e de briques claires rehauss\u00e9es par des garde-corps en verre d\u00e9poli et une alternance de fa\u00e7ades aux coloris vert eau et gris. L\u2019ensemble s\u2019organise en L autour d\u2019une place arbor\u00e9e.<\/p>\n\n\n\n<div class=\"wp-block-image\"><figure class=\"aligncenter size-large\"><img loading=\"lazy\" decoding=\"async\" width=\"567\" height=\"378\" src=\"https:\/\/www.appartement-construction.com\/content\/wp-content\/uploads\/2020\/08\/loger-habitat-verso.jpg\" alt=\"Loger Habitat r\u00e9sidence neuve Lesquin \" class=\"wp-image-7664\"\/><\/figure><\/div>\n\n\n\n<p class=\"p5\">Tertio est compos\u00e9 de <strong>42 appartements du 2 au 4 pi\u00e8ces<\/strong> \u00e9galement. Sa silhouette et ses teintes tr\u00e8s douces sont tr\u00e8s \u00e9l\u00e9gantes. L\u2019architecture est de l\u2019agence GBL, Thomas LOIEZ.<\/p>\n\n\n\n<p class=\"p5\">Tertio a \u00e9t\u00e9 livr\u00e9 en juillet 2019 et Verso en 2018.<\/p>\n\n\n\n<div class=\"wp-block-image\"><figure class=\"aligncenter size-large\"><img loading=\"lazy\" decoding=\"async\" width=\"567\" height=\"378\" src=\"https:\/\/www.appartement-construction.com\/content\/wp-content\/uploads\/2020\/08\/loger-habitat-tertio.jpg\" alt=\"Loger Habitat appartement neuf Lesquin proche Lille\" class=\"wp-image-7665\"\/><\/figure><\/div>\n\n\n\n<h2 class=\"p1 wp-block-heading\" id=\"h-les-agences-et-espaces-de-vente-de-loger-habitat\"><b>Les agences et espaces de vente de Loger Habitat<\/b><\/h2>\n\n\n\n<p class=\"p7\"><span class=\"s4\">Loger Habitat dispose d\u2019un bureau au <\/span>251 avenue du Bois, Parc du Pont Royal, \u00e0 Lambresart. Pour tous renseignements suppl\u00e9mentaires concernant les programmes en cours, vous pouvez vous y rendre ou appeler au <span class=\"s5\"><strong>03&nbsp;20&nbsp;57&nbsp;52&nbsp;17<\/strong>.<\/span><\/p>\n\n\n\n<p class=\"p1\"><i>Pour habiter ou investir dans un appartement neuf dans la r\u00e9gion Nord-Pas-De-Calais, jetez un \u0153il aux r\u00e9alisations du promoteur Loger Habitat. Acteur de proximit\u00e9 bien implant\u00e9 sur le territoire depuis 60 ans,<strong> ses programmes sont de qualit\u00e9,<\/strong> <strong>respectent les sp\u00e9cificit\u00e9s locales et dynamisent d\u2019anciens quartiers ou des secteurs en plein d\u00e9veloppement. <\/strong><\/i><\/p>\n","protected":false},"excerpt":{"rendered":"<p>Dans la r\u00e9gion Hauts-de-France, un promoteur local, Loger Habitat, r\u00e9alise de beaux programmes immobiliers depuis plus de 60 ans. Avec 3000 logements collectifs, il est devenu une r\u00e9f\u00e9rence incontournable dans le secteur. Sa connaissance fine du territoire et les relations de confiance tiss\u00e9es avec les collectivit\u00e9s lui permettent de proposer des r\u00e9sidences \u00e0 de tr\u00e8s [&hellip;]<\/p>\n","protected":false},"author":12,"featured_media":7674,"comment_status":"open","ping_status":"open","sticky":false,"template":"","format":"standard","meta":{"footnotes":""},"categories":[5],"tags":[],"class_list":["post-7661","post","type-post","status-publish","format-standard","has-post-thumbnail","hentry","category-promoteurs"],"yoast_head":"<!-- This site is optimized with the Yoast SEO plugin v25.1 - https:\/\/yoast.com\/wordpress\/plugins\/seo\/ -->\n<title>Loger Habitat, le promoteur de r\u00e9f\u00e9rence de la r\u00e9gion Hauts-de-France<\/title>\n<meta name=\"description\" content=\"Depuis 60 ans, Loger Habitat r\u00e9alise des programmes neufs de qualit\u00e9 dans la r\u00e9gion Nord-Pas-De-Calais. Jetez un \u0153il \u00e0 ses r\u00e9sidences !\" \/>\n<meta name=\"robots\" content=\"index, follow, max-snippet:-1, max-image-preview:large, max-video-preview:-1\" \/>\n<link rel=\"canonical\" href=\"https:\/\/www.appartement-construction.com\/content\/promoteurs\/loger-habitat\" \/>\n<meta property=\"og:locale\" content=\"fr_FR\" \/>\n<meta property=\"og:type\" content=\"article\" \/>\n<meta property=\"og:title\" content=\"Loger Habitat, le promoteur de r\u00e9f\u00e9rence de la r\u00e9gion Hauts-de-France\" \/>\n<meta property=\"og:description\" content=\"Depuis 60 ans, Loger Habitat r\u00e9alise des programmes neufs de qualit\u00e9 dans la r\u00e9gion Nord-Pas-De-Calais. Jetez un \u0153il \u00e0 ses r\u00e9sidences !\" \/>\n<meta property=\"og:url\" content=\"https:\/\/www.appartement-construction.com\/content\/promoteurs\/loger-habitat\" \/>\n<meta property=\"og:site_name\" content=\"Acheter un appartement neuf\" \/>\n<meta property=\"article:publisher\" content=\"https:\/\/www.facebook.com\/AppartementConstructioncom\/\" \/>\n<meta property=\"article:published_time\" content=\"2020-10-26T16:48:26+00:00\" \/>\n<meta property=\"article:modified_time\" content=\"2020-11-23T09:07:34+00:00\" \/>\n<meta property=\"og:image\" content=\"https:\/\/www.appartement-construction.com\/content\/wp-content\/uploads\/2020\/08\/loger-habitat-Alba_head.jpg\" \/>\n\t<meta property=\"og:image:width\" content=\"1134\" \/>\n\t<meta property=\"og:image:height\" content=\"637\" \/>\n\t<meta property=\"og:image:type\" content=\"image\/jpeg\" \/>\n<meta name=\"author\" content=\"Laurence\" \/>\n<meta name=\"twitter:label1\" content=\"\u00c9crit par\" \/>\n\t<meta name=\"twitter:data1\" content=\"Laurence\" \/>\n\t<meta name=\"twitter:label2\" content=\"Dur\u00e9e de lecture estim\u00e9e\" \/>\n\t<meta name=\"twitter:data2\" content=\"8 minutes\" \/>\n<script type=\"application\/ld+json\" class=\"yoast-schema-graph\">{\"@context\":\"https:\/\/schema.org\",\"@graph\":[{\"@type\":\"Article\",\"@id\":\"https:\/\/www.appartement-construction.com\/content\/promoteurs\/loger-habitat#article\",\"isPartOf\":{\"@id\":\"https:\/\/www.appartement-construction.com\/content\/promoteurs\/loger-habitat\"},\"author\":{\"name\":\"Laurence\",\"@id\":\"https:\/\/www.appartement-construction.com\/content\/#\/schema\/person\/06fddd1d3f937d2fd54200b32e3dee41\"},\"headline\":\"Loger Habitat, le promoteur de r\u00e9f\u00e9rence de la r\u00e9gion Hauts-de-France\",\"datePublished\":\"2020-10-26T16:48:26+00:00\",\"dateModified\":\"2020-11-23T09:07:34+00:00\",\"mainEntityOfPage\":{\"@id\":\"https:\/\/www.appartement-construction.com\/content\/promoteurs\/loger-habitat\"},\"wordCount\":1662,\"commentCount\":0,\"publisher\":{\"@id\":\"https:\/\/www.appartement-construction.com\/content\/#organization\"},\"image\":{\"@id\":\"https:\/\/www.appartement-construction.com\/content\/promoteurs\/loger-habitat#primaryimage\"},\"thumbnailUrl\":\"https:\/\/www.appartement-construction.com\/content\/wp-content\/uploads\/2020\/08\/loger-habitat-Alba_head.jpg\",\"articleSection\":[\"Les promoteurs\"],\"inLanguage\":\"fr-FR\",\"potentialAction\":[{\"@type\":\"CommentAction\",\"name\":\"Comment\",\"target\":[\"https:\/\/www.appartement-construction.com\/content\/promoteurs\/loger-habitat#respond\"]}]},{\"@type\":\"WebPage\",\"@id\":\"https:\/\/www.appartement-construction.com\/content\/promoteurs\/loger-habitat\",\"url\":\"https:\/\/www.appartement-construction.com\/content\/promoteurs\/loger-habitat\",\"name\":\"Loger Habitat, le promoteur de r\u00e9f\u00e9rence de la r\u00e9gion Hauts-de-France\",\"isPartOf\":{\"@id\":\"https:\/\/www.appartement-construction.com\/content\/#website\"},\"primaryImageOfPage\":{\"@id\":\"https:\/\/www.appartement-construction.com\/content\/promoteurs\/loger-habitat#primaryimage\"},\"image\":{\"@id\":\"https:\/\/www.appartement-construction.com\/content\/promoteurs\/loger-habitat#primaryimage\"},\"thumbnailUrl\":\"https:\/\/www.appartement-construction.com\/content\/wp-content\/uploads\/2020\/08\/loger-habitat-Alba_head.jpg\",\"datePublished\":\"2020-10-26T16:48:26+00:00\",\"dateModified\":\"2020-11-23T09:07:34+00:00\",\"description\":\"Depuis 60 ans, Loger Habitat r\u00e9alise des programmes neufs de qualit\u00e9 dans la r\u00e9gion Nord-Pas-De-Calais. Jetez un \u0153il \u00e0 ses r\u00e9sidences !\",\"breadcrumb\":{\"@id\":\"https:\/\/www.appartement-construction.com\/content\/promoteurs\/loger-habitat#breadcrumb\"},\"inLanguage\":\"fr-FR\",\"potentialAction\":[{\"@type\":\"ReadAction\",\"target\":[\"https:\/\/www.appartement-construction.com\/content\/promoteurs\/loger-habitat\"]}]},{\"@type\":\"ImageObject\",\"inLanguage\":\"fr-FR\",\"@id\":\"https:\/\/www.appartement-construction.com\/content\/promoteurs\/loger-habitat#primaryimage\",\"url\":\"https:\/\/www.appartement-construction.com\/content\/wp-content\/uploads\/2020\/08\/loger-habitat-Alba_head.jpg\",\"contentUrl\":\"https:\/\/www.appartement-construction.com\/content\/wp-content\/uploads\/2020\/08\/loger-habitat-Alba_head.jpg\",\"width\":1134,\"height\":637,\"caption\":\"Loger Habitat appartement neuf Lille\"},{\"@type\":\"WebSite\",\"@id\":\"https:\/\/www.appartement-construction.com\/content\/#website\",\"url\":\"https:\/\/www.appartement-construction.com\/content\/\",\"name\":\"Acheter un appartement neuf\",\"description\":\"Trouver votre Promoteur et Appartement Neuf en Ligne !\",\"publisher\":{\"@id\":\"https:\/\/www.appartement-construction.com\/content\/#organization\"},\"potentialAction\":[{\"@type\":\"SearchAction\",\"target\":{\"@type\":\"EntryPoint\",\"urlTemplate\":\"https:\/\/www.appartement-construction.com\/content\/?s={search_term_string}\"},\"query-input\":{\"@type\":\"PropertyValueSpecification\",\"valueRequired\":true,\"valueName\":\"search_term_string\"}}],\"inLanguage\":\"fr-FR\"},{\"@type\":\"Organization\",\"@id\":\"https:\/\/www.appartement-construction.com\/content\/#organization\",\"name\":\"Appartement-Construction.com\",\"url\":\"https:\/\/www.appartement-construction.com\/content\/\",\"logo\":{\"@type\":\"ImageObject\",\"inLanguage\":\"fr-FR\",\"@id\":\"https:\/\/www.appartement-construction.com\/content\/#\/schema\/logo\/image\/\",\"url\":\"https:\/\/www.appartement-construction.com\/content\/wp-content\/uploads\/2018\/07\/logo-AC.jpg\",\"contentUrl\":\"https:\/\/www.appartement-construction.com\/content\/wp-content\/uploads\/2018\/07\/logo-AC.jpg\",\"width\":794,\"height\":491,\"caption\":\"Appartement-Construction.com\"},\"image\":{\"@id\":\"https:\/\/www.appartement-construction.com\/content\/#\/schema\/logo\/image\/\"},\"sameAs\":[\"https:\/\/www.facebook.com\/AppartementConstructioncom\/\"]},{\"@type\":\"Person\",\"@id\":\"https:\/\/www.appartement-construction.com\/content\/#\/schema\/person\/06fddd1d3f937d2fd54200b32e3dee41\",\"name\":\"Laurence\",\"image\":{\"@type\":\"ImageObject\",\"inLanguage\":\"fr-FR\",\"@id\":\"https:\/\/www.appartement-construction.com\/content\/#\/schema\/person\/image\/\",\"url\":\"https:\/\/secure.gravatar.com\/avatar\/a3d78ca6bbeca68c34b2ca0bfda3ab3e0a6d919e37a32ff151594431fef523af?s=96&d=mm&r=g\",\"contentUrl\":\"https:\/\/secure.gravatar.com\/avatar\/a3d78ca6bbeca68c34b2ca0bfda3ab3e0a6d919e37a32ff151594431fef523af?s=96&d=mm&r=g\",\"caption\":\"Laurence\"},\"url\":\"https:\/\/www.appartement-construction.com\/content\/author\/laurence\"}]}<\/script>\n<!-- \/ Yoast SEO plugin. -->","yoast_head_json":{"title":"Loger Habitat, le promoteur de r\u00e9f\u00e9rence de la r\u00e9gion Hauts-de-France","description":"Depuis 60 ans, Loger Habitat r\u00e9alise des programmes neufs de qualit\u00e9 dans la r\u00e9gion Nord-Pas-De-Calais. Jetez un \u0153il \u00e0 ses r\u00e9sidences !","robots":{"index":"index","follow":"follow","max-snippet":"max-snippet:-1","max-image-preview":"max-image-preview:large","max-video-preview":"max-video-preview:-1"},"canonical":"https:\/\/www.appartement-construction.com\/content\/promoteurs\/loger-habitat","og_locale":"fr_FR","og_type":"article","og_title":"Loger Habitat, le promoteur de r\u00e9f\u00e9rence de la r\u00e9gion Hauts-de-France","og_description":"Depuis 60 ans, Loger Habitat r\u00e9alise des programmes neufs de qualit\u00e9 dans la r\u00e9gion Nord-Pas-De-Calais. Jetez un \u0153il \u00e0 ses r\u00e9sidences !","og_url":"https:\/\/www.appartement-construction.com\/content\/promoteurs\/loger-habitat","og_site_name":"Acheter un appartement neuf","article_publisher":"https:\/\/www.facebook.com\/AppartementConstructioncom\/","article_published_time":"2020-10-26T16:48:26+00:00","article_modified_time":"2020-11-23T09:07:34+00:00","og_image":[{"width":1134,"height":637,"url":"https:\/\/www.appartement-construction.com\/content\/wp-content\/uploads\/2020\/08\/loger-habitat-Alba_head.jpg","type":"image\/jpeg"}],"author":"Laurence","twitter_misc":{"\u00c9crit par":"Laurence","Dur\u00e9e de lecture estim\u00e9e":"8 minutes"},"schema":{"@context":"https:\/\/schema.org","@graph":[{"@type":"Article","@id":"https:\/\/www.appartement-construction.com\/content\/promoteurs\/loger-habitat#article","isPartOf":{"@id":"https:\/\/www.appartement-construction.com\/content\/promoteurs\/loger-habitat"},"author":{"name":"Laurence","@id":"https:\/\/www.appartement-construction.com\/content\/#\/schema\/person\/06fddd1d3f937d2fd54200b32e3dee41"},"headline":"Loger Habitat, le promoteur de r\u00e9f\u00e9rence de la r\u00e9gion Hauts-de-France","datePublished":"2020-10-26T16:48:26+00:00","dateModified":"2020-11-23T09:07:34+00:00","mainEntityOfPage":{"@id":"https:\/\/www.appartement-construction.com\/content\/promoteurs\/loger-habitat"},"wordCount":1662,"commentCount":0,"publisher":{"@id":"https:\/\/www.appartement-construction.com\/content\/#organization"},"image":{"@id":"https:\/\/www.appartement-construction.com\/content\/promoteurs\/loger-habitat#primaryimage"},"thumbnailUrl":"https:\/\/www.appartement-construction.com\/content\/wp-content\/uploads\/2020\/08\/loger-habitat-Alba_head.jpg","articleSection":["Les promoteurs"],"inLanguage":"fr-FR","potentialAction":[{"@type":"CommentAction","name":"Comment","target":["https:\/\/www.appartement-construction.com\/content\/promoteurs\/loger-habitat#respond"]}]},{"@type":"WebPage","@id":"https:\/\/www.appartement-construction.com\/content\/promoteurs\/loger-habitat","url":"https:\/\/www.appartement-construction.com\/content\/promoteurs\/loger-habitat","name":"Loger Habitat, le promoteur de r\u00e9f\u00e9rence de la r\u00e9gion Hauts-de-France","isPartOf":{"@id":"https:\/\/www.appartement-construction.com\/content\/#website"},"primaryImageOfPage":{"@id":"https:\/\/www.appartement-construction.com\/content\/promoteurs\/loger-habitat#primaryimage"},"image":{"@id":"https:\/\/www.appartement-construction.com\/content\/promoteurs\/loger-habitat#primaryimage"},"thumbnailUrl":"https:\/\/www.appartement-construction.com\/content\/wp-content\/uploads\/2020\/08\/loger-habitat-Alba_head.jpg","datePublished":"2020-10-26T16:48:26+00:00","dateModified":"2020-11-23T09:07:34+00:00","description":"Depuis 60 ans, Loger Habitat r\u00e9alise des programmes neufs de qualit\u00e9 dans la r\u00e9gion Nord-Pas-De-Calais. Jetez un \u0153il \u00e0 ses r\u00e9sidences !","breadcrumb":{"@id":"https:\/\/www.appartement-construction.com\/content\/promoteurs\/loger-habitat#breadcrumb"},"inLanguage":"fr-FR","potentialAction":[{"@type":"ReadAction","target":["https:\/\/www.appartement-construction.com\/content\/promoteurs\/loger-habitat"]}]},{"@type":"ImageObject","inLanguage":"fr-FR","@id":"https:\/\/www.appartement-construction.com\/content\/promoteurs\/loger-habitat#primaryimage","url":"https:\/\/www.appartement-construction.com\/content\/wp-content\/uploads\/2020\/08\/loger-habitat-Alba_head.jpg","contentUrl":"https:\/\/www.appartement-construction.com\/content\/wp-content\/uploads\/2020\/08\/loger-habitat-Alba_head.jpg","width":1134,"height":637,"caption":"Loger Habitat appartement neuf Lille"},{"@type":"WebSite","@id":"https:\/\/www.appartement-construction.com\/content\/#website","url":"https:\/\/www.appartement-construction.com\/content\/","name":"Acheter un appartement neuf","description":"Trouver votre Promoteur et Appartement Neuf en Ligne !","publisher":{"@id":"https:\/\/www.appartement-construction.com\/content\/#organization"},"potentialAction":[{"@type":"SearchAction","target":{"@type":"EntryPoint","urlTemplate":"https:\/\/www.appartement-construction.com\/content\/?s={search_term_string}"},"query-input":{"@type":"PropertyValueSpecification","valueRequired":true,"valueName":"search_term_string"}}],"inLanguage":"fr-FR"},{"@type":"Organization","@id":"https:\/\/www.appartement-construction.com\/content\/#organization","name":"Appartement-Construction.com","url":"https:\/\/www.appartement-construction.com\/content\/","logo":{"@type":"ImageObject","inLanguage":"fr-FR","@id":"https:\/\/www.appartement-construction.com\/content\/#\/schema\/logo\/image\/","url":"https:\/\/www.appartement-construction.com\/content\/wp-content\/uploads\/2018\/07\/logo-AC.jpg","contentUrl":"https:\/\/www.appartement-construction.com\/content\/wp-content\/uploads\/2018\/07\/logo-AC.jpg","width":794,"height":491,"caption":"Appartement-Construction.com"},"image":{"@id":"https:\/\/www.appartement-construction.com\/content\/#\/schema\/logo\/image\/"},"sameAs":["https:\/\/www.facebook.com\/AppartementConstructioncom\/"]},{"@type":"Person","@id":"https:\/\/www.appartement-construction.com\/content\/#\/schema\/person\/06fddd1d3f937d2fd54200b32e3dee41","name":"Laurence","image":{"@type":"ImageObject","inLanguage":"fr-FR","@id":"https:\/\/www.appartement-construction.com\/content\/#\/schema\/person\/image\/","url":"https:\/\/secure.gravatar.com\/avatar\/a3d78ca6bbeca68c34b2ca0bfda3ab3e0a6d919e37a32ff151594431fef523af?s=96&d=mm&r=g","contentUrl":"https:\/\/secure.gravatar.com\/avatar\/a3d78ca6bbeca68c34b2ca0bfda3ab3e0a6d919e37a32ff151594431fef523af?s=96&d=mm&r=g","caption":"Laurence"},"url":"https:\/\/www.appartement-construction.com\/content\/author\/laurence"}]}},"_links":{"self":[{"href":"https:\/\/www.appartement-construction.com\/content\/wp-json\/wp\/v2\/posts\/7661","targetHints":{"allow":["GET"]}}],"collection":[{"href":"https:\/\/www.appartement-construction.com\/content\/wp-json\/wp\/v2\/posts"}],"about":[{"href":"https:\/\/www.appartement-construction.com\/content\/wp-json\/wp\/v2\/types\/post"}],"author":[{"embeddable":true,"href":"https:\/\/www.appartement-construction.com\/content\/wp-json\/wp\/v2\/users\/12"}],"replies":[{"embeddable":true,"href":"https:\/\/www.appartement-construction.com\/content\/wp-json\/wp\/v2\/comments?post=7661"}],"version-history":[{"count":11,"href":"https:\/\/www.appartement-construction.com\/content\/wp-json\/wp\/v2\/posts\/7661\/revisions"}],"predecessor-version":[{"id":8409,"href":"https:\/\/www.appartement-construction.com\/content\/wp-json\/wp\/v2\/posts\/7661\/revisions\/8409"}],"wp:featuredmedia":[{"embeddable":true,"href":"https:\/\/www.appartement-construction.com\/content\/wp-json\/wp\/v2\/media\/7674"}],"wp:attachment":[{"href":"https:\/\/www.appartement-construction.com\/content\/wp-json\/wp\/v2\/media?parent=7661"}],"wp:term":[{"taxonomy":"category","embeddable":true,"href":"https:\/\/www.appartement-construction.com\/content\/wp-json\/wp\/v2\/categories?post=7661"},{"taxonomy":"post_tag","embeddable":true,"href":"https:\/\/www.appartement-construction.com\/content\/wp-json\/wp\/v2\/tags?post=7661"}],"curies":[{"name":"wp","href":"https:\/\/api.w.org\/{rel}","templated":true}]}}