{"id":7679,"date":"2020-10-16T17:44:24","date_gmt":"2020-10-16T15:44:24","guid":{"rendered":"https:\/\/www.appartement-construction.com\/content\/?p=7679"},"modified":"2020-10-23T08:56:47","modified_gmt":"2020-10-23T06:56:47","slug":"groupe-capelli","status":"publish","type":"post","link":"https:\/\/www.appartement-construction.com\/content\/promoteurs\/groupe-capelli","title":{"rendered":"Capelli, un promoteur familial innovant et ultra-performant depuis 1976"},"content":{"rendered":"\n<p class=\"p1\"><strong>En France, en Suisse et au Luxembourg<\/strong>, le Groupe Capelli construit <strong>depuis plus de 40 ans<\/strong> des programmes immobiliers d\u2019exception. Logements collectifs ou individuels, Villa Duplex, locaux d\u2019activit\u00e9s ou bureaux, le promoteur r\u00e9pond aux attentes des collectivit\u00e9s et des particuliers. <strong>Il y en a pour tous les go\u00fbts et tous les budgets.<\/strong> En voici quelques exemples.<\/p>\n\n\n\n<!--more-->\n\n\n\n<h2 class=\"p1 wp-block-heading\"><b>Le Groupe Capelli en r\u00e9sum\u00e9<\/b><\/h2>\n\n\n\n<figure class=\"wp-block-table\"><table><tbody><tr><td><strong>Date de cr\u00e9ation du groupe<\/strong><\/td><td>1976<\/td><\/tr><tr><td><strong>Secteur d\u2019intervention<\/strong><\/td><td>France, Suisse et Luxembourg<\/td><\/tr><tr><td><strong>Style de construction<\/strong><\/td><td>contemporain<\/td><\/tr><tr><td><strong>Prix de d\u00e9part<\/strong><\/td><td>T4 jusqu\u2019\u00e0 69,75 m2 est \u00e0 partir de 243 000 \u20ac (Les All\u00e9es Vertoises, Vert-le-Petit).<\/td><\/tr><tr><td><strong>Adresse du si\u00e8ge social<\/strong><\/td><td>43 rue du faubourg Saint-Honor\u00e9 75008 Paris<\/td><\/tr><tr><td><strong>Site web<\/strong><\/td><td><a href=\"https:\/\/capelli-immobilier.fr\/\" target=\"_blank\" rel=\"noreferrer noopener\">https:\/\/capelli-immobilier.fr\/<\/a><\/td><\/tr><tr><td><strong>T\u00e9l\u00e9phone<\/strong><\/td><td>0805 29 50 50<\/td><\/tr><\/tbody><\/table><\/figure>\n\n\n\n<h2 class=\"p1 wp-block-heading\"><b>Pr\u00e9sentation du Groupe Capelli<\/b><\/h2>\n\n\n\n<h3 class=\"p6 wp-block-heading\">L\u2019immobilier depuis 1976<\/h3>\n\n\n\n<p class=\"p6\">Depuis 43 ans, le Groupe Capelli r\u00e9alise et commercialise des logements individuels et collectifs, des r\u00e9sidences seniors et \u00e9tudiantes, des locaux commerciaux, des bureaux et fait \u00e9galement de la r\u00e9habilitation. <strong>Leur offre est tr\u00e8s diversifi\u00e9e et s\u2019adresse autant aux propri\u00e9taires occupants qu\u2019aux investisseurs et bailleurs sociaux<\/strong>.<\/p>\n\n\n\n<p>L\u2019entreprise familiale est g\u00e9r\u00e9e depuis 2005 par deux fr\u00e8res de 48 et 37 ans&nbsp;: Christophe (Pr\u00e9sident) et Jean-Charles Capelli (DG). Ils sont les seuls actionnaires familiaux avec les 3\/4 du capital. Leur objectif&nbsp;: faire partie du TOP&nbsp;8 des promoteurs en 2025.<\/p>\n\n\n\n<p><strong>Avec 7 agences, le groupe est implant\u00e9 en France, mais aussi en Suisse et au Luxembourg<\/strong>. En 2019, il affiche un chiffre d\u2019affaires de 186,7&nbsp;M\u20ac avec une progression de 30&nbsp;% en 5 ans et 178 collaborateurs.<\/p>\n\n\n\n<h3 class=\"p6 wp-block-heading\">Le concept Villa Duplex<\/h3>\n\n\n\n<div class=\"wp-block-image\"><figure class=\"aligncenter size-large\"><img loading=\"lazy\" decoding=\"async\" width=\"567\" height=\"366\" src=\"https:\/\/www.appartement-construction.com\/content\/wp-content\/uploads\/2020\/08\/Capelli-villa-duplex.jpg\" alt=\"Groupe Capelli Villa-Duplex\" class=\"wp-image-7693\"\/><\/figure><\/div>\n\n\n\n<p class=\"p6\">Pour r\u00e9pondre aux attentes des m\u00e9nages primo-acc\u00e9dants qui veulent acheter un logement avec jardin tout en restant proche du centre des grandes villes, Capelli a con\u00e7u Villa Duplex. Il s\u2019agit d\u2019<strong>un bien se situant \u00e0 mi-chemin entre l\u2019appartement et la maison individuelle<\/strong> tel un immeuble \u00e0 l\u2019horizontale. <\/p>\n\n\n\n<p class=\"p6\">En effet, sur un terrain de 1000 \u00e0 1200&nbsp;m2, une maison \u00e0 1 \u00e9tage est divis\u00e9e en 6 Villa-Duplex d\u2019environ 80&nbsp;m2. Celles-ci disposent toutes d\u2019un jardin privatif de 100 \u00e0 180&nbsp;m2. Les maisons attenantes se partagent un terrain ce qui permet de r\u00e9duire les charges fonci\u00e8res.<\/p>\n\n\n\n<figure class=\"wp-block-embed-youtube wp-block-embed is-type-video is-provider-youtube wp-embed-aspect-16-9 wp-has-aspect-ratio\"><div class=\"wp-block-embed__wrapper\">\nhttps:\/\/www.youtube.com\/watch?v=G8x5N2Z60-k\n<\/div><\/figure>\n\n\n\n<h3 class=\"p6 wp-block-heading\">Des logements pour tous<\/h3>\n\n\n\n<p class=\"p6\">Le Groupe Capelli veille \u00e0 <strong>r\u00e9pondre aux besoins et aux budgets des primo-acc\u00e9dants<\/strong>. Le concept Villa Duplex s\u2019adresse notamment \u00e0 eux. Par ailleurs, Capelli Financement, courtage en cr\u00e9dit, propose \u00e0 ses clients le meilleur financement pour leur projet.<\/p>\n\n\n\n<h3 class=\"p6 wp-block-heading\">Le respect de l\u2019environnement<\/h3>\n\n\n\n<p class=\"p6\">\u00c0 chaque \u00e9tape de la construction, Capelli met tout en \u0153uvre pour <strong>r\u00e9duire les impacts environnementaux li\u00e9s \u00e0 son activit\u00e9 et \u00e0 celle de ses prestataires. <\/strong>Ses r\u00e9alisations, et tout particuli\u00e8rement son concept Villa Duplex, sont pens\u00e9es pour <strong>limiter les consommations \u00e9nerg\u00e9tiques<\/strong>&nbsp;: orientation du b\u00e2timent, vitrage et isolation thermique et acoustique performants, mode de chauffage, choix des mat\u00e9riaux, etc.<\/p>\n\n\n\n<p class=\"p6\">Par ailleurs, bien en amont de la construction des r\u00e9sidences, <strong>une \u00e9tude environnementale scanne la pollution des sols et y rem\u00e9die<\/strong>. Des \u00e9tudes de loi sur l\u2019eau sont \u00e9galement faites pour int\u00e9grer au mieux le milieu naturel de l\u2019environnement. <\/p>\n\n\n\n<figure class=\"wp-block-image size-large\"><img loading=\"lazy\" decoding=\"async\" width=\"746\" height=\"388\" src=\"https:\/\/www.appartement-construction.com\/content\/wp-content\/uploads\/2020\/08\/Riviere-Village-Habitation.jpg\" alt=\"Illustration pr\u00e9vention pollution de l'eau\" class=\"wp-image-8146\" srcset=\"https:\/\/www.appartement-construction.com\/content\/wp-content\/uploads\/2020\/08\/Riviere-Village-Habitation.jpg 746w, https:\/\/www.appartement-construction.com\/content\/wp-content\/uploads\/2020\/08\/Riviere-Village-Habitation-600x312.jpg 600w\" sizes=\"auto, (max-width: 746px) 100vw, 746px\" \/><\/figure>\n\n\n\n<p class=\"p6\">En France, les programmes du Groupe sont certifi\u00e9s RT&nbsp;2012. En Suisse, ils sont en HPE ou THPE (Hautes ou Tr\u00e8s Hautes Performances Energ\u00e9tiques). Au Luxembourg, depuis 2017, ses logements sont \u00e0 \u00e9nergie quasi nulle (NZEB\/ Nealry ZEo Energy Building).<\/p>\n\n\n\n<p class=\"p6\">Les r\u00e9alisations du Groupe s\u2019inscrivent dans une volont\u00e9 de <strong>rendre la ville plus intelligente et plus durable<\/strong>. Ainsi, ses r\u00e9sidences sont situ\u00e9es dans des secteurs bien desservis par les transports en commun et tr\u00e8s bien int\u00e9gr\u00e9s \u00e0 leur environnement.<\/p>\n\n\n\n<h3 class=\"p6 wp-block-heading\">Une politique active de m\u00e9c\u00e9nat<\/h3>\n\n\n\n<p class=\"p6\">L\u2019entreprise investit dans des actes de m\u00e9c\u00e9nat et de dons aux associations depuis de nombreuses ann\u00e9es. Elle finance notamment des op\u00e9rations am\u00e9liorant l\u2019accueil et le bien-\u00eatre des enfants dans le milieu hospitalier&nbsp;: fresques, mobiliers, etc.<\/p>\n\n\n\n<h2 class=\"p1 wp-block-heading\"><b>Zoom sur deux programmes immobiliers en cours<\/b><\/h2>\n\n\n\n<h3 class=\"p6 wp-block-heading\">Reflet en Seine, Alfortville (94)<\/h3>\n\n\n\n<div class=\"wp-block-image\"><figure class=\"aligncenter size-large\"><img loading=\"lazy\" decoding=\"async\" width=\"564\" height=\"227\" src=\"https:\/\/www.appartement-construction.com\/content\/wp-content\/uploads\/2020\/08\/Capelli-plan-alfortville.jpg\" alt=\"plan Alfortville r\u00e9sidence neuve\" class=\"wp-image-7691\"\/><figcaption>source : Google Maps<\/figcaption><\/figure><\/div>\n\n\n\n<h4 class=\"p6 wp-block-heading\">La ville<\/h4>\n\n\n\n<p class=\"p6\">Alfortville, commune de 45\u2009000 \u00e2mes, est \u00e0 3&nbsp;km au sud de Paris. Tr\u00e8s bien desservie, verte avec ses 18 parcs et jardins, et tr\u00e8s dynamique, elle s\u2019est aussi engag\u00e9e dans de nombreux projets de r\u00e9novation urbaine pour apporter encore plus de confort \u00e0 ses habitants. Elle peut se flatter par ailleurs d\u2019accueillir plus de 110 entreprises.<\/p>\n\n\n\n<h4 class=\"p6 wp-block-heading\">La r\u00e9sidence<\/h4>\n\n\n\n<p class=\"p6\"><span class=\"s2\"><a href=\"https:\/\/capelli-immobilier.fr\/habiter\/ile-de-france\/val-de-marne-94\/alfortville\/reflet-en-seine\" target=\"_blank\" rel=\"noreferrer noopener\">Le programme Reflet en Seine<\/a><\/span> se construit au 48-49 quai J. Cl\u00e9ment dans un quartier r\u00e9sidentiel d\u2019Alfortville face aux quais de la Seine. <strong>22 appartements neufs du T1 au T4 int\u00e8grent un b\u00e2timent \u00e0 4 \u00e9tages \u00e0 l\u2019allure \u00e9lanc\u00e9e<\/strong>. L\u2019alternance de plaquettes grises et d\u2019enduit blanc lui conf\u00e8re une sobri\u00e9t\u00e9 tr\u00e8s \u00e9l\u00e9gante. L\u2019architecte est Aur\u00e9lien Stefan (Paris).<\/p>\n\n\n\n<div class=\"wp-block-image\"><figure class=\"aligncenter size-large\"><img loading=\"lazy\" decoding=\"async\" width=\"567\" height=\"365\" src=\"https:\/\/www.appartement-construction.com\/content\/wp-content\/uploads\/2020\/08\/Capelli-reflet-en-seine.jpg\" alt=\"Groupe Capelli programme neuf Alfortville\" class=\"wp-image-7690\"\/><\/figure><\/div>\n\n\n\n<h4 class=\"p6 wp-block-heading\">Les prestations<\/h4>\n\n\n\n<p class=\"p6\">Tous les logements disposent d\u2019un espace ext\u00e9rieur&nbsp;: balcon, loggia, terrasse ou jardin privatif. Le dernier \u00e9tage est en attique avec une terrasse \u00e0 ciel ouvert. Tous offrent <strong>une vue imprenable sur la Seine et ses berges.<\/strong> En effet, il n\u2019y a aucun vis-\u00e0-vis c\u00f4t\u00e9 rue. Orient\u00e9s pour la plupart vers l\u2019est, ils sont tr\u00e8s lumineux et les volumes sont g\u00e9n\u00e9reux. Des parkings en sous-sol sont accessibles via une rampe int\u00e9gr\u00e9e au b\u00e2timent.<\/p>\n\n\n\n<p class=\"p6\"><strong>Un T4 de 62,04&nbsp;m<span class=\"s3\"><sup>2<\/sup><\/span> au 3e \u00e9tage avec balcon est \u00e0 409\u2009000&nbsp;\u20ac<\/strong>. La livraison est pr\u00e9vue au 1er trimestre&nbsp;2021.<\/p>\n\n\n\n<h3 class=\"p6 wp-block-heading\">Les Loges d\u2019Or Amp\u00e8re, Champagne-au-Mont-d\u2019Or (69)<\/h3>\n\n\n\n<div class=\"wp-block-image\"><figure class=\"aligncenter size-large\"><img loading=\"lazy\" decoding=\"async\" width=\"567\" height=\"293\" src=\"https:\/\/www.appartement-construction.com\/content\/wp-content\/uploads\/2020\/08\/Capelli-plan-loges-dor.jpg\" alt=\"plan Champagne-au-Mont-d'Or appartement neuf proche Lyon\" class=\"wp-image-7689\"\/><figcaption>source : Google Maps<\/figcaption><\/figure><\/div>\n\n\n\n<h4 class=\"p6 wp-block-heading\">La ville<\/h4>\n\n\n\n<p class=\"p6\">La ville de Champagne-au-Mont-d\u2019Or est \u00e0 10&nbsp;min de Lyon. Ici, l\u2019atmosph\u00e8re est calme et verdoyante. Petits commerces, \u00e9tablissements scolaires, clinique, chemins de randonn\u00e9e, transports en commun, elle propose \u00e0 ses 5681 habitants <strong>un cadre de vie id\u00e9al entre la campagne (les Monts d\u2019Or) et la ville.<\/strong><\/p>\n\n\n\n<h4 class=\"p6 wp-block-heading\">La r\u00e9sidence<\/h4>\n\n\n\n<div class=\"wp-block-image\"><figure class=\"aligncenter size-large\"><img loading=\"lazy\" decoding=\"async\" width=\"567\" height=\"354\" src=\"https:\/\/www.appartement-construction.com\/content\/wp-content\/uploads\/2020\/08\/Capelli-les-loges-d-or-champagne.jpg\" alt=\"Groupe Capelli r\u00e9sidence neuve Champagne-au-Mont-d'Or proche Lyon\" class=\"wp-image-7688\"\/><\/figure><\/div>\n\n\n\n<p class=\"p6\"><span class=\"s2\"><a href=\"https:\/\/capelli-immobilier.fr\/habiter\/auvergne-rhone-alpes\/rhone-69\/champagne-au-mont-d-or\/les-loges-d-or-ampere\" target=\"_blank\" rel=\"noreferrer noopener\">Le projet Les Loges d\u2019Or Amp\u00e8re<\/a><\/span> se situe au 5 boulevard de la R\u00e9publique dans un cadre tr\u00e8s arbor\u00e9 et proche des commerces et \u00e9tablissements scolaires. Par ailleurs, de nombreuses lignes de bus permettent aux r\u00e9sidents de se rendre facilement \u00e0 Lyon. <strong>Le programme s\u2019\u00e9tend sur 3 ilots et met \u00e0 disposition des habitants un beau jardin priv\u00e9<\/strong>. Les appartements sont r\u00e9habilit\u00e9s et offrent ainsi le charme de l\u2019ancien avec les avantages du neuf.<\/p>\n\n\n\n<p class=\"p6\"><strong>Un T3 de 71,48&nbsp;m2 au 2e \u00e9tage avec balcon est \u00e0 345\u2009000&nbsp;\u20ac.<\/strong> La livraison est pr\u00e9vue au 2e trimestre&nbsp;2021.<\/p>\n\n\n\n<h2 class=\"p1 wp-block-heading\"><b>Derniers programmes neufs livr\u00e9s par Capelli<\/b><\/h2>\n\n\n\n<h3 class=\"p6 wp-block-heading\">Le Clos des Vergers, Nanteuil-l\u00e8s-Meaux (77)<\/h3>\n\n\n\n<div class=\"wp-block-image\"><figure class=\"aligncenter size-large\"><img loading=\"lazy\" decoding=\"async\" width=\"567\" height=\"225\" src=\"https:\/\/www.appartement-construction.com\/content\/wp-content\/uploads\/2020\/08\/Capelli-plan-Nanteuil-les-Meaux.jpg\" alt=\"plan Nanteuil-l\u00e8s-Meaux r\u00e9sidence neuve\" class=\"wp-image-7687\"\/><figcaption>source : Google Maps<\/figcaption><\/figure><\/div>\n\n\n\n<h4 class=\"p6 wp-block-heading\">La ville<\/h4>\n\n\n\n<p class=\"p6\">\u00c0 3&nbsp;km de Meaux et \u00e0 55&nbsp;km de Paris, Nanteuil-l\u00e8s-Meaux offre un cadre de vie privil\u00e9gi\u00e9. Ville dynamique au centre-ville charmant, elle dispose d\u2019un grand dynamisme culturel festif et associatif, de nombreux m\u00e9decins, de beaux espaces verts dont les bords de Marne et aussi de toutes les infrastructures n\u00e9cessaires.<\/p>\n\n\n\n<h4 class=\"p6 wp-block-heading\">La r\u00e9sidence<\/h4>\n\n\n\n<div class=\"wp-block-image\"><figure class=\"aligncenter size-large\"><img loading=\"lazy\" decoding=\"async\" width=\"567\" height=\"369\" src=\"https:\/\/www.appartement-construction.com\/content\/wp-content\/uploads\/2020\/08\/Capelli-clos-des-vergers.jpg\" alt=\"Groupe Capelli r\u00e9sidence neuve Nanteuil-l\u00e8s-Meaux\" class=\"wp-image-7686\"\/><\/figure><\/div>\n\n\n\n<p class=\"p6\">Sur 2 b\u00e2timents rue Pierre Mend\u00e8s France, <a href=\"https:\/\/capelli-immobilier.fr\/habiter\/ile-de-france\/seine-et-marne-77\/nanteuil-les-meaux\/le-clos-des-vergers\" target=\"_blank\" rel=\"noreferrer noopener\"><span class=\"s2\">la r\u00e9sidence Le Clos des Vergers<\/span><\/a> s\u2019habille de mat\u00e9riaux durables aux couleurs sobres et contemporaines&nbsp;: pierre, brique, beige, taupe. Elle propose <strong>183 appartements du studio au 4 pi\u00e8ces dont 77 seront des logements sociaux<\/strong> g\u00e9r\u00e9s par le bailleur social Trois Moulins Habitat. La plupart dispose de balcon, terrasse ou jardin privatif. Chaudi\u00e8re individuelle au gaz, salle de bain \u00e9quip\u00e9e, parking inclus, immeuble s\u00e9curis\u00e9 avec vid\u00e9ophone, les prestations sont soign\u00e9es.<br>Le programme a \u00e9t\u00e9 livr\u00e9 en 2019.<\/p>\n\n\n\n<h3 class=\"p6 wp-block-heading\">Les All\u00e9es Vertoises, Vert-le-Petit (91)<\/h3>\n\n\n\n<div class=\"wp-block-image\"><figure class=\"aligncenter size-large\"><img loading=\"lazy\" decoding=\"async\" width=\"552\" height=\"236\" src=\"https:\/\/www.appartement-construction.com\/content\/wp-content\/uploads\/2020\/08\/Capelli-plan-vert-petit.jpg\" alt=\"plan Vert-le-Petit appartement neuf\" class=\"wp-image-7685\"\/><figcaption>source : Google Maps<\/figcaption><\/figure><\/div>\n\n\n\n<h4 class=\"p6 wp-block-heading\">La ville<\/h4>\n\n\n\n<p class=\"p6\">Vert-le-Petit est un village de 2781 habitants situ\u00e9 \u00e0 46&nbsp;km de Paris. 5 lacs, 40&nbsp;ha d\u2019\u00e9tendues d\u2019eau, <strong>la nature y est tr\u00e8s pr\u00e9sente<\/strong>, et le secteur est le paradis des oiseaux prot\u00e9g\u00e9s, mais aussi des p\u00eacheurs. Petits commerces, centres commerciaux, \u00e9cole maternelle, \u00e9l\u00e9mentaire et cr\u00e8che, il y fait bon vivre.<\/p>\n\n\n\n<h4 class=\"p6 wp-block-heading\">La r\u00e9sidence<\/h4>\n\n\n\n<div class=\"wp-block-image\"><figure class=\"aligncenter size-large\"><img loading=\"lazy\" decoding=\"async\" width=\"567\" height=\"370\" src=\"https:\/\/www.appartement-construction.com\/content\/wp-content\/uploads\/2020\/08\/Capelli-vert-petit.jpg\" alt=\"Groupe Capelli r\u00e9sidence neuve Vert-le-Petit\" class=\"wp-image-7684\"\/><\/figure><\/div>\n\n\n\n<p class=\"p6\">Au c\u0153ur du pittoresque village de Vert-le-Petit, au 50 avenue du G\u00e9n\u00e9ral de Gaulle, <a href=\"https:\/\/capelli-immobilier.fr\/habiter\/ile-de-france\/essonne-91\/vert-le-petit\/les-allees-vertoises\" target=\"_blank\" rel=\"noreferrer noopener\"><span class=\"s2\">le programme Les All\u00e9es Vertoises<\/span><\/a> se compose de <strong>54 Villa Duplex ou Villa Sereno (de plain-pied) de 2 \u00e0 4 pi\u00e8ces<\/strong>. Fa\u00e7ades aux coloris pastels, toiture en tuile brune, les constructions contemporaines empruntent au style local. Des panneaux photovolta\u00efques install\u00e9s sur un b\u00e2timent permettent une autoproduction en \u00e9lectricit\u00e9.<\/p>\n\n\n\n<h4 class=\"p6 wp-block-heading\">Les prestations<\/h4>\n\n\n\n<p class=\"p6\">Jardin privatif, chaudi\u00e8re individuelle \u00e0 condensation au gaz, menuiseries en PVC, salle de bain \u00e9quip\u00e9e orn\u00e9e de fa\u00efences murales, les prestations et les finitions sont de qualit\u00e9.<\/p>\n\n\n\n<p class=\"p6\"><strong>Un T4 jusqu\u2019\u00e0 69,75&nbsp;m2 est \u00e0 partir de 243\u2009000&nbsp;\u20ac.<\/strong> La livraison est en 2020.<\/p>\n\n\n\n<h2 class=\"p1 wp-block-heading\">Les agences et espaces de vente du Groupe Capelli<\/h2>\n\n\n\n<p class=\"p1\">Le si\u00e8ge social du Groupe Capelli est situ\u00e9 au 42 rue du Faubourg Saint-Honor\u00e9 \u00e0 Paris, mais le promoteur dispose \u00e9galement de bureaux \u00e0 Lyon (si\u00e8ge administratif), \u00e0 Lille, \u00e0 Bordeaux, \u00e0 Marseille, \u00e0 Howald au Luxembourg et \u00e0 Gen\u00e8ve en Suisse.<\/p>\n\n\n\n<p class=\"p1\"><strong>Pour Reflets de Seine<\/strong>, vous pouvez contacter Sandra Reish au <strong>07&nbsp;62&nbsp;44&nbsp;38&nbsp;36<\/strong>. Pour tout autre renseignement, vous pouvez joindre les \u00e9quipes au <strong>0&nbsp;805&nbsp;29&nbsp;50&nbsp;50<\/strong>.<\/p>\n\n\n\n<p class=\"p9\"><i>Propri\u00e9taire occupant, primo-acc\u00e9dant, investisseur public ou priv\u00e9, bailleur social, <strong>les programmes immobiliers du Groupe Capelli s\u2019adressent \u00e0 tous<\/strong>. Dans toute la France, en Suisse ou au Luxembourg, ses r\u00e9sidences sont bien plac\u00e9es, entour\u00e9es d\u2019une nature tr\u00e8s pr\u00e9sente, mais aussi \u00e0 proximit\u00e9 de la vie citadine. Il faut noter que le promoteur est <strong>tr\u00e8s impliqu\u00e9 en mati\u00e8re de protection de l\u2019environnement<\/strong>. En effet, ses constructions sont durables et ses projets tr\u00e8s respectueux de la plan\u00e8te. <\/i><\/p>\n","protected":false},"excerpt":{"rendered":"<p>En France, en Suisse et au Luxembourg, le Groupe Capelli construit depuis plus de 40 ans des programmes immobiliers d\u2019exception. Logements collectifs ou individuels, Villa Duplex, locaux d\u2019activit\u00e9s ou bureaux, le promoteur r\u00e9pond aux attentes des collectivit\u00e9s et des particuliers. Il y en a pour tous les go\u00fbts et tous les budgets. En voici quelques [&hellip;]<\/p>\n","protected":false},"author":12,"featured_media":7692,"comment_status":"open","ping_status":"open","sticky":false,"template":"","format":"standard","meta":{"footnotes":""},"categories":[5],"tags":[],"class_list":["post-7679","post","type-post","status-publish","format-standard","has-post-thumbnail","hentry","category-promoteurs"],"yoast_head":"<!-- This site is optimized with the Yoast SEO plugin v25.1 - https:\/\/yoast.com\/wordpress\/plugins\/seo\/ -->\n<title>Capelli, un promoteur familial innovant et ultra-performant depuis 1976<\/title>\n<meta name=\"description\" content=\"Depuis plus de 40 ans, le Groupe Capelli r\u00e9alise des programmes immobiliers d\u2019exception en France, Suisse et au Luxembourg. Il y en a pour tous les budgets.\" \/>\n<meta name=\"robots\" content=\"index, follow, max-snippet:-1, max-image-preview:large, max-video-preview:-1\" \/>\n<link rel=\"canonical\" href=\"https:\/\/www.appartement-construction.com\/content\/promoteurs\/groupe-capelli\" \/>\n<meta property=\"og:locale\" content=\"fr_FR\" \/>\n<meta property=\"og:type\" content=\"article\" \/>\n<meta property=\"og:title\" content=\"Capelli, un promoteur familial innovant et ultra-performant depuis 1976\" \/>\n<meta property=\"og:description\" content=\"Depuis plus de 40 ans, le Groupe Capelli r\u00e9alise des programmes immobiliers d\u2019exception en France, Suisse et au Luxembourg. Il y en a pour tous les budgets.\" \/>\n<meta property=\"og:url\" content=\"https:\/\/www.appartement-construction.com\/content\/promoteurs\/groupe-capelli\" \/>\n<meta property=\"og:site_name\" content=\"Acheter un appartement neuf\" \/>\n<meta property=\"article:publisher\" content=\"https:\/\/www.facebook.com\/AppartementConstructioncom\/\" \/>\n<meta property=\"article:published_time\" content=\"2020-10-16T15:44:24+00:00\" \/>\n<meta property=\"article:modified_time\" content=\"2020-10-23T06:56:47+00:00\" \/>\n<meta property=\"og:image\" content=\"https:\/\/www.appartement-construction.com\/content\/wp-content\/uploads\/2020\/08\/Capelli-loges-dor-head.jpg\" \/>\n\t<meta property=\"og:image:width\" content=\"1050\" \/>\n\t<meta property=\"og:image:height\" content=\"681\" \/>\n\t<meta property=\"og:image:type\" content=\"image\/jpeg\" \/>\n<meta name=\"author\" content=\"Laurence\" \/>\n<meta name=\"twitter:label1\" content=\"\u00c9crit par\" \/>\n\t<meta name=\"twitter:data1\" content=\"Laurence\" \/>\n\t<meta name=\"twitter:label2\" content=\"Dur\u00e9e de lecture estim\u00e9e\" \/>\n\t<meta name=\"twitter:data2\" content=\"8 minutes\" \/>\n<script type=\"application\/ld+json\" class=\"yoast-schema-graph\">{\"@context\":\"https:\/\/schema.org\",\"@graph\":[{\"@type\":\"Article\",\"@id\":\"https:\/\/www.appartement-construction.com\/content\/promoteurs\/groupe-capelli#article\",\"isPartOf\":{\"@id\":\"https:\/\/www.appartement-construction.com\/content\/promoteurs\/groupe-capelli\"},\"author\":{\"name\":\"Laurence\",\"@id\":\"https:\/\/www.appartement-construction.com\/content\/#\/schema\/person\/06fddd1d3f937d2fd54200b32e3dee41\"},\"headline\":\"Capelli, un promoteur familial innovant et ultra-performant depuis 1976\",\"datePublished\":\"2020-10-16T15:44:24+00:00\",\"dateModified\":\"2020-10-23T06:56:47+00:00\",\"mainEntityOfPage\":{\"@id\":\"https:\/\/www.appartement-construction.com\/content\/promoteurs\/groupe-capelli\"},\"wordCount\":1601,\"commentCount\":0,\"publisher\":{\"@id\":\"https:\/\/www.appartement-construction.com\/content\/#organization\"},\"image\":{\"@id\":\"https:\/\/www.appartement-construction.com\/content\/promoteurs\/groupe-capelli#primaryimage\"},\"thumbnailUrl\":\"https:\/\/www.appartement-construction.com\/content\/wp-content\/uploads\/2020\/08\/Capelli-loges-dor-head.jpg\",\"articleSection\":[\"Les promoteurs\"],\"inLanguage\":\"fr-FR\",\"potentialAction\":[{\"@type\":\"CommentAction\",\"name\":\"Comment\",\"target\":[\"https:\/\/www.appartement-construction.com\/content\/promoteurs\/groupe-capelli#respond\"]}]},{\"@type\":\"WebPage\",\"@id\":\"https:\/\/www.appartement-construction.com\/content\/promoteurs\/groupe-capelli\",\"url\":\"https:\/\/www.appartement-construction.com\/content\/promoteurs\/groupe-capelli\",\"name\":\"Capelli, un promoteur familial innovant et ultra-performant depuis 1976\",\"isPartOf\":{\"@id\":\"https:\/\/www.appartement-construction.com\/content\/#website\"},\"primaryImageOfPage\":{\"@id\":\"https:\/\/www.appartement-construction.com\/content\/promoteurs\/groupe-capelli#primaryimage\"},\"image\":{\"@id\":\"https:\/\/www.appartement-construction.com\/content\/promoteurs\/groupe-capelli#primaryimage\"},\"thumbnailUrl\":\"https:\/\/www.appartement-construction.com\/content\/wp-content\/uploads\/2020\/08\/Capelli-loges-dor-head.jpg\",\"datePublished\":\"2020-10-16T15:44:24+00:00\",\"dateModified\":\"2020-10-23T06:56:47+00:00\",\"description\":\"Depuis plus de 40 ans, le Groupe Capelli r\u00e9alise des programmes immobiliers d\u2019exception en France, Suisse et au Luxembourg. Il y en a pour tous les budgets.\",\"breadcrumb\":{\"@id\":\"https:\/\/www.appartement-construction.com\/content\/promoteurs\/groupe-capelli#breadcrumb\"},\"inLanguage\":\"fr-FR\",\"potentialAction\":[{\"@type\":\"ReadAction\",\"target\":[\"https:\/\/www.appartement-construction.com\/content\/promoteurs\/groupe-capelli\"]}]},{\"@type\":\"ImageObject\",\"inLanguage\":\"fr-FR\",\"@id\":\"https:\/\/www.appartement-construction.com\/content\/promoteurs\/groupe-capelli#primaryimage\",\"url\":\"https:\/\/www.appartement-construction.com\/content\/wp-content\/uploads\/2020\/08\/Capelli-loges-dor-head.jpg\",\"contentUrl\":\"https:\/\/www.appartement-construction.com\/content\/wp-content\/uploads\/2020\/08\/Capelli-loges-dor-head.jpg\",\"width\":1050,\"height\":681,\"caption\":\"Groupe Capelli appartement neuf\"},{\"@type\":\"WebSite\",\"@id\":\"https:\/\/www.appartement-construction.com\/content\/#website\",\"url\":\"https:\/\/www.appartement-construction.com\/content\/\",\"name\":\"Acheter un appartement neuf\",\"description\":\"Trouver votre Promoteur et Appartement Neuf en Ligne !\",\"publisher\":{\"@id\":\"https:\/\/www.appartement-construction.com\/content\/#organization\"},\"potentialAction\":[{\"@type\":\"SearchAction\",\"target\":{\"@type\":\"EntryPoint\",\"urlTemplate\":\"https:\/\/www.appartement-construction.com\/content\/?s={search_term_string}\"},\"query-input\":{\"@type\":\"PropertyValueSpecification\",\"valueRequired\":true,\"valueName\":\"search_term_string\"}}],\"inLanguage\":\"fr-FR\"},{\"@type\":\"Organization\",\"@id\":\"https:\/\/www.appartement-construction.com\/content\/#organization\",\"name\":\"Appartement-Construction.com\",\"url\":\"https:\/\/www.appartement-construction.com\/content\/\",\"logo\":{\"@type\":\"ImageObject\",\"inLanguage\":\"fr-FR\",\"@id\":\"https:\/\/www.appartement-construction.com\/content\/#\/schema\/logo\/image\/\",\"url\":\"https:\/\/www.appartement-construction.com\/content\/wp-content\/uploads\/2018\/07\/logo-AC.jpg\",\"contentUrl\":\"https:\/\/www.appartement-construction.com\/content\/wp-content\/uploads\/2018\/07\/logo-AC.jpg\",\"width\":794,\"height\":491,\"caption\":\"Appartement-Construction.com\"},\"image\":{\"@id\":\"https:\/\/www.appartement-construction.com\/content\/#\/schema\/logo\/image\/\"},\"sameAs\":[\"https:\/\/www.facebook.com\/AppartementConstructioncom\/\"]},{\"@type\":\"Person\",\"@id\":\"https:\/\/www.appartement-construction.com\/content\/#\/schema\/person\/06fddd1d3f937d2fd54200b32e3dee41\",\"name\":\"Laurence\",\"image\":{\"@type\":\"ImageObject\",\"inLanguage\":\"fr-FR\",\"@id\":\"https:\/\/www.appartement-construction.com\/content\/#\/schema\/person\/image\/\",\"url\":\"https:\/\/secure.gravatar.com\/avatar\/a3d78ca6bbeca68c34b2ca0bfda3ab3e0a6d919e37a32ff151594431fef523af?s=96&d=mm&r=g\",\"contentUrl\":\"https:\/\/secure.gravatar.com\/avatar\/a3d78ca6bbeca68c34b2ca0bfda3ab3e0a6d919e37a32ff151594431fef523af?s=96&d=mm&r=g\",\"caption\":\"Laurence\"},\"url\":\"https:\/\/www.appartement-construction.com\/content\/author\/laurence\"}]}<\/script>\n<!-- \/ Yoast SEO plugin. -->","yoast_head_json":{"title":"Capelli, un promoteur familial innovant et ultra-performant depuis 1976","description":"Depuis plus de 40 ans, le Groupe Capelli r\u00e9alise des programmes immobiliers d\u2019exception en France, Suisse et au Luxembourg. Il y en a pour tous les budgets.","robots":{"index":"index","follow":"follow","max-snippet":"max-snippet:-1","max-image-preview":"max-image-preview:large","max-video-preview":"max-video-preview:-1"},"canonical":"https:\/\/www.appartement-construction.com\/content\/promoteurs\/groupe-capelli","og_locale":"fr_FR","og_type":"article","og_title":"Capelli, un promoteur familial innovant et ultra-performant depuis 1976","og_description":"Depuis plus de 40 ans, le Groupe Capelli r\u00e9alise des programmes immobiliers d\u2019exception en France, Suisse et au Luxembourg. Il y en a pour tous les budgets.","og_url":"https:\/\/www.appartement-construction.com\/content\/promoteurs\/groupe-capelli","og_site_name":"Acheter un appartement neuf","article_publisher":"https:\/\/www.facebook.com\/AppartementConstructioncom\/","article_published_time":"2020-10-16T15:44:24+00:00","article_modified_time":"2020-10-23T06:56:47+00:00","og_image":[{"width":1050,"height":681,"url":"https:\/\/www.appartement-construction.com\/content\/wp-content\/uploads\/2020\/08\/Capelli-loges-dor-head.jpg","type":"image\/jpeg"}],"author":"Laurence","twitter_misc":{"\u00c9crit par":"Laurence","Dur\u00e9e de lecture estim\u00e9e":"8 minutes"},"schema":{"@context":"https:\/\/schema.org","@graph":[{"@type":"Article","@id":"https:\/\/www.appartement-construction.com\/content\/promoteurs\/groupe-capelli#article","isPartOf":{"@id":"https:\/\/www.appartement-construction.com\/content\/promoteurs\/groupe-capelli"},"author":{"name":"Laurence","@id":"https:\/\/www.appartement-construction.com\/content\/#\/schema\/person\/06fddd1d3f937d2fd54200b32e3dee41"},"headline":"Capelli, un promoteur familial innovant et ultra-performant depuis 1976","datePublished":"2020-10-16T15:44:24+00:00","dateModified":"2020-10-23T06:56:47+00:00","mainEntityOfPage":{"@id":"https:\/\/www.appartement-construction.com\/content\/promoteurs\/groupe-capelli"},"wordCount":1601,"commentCount":0,"publisher":{"@id":"https:\/\/www.appartement-construction.com\/content\/#organization"},"image":{"@id":"https:\/\/www.appartement-construction.com\/content\/promoteurs\/groupe-capelli#primaryimage"},"thumbnailUrl":"https:\/\/www.appartement-construction.com\/content\/wp-content\/uploads\/2020\/08\/Capelli-loges-dor-head.jpg","articleSection":["Les promoteurs"],"inLanguage":"fr-FR","potentialAction":[{"@type":"CommentAction","name":"Comment","target":["https:\/\/www.appartement-construction.com\/content\/promoteurs\/groupe-capelli#respond"]}]},{"@type":"WebPage","@id":"https:\/\/www.appartement-construction.com\/content\/promoteurs\/groupe-capelli","url":"https:\/\/www.appartement-construction.com\/content\/promoteurs\/groupe-capelli","name":"Capelli, un promoteur familial innovant et ultra-performant depuis 1976","isPartOf":{"@id":"https:\/\/www.appartement-construction.com\/content\/#website"},"primaryImageOfPage":{"@id":"https:\/\/www.appartement-construction.com\/content\/promoteurs\/groupe-capelli#primaryimage"},"image":{"@id":"https:\/\/www.appartement-construction.com\/content\/promoteurs\/groupe-capelli#primaryimage"},"thumbnailUrl":"https:\/\/www.appartement-construction.com\/content\/wp-content\/uploads\/2020\/08\/Capelli-loges-dor-head.jpg","datePublished":"2020-10-16T15:44:24+00:00","dateModified":"2020-10-23T06:56:47+00:00","description":"Depuis plus de 40 ans, le Groupe Capelli r\u00e9alise des programmes immobiliers d\u2019exception en France, Suisse et au Luxembourg. Il y en a pour tous les budgets.","breadcrumb":{"@id":"https:\/\/www.appartement-construction.com\/content\/promoteurs\/groupe-capelli#breadcrumb"},"inLanguage":"fr-FR","potentialAction":[{"@type":"ReadAction","target":["https:\/\/www.appartement-construction.com\/content\/promoteurs\/groupe-capelli"]}]},{"@type":"ImageObject","inLanguage":"fr-FR","@id":"https:\/\/www.appartement-construction.com\/content\/promoteurs\/groupe-capelli#primaryimage","url":"https:\/\/www.appartement-construction.com\/content\/wp-content\/uploads\/2020\/08\/Capelli-loges-dor-head.jpg","contentUrl":"https:\/\/www.appartement-construction.com\/content\/wp-content\/uploads\/2020\/08\/Capelli-loges-dor-head.jpg","width":1050,"height":681,"caption":"Groupe Capelli appartement neuf"},{"@type":"WebSite","@id":"https:\/\/www.appartement-construction.com\/content\/#website","url":"https:\/\/www.appartement-construction.com\/content\/","name":"Acheter un appartement neuf","description":"Trouver votre Promoteur et Appartement Neuf en Ligne !","publisher":{"@id":"https:\/\/www.appartement-construction.com\/content\/#organization"},"potentialAction":[{"@type":"SearchAction","target":{"@type":"EntryPoint","urlTemplate":"https:\/\/www.appartement-construction.com\/content\/?s={search_term_string}"},"query-input":{"@type":"PropertyValueSpecification","valueRequired":true,"valueName":"search_term_string"}}],"inLanguage":"fr-FR"},{"@type":"Organization","@id":"https:\/\/www.appartement-construction.com\/content\/#organization","name":"Appartement-Construction.com","url":"https:\/\/www.appartement-construction.com\/content\/","logo":{"@type":"ImageObject","inLanguage":"fr-FR","@id":"https:\/\/www.appartement-construction.com\/content\/#\/schema\/logo\/image\/","url":"https:\/\/www.appartement-construction.com\/content\/wp-content\/uploads\/2018\/07\/logo-AC.jpg","contentUrl":"https:\/\/www.appartement-construction.com\/content\/wp-content\/uploads\/2018\/07\/logo-AC.jpg","width":794,"height":491,"caption":"Appartement-Construction.com"},"image":{"@id":"https:\/\/www.appartement-construction.com\/content\/#\/schema\/logo\/image\/"},"sameAs":["https:\/\/www.facebook.com\/AppartementConstructioncom\/"]},{"@type":"Person","@id":"https:\/\/www.appartement-construction.com\/content\/#\/schema\/person\/06fddd1d3f937d2fd54200b32e3dee41","name":"Laurence","image":{"@type":"ImageObject","inLanguage":"fr-FR","@id":"https:\/\/www.appartement-construction.com\/content\/#\/schema\/person\/image\/","url":"https:\/\/secure.gravatar.com\/avatar\/a3d78ca6bbeca68c34b2ca0bfda3ab3e0a6d919e37a32ff151594431fef523af?s=96&d=mm&r=g","contentUrl":"https:\/\/secure.gravatar.com\/avatar\/a3d78ca6bbeca68c34b2ca0bfda3ab3e0a6d919e37a32ff151594431fef523af?s=96&d=mm&r=g","caption":"Laurence"},"url":"https:\/\/www.appartement-construction.com\/content\/author\/laurence"}]}},"_links":{"self":[{"href":"https:\/\/www.appartement-construction.com\/content\/wp-json\/wp\/v2\/posts\/7679","targetHints":{"allow":["GET"]}}],"collection":[{"href":"https:\/\/www.appartement-construction.com\/content\/wp-json\/wp\/v2\/posts"}],"about":[{"href":"https:\/\/www.appartement-construction.com\/content\/wp-json\/wp\/v2\/types\/post"}],"author":[{"embeddable":true,"href":"https:\/\/www.appartement-construction.com\/content\/wp-json\/wp\/v2\/users\/12"}],"replies":[{"embeddable":true,"href":"https:\/\/www.appartement-construction.com\/content\/wp-json\/wp\/v2\/comments?post=7679"}],"version-history":[{"count":16,"href":"https:\/\/www.appartement-construction.com\/content\/wp-json\/wp\/v2\/posts\/7679\/revisions"}],"predecessor-version":[{"id":9858,"href":"https:\/\/www.appartement-construction.com\/content\/wp-json\/wp\/v2\/posts\/7679\/revisions\/9858"}],"wp:featuredmedia":[{"embeddable":true,"href":"https:\/\/www.appartement-construction.com\/content\/wp-json\/wp\/v2\/media\/7692"}],"wp:attachment":[{"href":"https:\/\/www.appartement-construction.com\/content\/wp-json\/wp\/v2\/media?parent=7679"}],"wp:term":[{"taxonomy":"category","embeddable":true,"href":"https:\/\/www.appartement-construction.com\/content\/wp-json\/wp\/v2\/categories?post=7679"},{"taxonomy":"post_tag","embeddable":true,"href":"https:\/\/www.appartement-construction.com\/content\/wp-json\/wp\/v2\/tags?post=7679"}],"curies":[{"name":"wp","href":"https:\/\/api.w.org\/{rel}","templated":true}]}}