{"id":9547,"date":"2021-07-07T17:31:28","date_gmt":"2021-07-07T15:31:28","guid":{"rendered":"https:\/\/www.appartement-construction.com\/content\/?p=9547"},"modified":"2021-07-07T17:31:31","modified_gmt":"2021-07-07T15:31:31","slug":"imaprim","status":"publish","type":"post","link":"https:\/\/www.appartement-construction.com\/content\/promoteurs\/imaprim","title":{"rendered":"Imaprim, le promoteur immobilier de talent du Sillon alpin"},"content":{"rendered":"\n<p>Le promoteur-constructeur Imaprim est n\u00e9 en 2006 \u00e0 Chamb\u00e9ry. Il r\u00e9alise <strong>des programmes immobiliers exigeants \u00e0 Grenoble, Annemasse, Annecy, etc.<\/strong> Int\u00e9gr\u00e9s dans leur environnement, respectueux de la plan\u00e8te et de l\u2019humain, ils offrent de belles architectures et des prestations tr\u00e8s soign\u00e9es. En voici une petite s\u00e9lection.<\/p>\n\n\n\n<!--more-->\n\n\n\n<h2 class=\"wp-block-heading\" id=\"h-imaprim-en-r-sum\"><strong>Imaprim en r\u00e9sum\u00e9<\/strong><\/h2>\n\n\n\n<figure class=\"wp-block-table\"><table><tbody><tr><td><strong>Date de cr\u00e9ation du Groupe<\/strong><\/td><td>2006<\/td><\/tr><tr><td><strong>Secteur d\u2019intervention<\/strong><\/td><td>Sillon alpin<\/td><\/tr><tr><td><strong>Nombre de logements livr\u00e9s depuis 2006<\/strong><\/td><td>1212<\/td><\/tr><tr><td><strong>Style de construction<\/strong><\/td><td>contemporain<\/td><\/tr><tr><td><strong>Prix de d\u00e9part<\/strong><\/td><td>Un T1 de 28,51 m2 est \u00e0 139 000 \u20ac (<a href=\"https:\/\/www.imaprim-promoteur.com\/programmes\/dessaix-thonon-les-bains-919152231\" target=\"_blank\" rel=\"noreferrer noopener\">Dessaix<\/a>, Thonon-les-Bains)<\/td><\/tr><tr><td><strong>Adresse du si\u00e8ge social<\/strong><\/td><td>121, all\u00e9e Albert Sylvestre 73 000 Chamb\u00e9ry<\/td><\/tr><tr><td><strong>Site web<\/strong><\/td><td><a href=\"https:\/\/www.imaprim-promoteur.com\/\" target=\"_blank\" rel=\"noreferrer noopener\">www.imaprim-promoteur.com<\/a><\/td><\/tr><tr><td><strong>T\u00e9l\u00e9phone<\/strong><\/td><td>04 79 33 26 51<\/td><\/tr><\/tbody><\/table><\/figure>\n\n\n\n<h3 class=\"wp-block-heading\" id=\"h-bref-historique\">Bref historique<\/h3>\n\n\n\n<p>Imaprim pour IMagination, Am\u00e9nagement et PRomotion IMmobili\u00e8re a \u00e9t\u00e9 <strong>fond\u00e9 en 2006 par Olivier Gallais<\/strong>.&nbsp;Celui-ci est son actuel pr\u00e9sident et actionnaire majoritaire et est \u00e9galement pr\u00e9sident de la FPI Alpes. <br>Le promoteur r\u00e9alise des r\u00e9sidences de standing \u00e0 Grenoble, Chamb\u00e9ry, Annecy, Annemasse, dans le Chablais et le Genevois fran\u00e7ais. Il construit aussi bien des petits ensembles intimistes que de plus grands projets. Depuis 2006, il a livr\u00e9 d\u00e9j\u00e0 <strong>1212 logements<\/strong>, a r\u00e9alis\u00e9<strong> 37 r\u00e9sidences<\/strong> et d\u00e9veloppe 877 logements. L\u2019entreprise regroupe 26 collaborateurs et s&rsquo;implante sur 2 villes : son si\u00e8ge social est \u00e0 Chamb\u00e9ry et 2 agences sont situ\u00e9es \u00e0 Grenoble et Chamb\u00e9ry \u00e9galement.<\/p>\n\n\n\n<h3 class=\"wp-block-heading\" id=\"h-un-promoteur-de-proximit\">Un promoteur de proximit\u00e9<\/h3>\n\n\n\n<p>Le promoteur Imaprim est bas\u00e9 au c\u0153ur de son territoire, \u00e0 Chamb\u00e9ry et aussi \u00e0 Grenoble. De ce fait, <strong>il connait parfaitement les enjeux sociaux, \u00e9conomiques et \u00e9cologiques du Sillon Alpin.<\/strong> Ses programmes immobiliers sont faits de concert avec les collectivit\u00e9s locales, les \u00e9lus, les habitants. Ils r\u00e9pondent \u00e0 leurs besoins et \u00e0 ceux des futurs r\u00e9sidents. Ce solide ancrage local&nbsp;lui permet d\u2019appr\u00e9hender et d\u2019am\u00e9liorer l\u2019attractivit\u00e9 de chaque territoire. Architectes, notaires, g\u00e9om\u00e8tres, bureaux d\u2019\u00e9tudes, etc. Imaprim a su tisser un r\u00e9seau de partenaires de confiance qui partage ses m\u00eames valeurs de professionnalisme, d\u2019innovation, et d\u2019engagement en mati\u00e8re de d\u00e9veloppement durable.<\/p>\n\n\n\n<p>Imaprim<strong> est donc proche des territoires, mais aussi de ses clients<\/strong>. En effet, ses \u00e9quipes les accompagnent de A \u00e0 Z, depuis le choix de leur r\u00e9sidence jusqu\u2019\u00e0 la livraison des cl\u00e9s en passant par la recherche des financements. Elles sont \u00e0 l\u2019\u00e9coute, disponibles et r\u00e9actives. Le promoteur propose \u00e9galement des services additionnels (d\u00e9coration, s\u00e9lection du cuisiniste, etc.) et est l\u00e0 lors de la personnalisation de chaque logement. <br>Et comme l\u2019acte d\u2019achat en VEFA n\u2019est pas toujours rassurant, il garantit et finance l\u2019ensemble de ses r\u00e9alisations par la Soci\u00e9t\u00e9 G\u00e9n\u00e9rale ou des acteurs financiers importants de la r\u00e9gion.<\/p>\n\n\n\n<p><strong>Le promoteur s\u2019engage aussi sur le terrain<\/strong> en participant \u00e0 la vie locale. Il soutient par exemple la sc\u00e8ne nationale de Chamb\u00e9ry Savoie, le Cercle M. de Marlaux.<\/p>\n\n\n\n<h3 class=\"wp-block-heading\" id=\"h-des-r-sidences-de-qualit\">Des r\u00e9sidences de qualit\u00e9<\/h3>\n\n\n\n<p>Imaprim veille \u00e0 ce que ses <strong>programmes soient soign\u00e9s jusque dans le moindre d\u00e9tail<\/strong>. Il s\u00e9lectionne des adresses avec exigence. Il assure l&rsquo;int\u00e9gration des architectures contemporaines dans leur environnement. Les logements sont fonctionnels et beaux. Ceux-ci doivent proposer <strong>un confort thermique optimal en \u00e9t\u00e9 comme en hiver<\/strong>, ainsi qu\u2019<strong>une isolation acoustique et une ventilation efficaces<\/strong>. Pour atteindre cet objectif, Imaprim r\u00e9alise des isolations deux fois plus performantes que les normes r\u00e8glementaires en vigueur. Et pour couronner le tout, chaque logement dispose d\u2019un espace ext\u00e9rieur. <\/p>\n\n\n\n<div class=\"wp-block-image\"><figure class=\"aligncenter size-large\"><img loading=\"lazy\" decoding=\"async\" width=\"281\" height=\"425\" src=\"https:\/\/www.appartement-construction.com\/content\/wp-content\/uploads\/2021\/05\/Imaprim-natura-allonzier.jpg\" alt=\"Imaprim appartement neuf  Allonzier\" class=\"wp-image-9556\"\/><\/figure><\/div>\n\n\n\n<h3 class=\"wp-block-heading\" id=\"h-la-pr-servation-de-l-environnement\">La pr\u00e9servation de l\u2019environnement<\/h3>\n\n\n\n<p>Pour suivre l\u2019histoire et l\u2019identit\u00e9 des territoires, les programmes immobiliers d\u2019Imaprim s&rsquo;int\u00e8grent toujours harmonieusement \u00e0 leur environnement. Ils font la part belle \u00e0 la nature existante et respectent la biodiversit\u00e9.<br>Par ailleurs, Imaprim veille<strong> \u00e0 pr\u00e9server les ressources naturelles<\/strong>. Pour cela, les habitats sont orient\u00e9s de mani\u00e8re optimale pour capter le maximum d\u2019\u00e9nergie et de lumi\u00e8re naturelle. Les mat\u00e9riaux de construction sont tri\u00e9s sur le volet. Ils sont performants, naturels et durables et non \u00e9missifs en COV. De plus, les chantiers de construction sont propres et le recyclage y est de mise. <strong>\u00c0 toutes les \u00e9tapes de leur r\u00e9alisation, l\u2019empreinte carbone des programmes immobiliers est r\u00e9duite.<\/strong><\/p>\n\n\n\n<h2 class=\"wp-block-heading\" id=\"h-zoom-sur-deux-programmes-en-cours-d-imaprim\"><strong>Zoom sur deux programmes en cours d\u2019Imaprim<\/strong><\/h2>\n\n\n\n<h3 class=\"wp-block-heading\" id=\"h-akane-jacob-bellecombette-73\">AKANE, Jacob-Bellecombette (73)<\/h3>\n\n\n\n<h4 class=\"wp-block-heading\" id=\"h-la-zac-des-ch-taigneraies\">La ZAC des Ch\u00e2taigneraies<\/h4>\n\n\n\n<p>Sur les hauteurs de Chamb\u00e9ry, la commune de Jacob-Bellecombette offre un panorama splendide sur le lac du Bourget et les montagnes. <strong>Ici, la nature est pr\u00e9serv\u00e9e<\/strong>. De plus, la ville est devenue un des grands p\u00f4les de l\u2019Universit\u00e9 de Savoie avec plus de 4000 \u00e9tudiants. Elle propose aussi toutes les commodit\u00e9s n\u00e9cessaires : commerces, services, \u00e9coles, etc. \u00c0 l\u2019entr\u00e9e sud de l\u2019agglom\u00e9ration, \u00e0 7 minutes en voiture du centre de Chamb\u00e9ry, la ZAC des Chataigneraies accueille non loin de 200 logements, des espaces verts, des commerces, etc. Elle a vu le jour il y a une dizaine d\u2019ann\u00e9es et s\u2019ach\u00e8ve avec le programme r\u00e9alis\u00e9 par Imaprim : AKANE.<\/p>\n\n\n\n<h4 class=\"wp-block-heading\" id=\"h-le-programme\">Le programme<\/h4>\n\n\n\n<p><strong>61 appartements du 2 au 4 pi\u00e8ces<\/strong> composent <a href=\"https:\/\/www.imaprim-promoteur.com\/programmes\/akane-jacob-bellecombette-41624160\" target=\"_blank\" rel=\"noreferrer noopener\">le programme AKANE<\/a> qui se r\u00e9partit sur plusieurs b\u00e2timents. Les fa\u00e7ades rythm\u00e9es par une alternance de mat\u00e9riaux et de coloris sont sobres et \u00e9l\u00e9gantes.<\/p>\n\n\n\n<div class=\"wp-block-image\"><figure class=\"aligncenter size-large\"><img loading=\"lazy\" decoding=\"async\" width=\"567\" height=\"330\" src=\"https:\/\/www.appartement-construction.com\/content\/wp-content\/uploads\/2021\/05\/Imaprim-akane.jpg\" alt=\"Imaprim appartement neuf Chamb\u00e9ry Jacob-Bellecombette\" class=\"wp-image-9551\"\/><\/figure><\/div>\n\n\n\n<h4 class=\"wp-block-heading\" id=\"h-les-prestations\">Les prestations<\/h4>\n\n\n\n<p>Balcons, terrasses et loggias en cascade pour la pr\u00e9servation de l\u2019intimit\u00e9 de chacun, larges baies vitr\u00e9es, jardins paysag\u00e9s, espaces g\u00e9n\u00e9reux et fonctionnels, orientations optimales, chauffage et production d\u2019eau chaude par chaudi\u00e8re individuelle \u00e0 condensation au gaz, salles de bain am\u00e9nag\u00e9es, carrelage grand format, volets roulants motoris\u00e9s, placards \u00e9quip\u00e9s, etc. Les prestations sont haut de gamme.<\/p>\n\n\n\n<p>La livraison d\u00e9bute au 2e trimestre 2021.<\/p>\n\n\n\n<h3 class=\"wp-block-heading\" id=\"h-villa-auxane-metz-tessy-74\">Villa Auxane, Metz-Tessy (74)<\/h3>\n\n\n\n<h4 class=\"wp-block-heading\" id=\"h-la-ville\">La ville<\/h4>\n\n\n\n<p>Situ\u00e9e \u00e0 quelques minutes d\u2019Annecy, Metz-Tessy est une commune qui pr\u00e9sente de nombreux atouts. Transports en commun, commerces, services, infrastructures sportives, \u00e9coles, etc. Vivre \u00e0 Metz-Tessy c\u2019est avoir tout \u00e0 port\u00e9e de main tout en b\u00e9n\u00e9ficiant d\u2019une qualit\u00e9 de vie \u00e9lev\u00e9e dans un cadre serein.<\/p>\n\n\n\n<h4 class=\"wp-block-heading\" id=\"h-le-programme-1\">Le programme<\/h4>\n\n\n\n<p>Avec ses <strong>15 appartements du 2 au 5 pi\u00e8ces r\u00e9partis sur 2 b\u00e2timents<\/strong>, <a href=\"https:\/\/www.imaprim-promoteur.com\/programmes\/villa-auxane-metz-tessy-1039272557\" target=\"_blank\" rel=\"noreferrer noopener\">la r\u00e9sidence Villa Auxane<\/a> est tr\u00e8s intimiste. Construite au sein d\u2019un \u00e9crin de verdure route du Vi\u00e9ran, elle offre un cadre de vie enchanteur. L\u2019architecture contemporaine emprunte largement au style local : bardage bois, grandes toitures pentues, enduit min\u00e9ral aux teintes typiques de la r\u00e9gion, etc.<\/p>\n\n\n\n<div class=\"wp-block-image\"><figure class=\"aligncenter size-large\"><img loading=\"lazy\" decoding=\"async\" width=\"567\" height=\"378\" src=\"https:\/\/www.appartement-construction.com\/content\/wp-content\/uploads\/2021\/05\/Imaprim-villa-auxane.jpg\" alt=\"Imaprim appartement neuf  Metz-Tessy\" class=\"wp-image-9552\"\/><\/figure><\/div>\n\n\n\n<h4 class=\"wp-block-heading\" id=\"h-les-prestations-1\">Les prestations<\/h4>\n\n\n\n<p>Chaque appartement est orient\u00e9 de mani\u00e8re \u00e0 disposer d\u2019une belle lumi\u00e8re naturelle toute l\u2019ann\u00e9e. Les espaces ext\u00e9rieurs et les volumes des logements sont g\u00e9n\u00e9reux.<\/p>\n\n\n\n<p><strong>Un T3 de 65,95 m2 au 1er \u00e9tage est \u00e0 351 400 \u20ac. Un T5 de 116 m2 au rez-de-chauss\u00e9e est \u00e0 620 200 \u20ac.<\/strong> La livraison pr\u00e9visionnelle est au 4e trimestre 2022.<\/p>\n\n\n\n<h2 class=\"wp-block-heading\" id=\"h-zoom-sur-des-programmes-livr-s-par-imaprim\"><strong>Zoom sur des programmes livr\u00e9s par Imaprim<\/strong><\/h2>\n\n\n\n<h3 class=\"wp-block-heading\" id=\"h-l-albane-saint-alban-leysse-73\">L\u2019Albane, Saint-Alban-Leysse (73)<\/h3>\n\n\n\n<h4 class=\"wp-block-heading\" id=\"h-la-ville-1\">La ville<\/h4>\n\n\n\n<p>\u00c0 15 min de Chamb\u00e9ry, Saint-Alban-Leysse est un village id\u00e9alement situ\u00e9 entre le Parc Naturel R\u00e9gional du Massif des Bauges et celui de Chartreuse. Tissu associatif riche, \u00e9coles, commerces, environnement pr\u00e9serv\u00e9, il propose un cadre de vie de qualit\u00e9.<\/p>\n\n\n\n<h4 class=\"wp-block-heading\" id=\"h-le-programme-2\">Le programme<\/h4>\n\n\n\n<p>Route de la B\u00e9maz, au sein d\u2019un hameau r\u00e9sidentiel, <a href=\"https:\/\/www.imaprim-promoteur.com\/realisations\/lalbane-saint-alban-leysse-1884750717\" target=\"_blank\" rel=\"noreferrer noopener\">le programme L\u2019Albane<\/a> se compose de <strong>32 appartements du 2 au 4 pi\u00e8ces<\/strong>. Bois, zinc, couleurs pastels, son architecture moderne faite de mat\u00e9riaux naturels et pr\u00e9sentant une toiture tout en courbe est chaleureuse et \u00e9l\u00e9gante. Les logements sont parfaitement orient\u00e9s, ensoleill\u00e9s et prolong\u00e9s par de beaux espaces ext\u00e9rieurs. L\u2019ensemble se niche dans un environnement tr\u00e8s verdoyant dont se fait \u00e9cho le c\u0153ur d\u2019ilot paysager.<\/p>\n\n\n\n<div class=\"wp-block-image\"><figure class=\"aligncenter size-large\"><img loading=\"lazy\" decoding=\"async\" width=\"567\" height=\"349\" src=\"https:\/\/www.appartement-construction.com\/content\/wp-content\/uploads\/2021\/05\/Imaprim-Albane.jpg\" alt=\"Imaprim appartement neuf Saint-Alban-Leysse Chamb\u00e9ry\" class=\"wp-image-9553\"\/><\/figure><\/div>\n\n\n\n<p>La r\u00e9sidence a \u00e9t\u00e9 inaugur\u00e9e en 2019.<\/p>\n\n\n\n<h3 class=\"wp-block-heading\" id=\"h-sora-chamb-ry-74\">Sora, Chamb\u00e9ry (74)<\/h3>\n\n\n\n<h4 class=\"wp-block-heading\" id=\"h-le-quartier-des-portes-de-m-rande\">Le quartier des Portes de M\u00e9rande<\/h4>\n\n\n\n<p>Le secteur se situe \u00e0 l\u2019entr\u00e9e est de la ville de Chamb\u00e9ry. De nombreuses r\u00e9sidences y voient le jour. \u00c0 terme, il accueillera autour de 250 logements et des bureaux.<\/p>\n\n\n\n<h4 class=\"wp-block-heading\" id=\"h-le-programme-3\">Le programme<\/h4>\n\n\n\n<p>17 avenue Docteur Desfran\u00e7ois, proche de la gare TGV,&nbsp;<a href=\"https:\/\/www.imaprim-promoteur.com\/realisations\/sora-chambery-948124019\" target=\"_blank\" rel=\"noreferrer noopener\">la r\u00e9sidence Sora<\/a> s\u2019\u00e9rige sur 2 b\u00e2timents dans un quartier tr\u00e8s attractif. Son architecture contemporaine en gradins tr\u00e8s originale faite de lign\u00e9es \u00e9pur\u00e9es a \u00e9t\u00e9 r\u00e9compens\u00e9e du <strong>Grand Prix r\u00e9gional des Pyramides 2018<\/strong>. Elle est l\u2019\u0153uvre de l\u2019agence Chambre&nbsp;Vibert. Les <strong>41 logements<\/strong> aux espaces g\u00e9n\u00e9reux et fonctionnels se prolongent de belles terrasses offrant une vue imprenable sur la ville. Au rez-de-chauss\u00e9e, une cr\u00e8che a \u00e9t\u00e9 am\u00e9nag\u00e9e pour le bonheur des familles.<\/p>\n\n\n\n<div class=\"wp-block-image\"><figure class=\"aligncenter size-large\"><img loading=\"lazy\" decoding=\"async\" width=\"567\" height=\"363\" src=\"https:\/\/www.appartement-construction.com\/content\/wp-content\/uploads\/2021\/05\/Imaprim-sora.jpg\" alt=\"Imaprim appartement neuf Chamb\u00e9ry\" class=\"wp-image-9554\"\/><\/figure><\/div>\n\n\n\n<p>La livraison a \u00e9t\u00e9 faite en 2020.<\/p>\n\n\n\n<h3 class=\"wp-block-heading\" id=\"h-natureo-fillinges-74\">Natureo, Fillinges (74)<\/h3>\n\n\n\n<h4 class=\"wp-block-heading\" id=\"h-le-village\">Le village<\/h4>\n\n\n\n<p>Aux portes de la fronti\u00e8re suisse, le village de Fillinges fait partie de l\u2019agglom\u00e9ration du Grand Gen\u00e8ve, \u00e0 quelques kilom\u00e8tres d\u2019Annemasse. Il est paisible, mais actif. Il offre une belle vue sur les montagnes et une ambiance tr\u00e8s conviviale. La qualit\u00e9 de vie y est tr\u00e8s bonne. La foire aux bestiaux ou le \u00ab fill good \u00bb sont des \u00e9v\u00e8nements qui font vibrer le village en entier.<\/p>\n\n\n\n<h4 class=\"wp-block-heading\" id=\"h-le-programme-4\">Le programme<\/h4>\n\n\n\n<p><a href=\"https:\/\/www.imaprim-promoteur.com\/realisations\/natureo-fillinges-518850064\" target=\"_blank\" rel=\"noreferrer noopener\">La r\u00e9sidence Natureo<\/a> nich\u00e9e au c\u0153ur du village est \u00e0 taille humaine. <strong>37 appartements du 2 au 4 pi\u00e8ces <\/strong>int\u00e8grent une construction \u00e0 l\u2019architecture simple et \u00e9l\u00e9gante. Bardage bois, teintes claires, environnement verdoyant, elle se fond harmonieusement au b\u00e2ti existant. Chaque logement dispose d\u2019un bel espace ext\u00e9rieur.<\/p>\n\n\n\n<div class=\"wp-block-image\"><figure class=\"aligncenter size-large\"><img loading=\"lazy\" decoding=\"async\" width=\"567\" height=\"302\" src=\"https:\/\/www.appartement-construction.com\/content\/wp-content\/uploads\/2021\/05\/Imaprim-natureo.jpg\" alt=\"Imaprim appartement neuf Fillinges Grand Gen\u00e8ve\" class=\"wp-image-9555\"\/><\/figure><\/div>\n\n\n\n<p>La livraison a \u00e9t\u00e9 faite en 2018.<\/p>\n\n\n\n<h2 class=\"wp-block-heading\" id=\"h-les-agences-et-espaces-de-vente-d-imaprim\"><strong>Les agences et espaces de vente d\u2019Imaprim<\/strong><\/h2>\n\n\n\n<p>Imaprim poss\u00e8de <strong>2 agences <\/strong>: une \u00e0 <strong>Chamb\u00e9ry <\/strong>et une \u00e0 <strong>Grenoble<\/strong>. Si vous d\u00e9sirez obtenir plus de renseignements sur les activit\u00e9s de ce promoteur r\u00e9gional, vous pouvez le joindre au 04 79 33 26 51.<\/p>\n\n\n\n<p><em>Vous cherchez \u00e0 acheter un appartement neuf en Savoie ? Chamb\u00e9ry, Annecy, Annemasse ? Imaprim y r\u00e9alise des r\u00e9sidences soign\u00e9es jusque dans le moindre d\u00e9tail. Ses partenaires sont locaux, la r\u00e9activit\u00e9 et l\u2019\u00e9coute de ses \u00e9quipes sont exemplaires ! <\/em><\/p>\n","protected":false},"excerpt":{"rendered":"<p>Le promoteur-constructeur Imaprim est n\u00e9 en 2006 \u00e0 Chamb\u00e9ry. Il r\u00e9alise des programmes immobiliers exigeants \u00e0 Grenoble, Annemasse, Annecy, etc. Int\u00e9gr\u00e9s dans leur environnement, respectueux de la plan\u00e8te et de l\u2019humain, ils offrent de belles architectures et des prestations tr\u00e8s soign\u00e9es. En voici une petite s\u00e9lection.<\/p>\n","protected":false},"author":12,"featured_media":9550,"comment_status":"open","ping_status":"open","sticky":false,"template":"","format":"standard","meta":{"footnotes":""},"categories":[5],"tags":[],"class_list":["post-9547","post","type-post","status-publish","format-standard","has-post-thumbnail","hentry","category-promoteurs"],"yoast_head":"<!-- This site is optimized with the Yoast SEO plugin v25.1 - https:\/\/yoast.com\/wordpress\/plugins\/seo\/ -->\n<title>Imaprim, le promoteur immobilier de talent du Sillon alpin<\/title>\n<meta name=\"description\" content=\"Vous cherchez \u00e0 acheter un appartement neuf \u00e0 Chamb\u00e9ry ou Annecy ? Jetez un oeil aux r\u00e9alisations d&#039;Imaprim, promoteur local de talent.\" \/>\n<meta name=\"robots\" content=\"index, follow, max-snippet:-1, max-image-preview:large, max-video-preview:-1\" \/>\n<link rel=\"canonical\" href=\"https:\/\/www.appartement-construction.com\/content\/promoteurs\/imaprim\" \/>\n<meta property=\"og:locale\" content=\"fr_FR\" \/>\n<meta property=\"og:type\" content=\"article\" \/>\n<meta property=\"og:title\" content=\"Imaprim, le promoteur immobilier de talent du Sillon alpin\" \/>\n<meta property=\"og:description\" content=\"Vous cherchez \u00e0 acheter un appartement neuf \u00e0 Chamb\u00e9ry ou Annecy ? Jetez un oeil aux r\u00e9alisations d&#039;Imaprim, promoteur local de talent.\" \/>\n<meta property=\"og:url\" content=\"https:\/\/www.appartement-construction.com\/content\/promoteurs\/imaprim\" \/>\n<meta property=\"og:site_name\" content=\"Acheter un appartement neuf\" \/>\n<meta property=\"article:publisher\" content=\"https:\/\/www.facebook.com\/AppartementConstructioncom\/\" \/>\n<meta property=\"article:published_time\" content=\"2021-07-07T15:31:28+00:00\" \/>\n<meta property=\"article:modified_time\" content=\"2021-07-07T15:31:31+00:00\" \/>\n<meta property=\"og:image\" content=\"https:\/\/www.appartement-construction.com\/content\/wp-content\/uploads\/2021\/05\/Imaprim-alcea-Nernier-head.jpg\" \/>\n\t<meta property=\"og:image:width\" content=\"1134\" \/>\n\t<meta property=\"og:image:height\" content=\"775\" \/>\n\t<meta property=\"og:image:type\" content=\"image\/jpeg\" \/>\n<meta name=\"author\" content=\"Laurence\" \/>\n<meta name=\"twitter:label1\" content=\"\u00c9crit par\" \/>\n\t<meta name=\"twitter:data1\" content=\"Laurence\" \/>\n\t<meta name=\"twitter:label2\" content=\"Dur\u00e9e de lecture estim\u00e9e\" \/>\n\t<meta name=\"twitter:data2\" content=\"8 minutes\" \/>\n<script type=\"application\/ld+json\" class=\"yoast-schema-graph\">{\"@context\":\"https:\/\/schema.org\",\"@graph\":[{\"@type\":\"Article\",\"@id\":\"https:\/\/www.appartement-construction.com\/content\/promoteurs\/imaprim#article\",\"isPartOf\":{\"@id\":\"https:\/\/www.appartement-construction.com\/content\/promoteurs\/imaprim\"},\"author\":{\"name\":\"Laurence\",\"@id\":\"https:\/\/www.appartement-construction.com\/content\/#\/schema\/person\/06fddd1d3f937d2fd54200b32e3dee41\"},\"headline\":\"Imaprim, le promoteur immobilier de talent du Sillon alpin\",\"datePublished\":\"2021-07-07T15:31:28+00:00\",\"dateModified\":\"2021-07-07T15:31:31+00:00\",\"mainEntityOfPage\":{\"@id\":\"https:\/\/www.appartement-construction.com\/content\/promoteurs\/imaprim\"},\"wordCount\":1654,\"commentCount\":0,\"publisher\":{\"@id\":\"https:\/\/www.appartement-construction.com\/content\/#organization\"},\"image\":{\"@id\":\"https:\/\/www.appartement-construction.com\/content\/promoteurs\/imaprim#primaryimage\"},\"thumbnailUrl\":\"https:\/\/www.appartement-construction.com\/content\/wp-content\/uploads\/2021\/05\/Imaprim-alcea-Nernier-head.jpg\",\"articleSection\":[\"Les promoteurs\"],\"inLanguage\":\"fr-FR\",\"potentialAction\":[{\"@type\":\"CommentAction\",\"name\":\"Comment\",\"target\":[\"https:\/\/www.appartement-construction.com\/content\/promoteurs\/imaprim#respond\"]}]},{\"@type\":\"WebPage\",\"@id\":\"https:\/\/www.appartement-construction.com\/content\/promoteurs\/imaprim\",\"url\":\"https:\/\/www.appartement-construction.com\/content\/promoteurs\/imaprim\",\"name\":\"Imaprim, le promoteur immobilier de talent du Sillon alpin\",\"isPartOf\":{\"@id\":\"https:\/\/www.appartement-construction.com\/content\/#website\"},\"primaryImageOfPage\":{\"@id\":\"https:\/\/www.appartement-construction.com\/content\/promoteurs\/imaprim#primaryimage\"},\"image\":{\"@id\":\"https:\/\/www.appartement-construction.com\/content\/promoteurs\/imaprim#primaryimage\"},\"thumbnailUrl\":\"https:\/\/www.appartement-construction.com\/content\/wp-content\/uploads\/2021\/05\/Imaprim-alcea-Nernier-head.jpg\",\"datePublished\":\"2021-07-07T15:31:28+00:00\",\"dateModified\":\"2021-07-07T15:31:31+00:00\",\"description\":\"Vous cherchez \u00e0 acheter un appartement neuf \u00e0 Chamb\u00e9ry ou Annecy ? Jetez un oeil aux r\u00e9alisations d'Imaprim, promoteur local de talent.\",\"breadcrumb\":{\"@id\":\"https:\/\/www.appartement-construction.com\/content\/promoteurs\/imaprim#breadcrumb\"},\"inLanguage\":\"fr-FR\",\"potentialAction\":[{\"@type\":\"ReadAction\",\"target\":[\"https:\/\/www.appartement-construction.com\/content\/promoteurs\/imaprim\"]}]},{\"@type\":\"ImageObject\",\"inLanguage\":\"fr-FR\",\"@id\":\"https:\/\/www.appartement-construction.com\/content\/promoteurs\/imaprim#primaryimage\",\"url\":\"https:\/\/www.appartement-construction.com\/content\/wp-content\/uploads\/2021\/05\/Imaprim-alcea-Nernier-head.jpg\",\"contentUrl\":\"https:\/\/www.appartement-construction.com\/content\/wp-content\/uploads\/2021\/05\/Imaprim-alcea-Nernier-head.jpg\",\"width\":1134,\"height\":775,\"caption\":\"Imaprim appartement neuf\"},{\"@type\":\"WebSite\",\"@id\":\"https:\/\/www.appartement-construction.com\/content\/#website\",\"url\":\"https:\/\/www.appartement-construction.com\/content\/\",\"name\":\"Acheter un appartement neuf\",\"description\":\"Trouver votre Promoteur et Appartement Neuf en Ligne !\",\"publisher\":{\"@id\":\"https:\/\/www.appartement-construction.com\/content\/#organization\"},\"potentialAction\":[{\"@type\":\"SearchAction\",\"target\":{\"@type\":\"EntryPoint\",\"urlTemplate\":\"https:\/\/www.appartement-construction.com\/content\/?s={search_term_string}\"},\"query-input\":{\"@type\":\"PropertyValueSpecification\",\"valueRequired\":true,\"valueName\":\"search_term_string\"}}],\"inLanguage\":\"fr-FR\"},{\"@type\":\"Organization\",\"@id\":\"https:\/\/www.appartement-construction.com\/content\/#organization\",\"name\":\"Appartement-Construction.com\",\"url\":\"https:\/\/www.appartement-construction.com\/content\/\",\"logo\":{\"@type\":\"ImageObject\",\"inLanguage\":\"fr-FR\",\"@id\":\"https:\/\/www.appartement-construction.com\/content\/#\/schema\/logo\/image\/\",\"url\":\"https:\/\/www.appartement-construction.com\/content\/wp-content\/uploads\/2018\/07\/logo-AC.jpg\",\"contentUrl\":\"https:\/\/www.appartement-construction.com\/content\/wp-content\/uploads\/2018\/07\/logo-AC.jpg\",\"width\":794,\"height\":491,\"caption\":\"Appartement-Construction.com\"},\"image\":{\"@id\":\"https:\/\/www.appartement-construction.com\/content\/#\/schema\/logo\/image\/\"},\"sameAs\":[\"https:\/\/www.facebook.com\/AppartementConstructioncom\/\"]},{\"@type\":\"Person\",\"@id\":\"https:\/\/www.appartement-construction.com\/content\/#\/schema\/person\/06fddd1d3f937d2fd54200b32e3dee41\",\"name\":\"Laurence\",\"image\":{\"@type\":\"ImageObject\",\"inLanguage\":\"fr-FR\",\"@id\":\"https:\/\/www.appartement-construction.com\/content\/#\/schema\/person\/image\/\",\"url\":\"https:\/\/secure.gravatar.com\/avatar\/a3d78ca6bbeca68c34b2ca0bfda3ab3e0a6d919e37a32ff151594431fef523af?s=96&d=mm&r=g\",\"contentUrl\":\"https:\/\/secure.gravatar.com\/avatar\/a3d78ca6bbeca68c34b2ca0bfda3ab3e0a6d919e37a32ff151594431fef523af?s=96&d=mm&r=g\",\"caption\":\"Laurence\"},\"url\":\"https:\/\/www.appartement-construction.com\/content\/author\/laurence\"}]}<\/script>\n<!-- \/ Yoast SEO plugin. -->","yoast_head_json":{"title":"Imaprim, le promoteur immobilier de talent du Sillon alpin","description":"Vous cherchez \u00e0 acheter un appartement neuf \u00e0 Chamb\u00e9ry ou Annecy ? Jetez un oeil aux r\u00e9alisations d'Imaprim, promoteur local de talent.","robots":{"index":"index","follow":"follow","max-snippet":"max-snippet:-1","max-image-preview":"max-image-preview:large","max-video-preview":"max-video-preview:-1"},"canonical":"https:\/\/www.appartement-construction.com\/content\/promoteurs\/imaprim","og_locale":"fr_FR","og_type":"article","og_title":"Imaprim, le promoteur immobilier de talent du Sillon alpin","og_description":"Vous cherchez \u00e0 acheter un appartement neuf \u00e0 Chamb\u00e9ry ou Annecy ? Jetez un oeil aux r\u00e9alisations d'Imaprim, promoteur local de talent.","og_url":"https:\/\/www.appartement-construction.com\/content\/promoteurs\/imaprim","og_site_name":"Acheter un appartement neuf","article_publisher":"https:\/\/www.facebook.com\/AppartementConstructioncom\/","article_published_time":"2021-07-07T15:31:28+00:00","article_modified_time":"2021-07-07T15:31:31+00:00","og_image":[{"width":1134,"height":775,"url":"https:\/\/www.appartement-construction.com\/content\/wp-content\/uploads\/2021\/05\/Imaprim-alcea-Nernier-head.jpg","type":"image\/jpeg"}],"author":"Laurence","twitter_misc":{"\u00c9crit par":"Laurence","Dur\u00e9e de lecture estim\u00e9e":"8 minutes"},"schema":{"@context":"https:\/\/schema.org","@graph":[{"@type":"Article","@id":"https:\/\/www.appartement-construction.com\/content\/promoteurs\/imaprim#article","isPartOf":{"@id":"https:\/\/www.appartement-construction.com\/content\/promoteurs\/imaprim"},"author":{"name":"Laurence","@id":"https:\/\/www.appartement-construction.com\/content\/#\/schema\/person\/06fddd1d3f937d2fd54200b32e3dee41"},"headline":"Imaprim, le promoteur immobilier de talent du Sillon alpin","datePublished":"2021-07-07T15:31:28+00:00","dateModified":"2021-07-07T15:31:31+00:00","mainEntityOfPage":{"@id":"https:\/\/www.appartement-construction.com\/content\/promoteurs\/imaprim"},"wordCount":1654,"commentCount":0,"publisher":{"@id":"https:\/\/www.appartement-construction.com\/content\/#organization"},"image":{"@id":"https:\/\/www.appartement-construction.com\/content\/promoteurs\/imaprim#primaryimage"},"thumbnailUrl":"https:\/\/www.appartement-construction.com\/content\/wp-content\/uploads\/2021\/05\/Imaprim-alcea-Nernier-head.jpg","articleSection":["Les promoteurs"],"inLanguage":"fr-FR","potentialAction":[{"@type":"CommentAction","name":"Comment","target":["https:\/\/www.appartement-construction.com\/content\/promoteurs\/imaprim#respond"]}]},{"@type":"WebPage","@id":"https:\/\/www.appartement-construction.com\/content\/promoteurs\/imaprim","url":"https:\/\/www.appartement-construction.com\/content\/promoteurs\/imaprim","name":"Imaprim, le promoteur immobilier de talent du Sillon alpin","isPartOf":{"@id":"https:\/\/www.appartement-construction.com\/content\/#website"},"primaryImageOfPage":{"@id":"https:\/\/www.appartement-construction.com\/content\/promoteurs\/imaprim#primaryimage"},"image":{"@id":"https:\/\/www.appartement-construction.com\/content\/promoteurs\/imaprim#primaryimage"},"thumbnailUrl":"https:\/\/www.appartement-construction.com\/content\/wp-content\/uploads\/2021\/05\/Imaprim-alcea-Nernier-head.jpg","datePublished":"2021-07-07T15:31:28+00:00","dateModified":"2021-07-07T15:31:31+00:00","description":"Vous cherchez \u00e0 acheter un appartement neuf \u00e0 Chamb\u00e9ry ou Annecy ? Jetez un oeil aux r\u00e9alisations d'Imaprim, promoteur local de talent.","breadcrumb":{"@id":"https:\/\/www.appartement-construction.com\/content\/promoteurs\/imaprim#breadcrumb"},"inLanguage":"fr-FR","potentialAction":[{"@type":"ReadAction","target":["https:\/\/www.appartement-construction.com\/content\/promoteurs\/imaprim"]}]},{"@type":"ImageObject","inLanguage":"fr-FR","@id":"https:\/\/www.appartement-construction.com\/content\/promoteurs\/imaprim#primaryimage","url":"https:\/\/www.appartement-construction.com\/content\/wp-content\/uploads\/2021\/05\/Imaprim-alcea-Nernier-head.jpg","contentUrl":"https:\/\/www.appartement-construction.com\/content\/wp-content\/uploads\/2021\/05\/Imaprim-alcea-Nernier-head.jpg","width":1134,"height":775,"caption":"Imaprim appartement neuf"},{"@type":"WebSite","@id":"https:\/\/www.appartement-construction.com\/content\/#website","url":"https:\/\/www.appartement-construction.com\/content\/","name":"Acheter un appartement neuf","description":"Trouver votre Promoteur et Appartement Neuf en Ligne !","publisher":{"@id":"https:\/\/www.appartement-construction.com\/content\/#organization"},"potentialAction":[{"@type":"SearchAction","target":{"@type":"EntryPoint","urlTemplate":"https:\/\/www.appartement-construction.com\/content\/?s={search_term_string}"},"query-input":{"@type":"PropertyValueSpecification","valueRequired":true,"valueName":"search_term_string"}}],"inLanguage":"fr-FR"},{"@type":"Organization","@id":"https:\/\/www.appartement-construction.com\/content\/#organization","name":"Appartement-Construction.com","url":"https:\/\/www.appartement-construction.com\/content\/","logo":{"@type":"ImageObject","inLanguage":"fr-FR","@id":"https:\/\/www.appartement-construction.com\/content\/#\/schema\/logo\/image\/","url":"https:\/\/www.appartement-construction.com\/content\/wp-content\/uploads\/2018\/07\/logo-AC.jpg","contentUrl":"https:\/\/www.appartement-construction.com\/content\/wp-content\/uploads\/2018\/07\/logo-AC.jpg","width":794,"height":491,"caption":"Appartement-Construction.com"},"image":{"@id":"https:\/\/www.appartement-construction.com\/content\/#\/schema\/logo\/image\/"},"sameAs":["https:\/\/www.facebook.com\/AppartementConstructioncom\/"]},{"@type":"Person","@id":"https:\/\/www.appartement-construction.com\/content\/#\/schema\/person\/06fddd1d3f937d2fd54200b32e3dee41","name":"Laurence","image":{"@type":"ImageObject","inLanguage":"fr-FR","@id":"https:\/\/www.appartement-construction.com\/content\/#\/schema\/person\/image\/","url":"https:\/\/secure.gravatar.com\/avatar\/a3d78ca6bbeca68c34b2ca0bfda3ab3e0a6d919e37a32ff151594431fef523af?s=96&d=mm&r=g","contentUrl":"https:\/\/secure.gravatar.com\/avatar\/a3d78ca6bbeca68c34b2ca0bfda3ab3e0a6d919e37a32ff151594431fef523af?s=96&d=mm&r=g","caption":"Laurence"},"url":"https:\/\/www.appartement-construction.com\/content\/author\/laurence"}]}},"_links":{"self":[{"href":"https:\/\/www.appartement-construction.com\/content\/wp-json\/wp\/v2\/posts\/9547","targetHints":{"allow":["GET"]}}],"collection":[{"href":"https:\/\/www.appartement-construction.com\/content\/wp-json\/wp\/v2\/posts"}],"about":[{"href":"https:\/\/www.appartement-construction.com\/content\/wp-json\/wp\/v2\/types\/post"}],"author":[{"embeddable":true,"href":"https:\/\/www.appartement-construction.com\/content\/wp-json\/wp\/v2\/users\/12"}],"replies":[{"embeddable":true,"href":"https:\/\/www.appartement-construction.com\/content\/wp-json\/wp\/v2\/comments?post=9547"}],"version-history":[{"count":8,"href":"https:\/\/www.appartement-construction.com\/content\/wp-json\/wp\/v2\/posts\/9547\/revisions"}],"predecessor-version":[{"id":9842,"href":"https:\/\/www.appartement-construction.com\/content\/wp-json\/wp\/v2\/posts\/9547\/revisions\/9842"}],"wp:featuredmedia":[{"embeddable":true,"href":"https:\/\/www.appartement-construction.com\/content\/wp-json\/wp\/v2\/media\/9550"}],"wp:attachment":[{"href":"https:\/\/www.appartement-construction.com\/content\/wp-json\/wp\/v2\/media?parent=9547"}],"wp:term":[{"taxonomy":"category","embeddable":true,"href":"https:\/\/www.appartement-construction.com\/content\/wp-json\/wp\/v2\/categories?post=9547"},{"taxonomy":"post_tag","embeddable":true,"href":"https:\/\/www.appartement-construction.com\/content\/wp-json\/wp\/v2\/tags?post=9547"}],"curies":[{"name":"wp","href":"https:\/\/api.w.org\/{rel}","templated":true}]}}